{"id":1286,"date":"2008-08-07T09:48:34","date_gmt":"2008-08-07T09:48:34","guid":{"rendered":"http:\/\/www.po-l.com\/wordpress\/?p=1286"},"modified":"2012-05-15T09:37:01","modified_gmt":"2012-05-15T07:37:01","slug":"con-prendre-queue-d-halle","status":"publish","type":"post","link":"https:\/\/www.wallendorff.com\/belogue\/2008\/08\/07\/con-prendre-queue-d-halle\/","title":{"rendered":"Con prendre queue d&rsquo;halle."},"content":{"rendered":"<div id=\"photo\">\n<p><img decoding=\"async\" src=\"https:\/\/www.wallendorff.com\/belogue\/photo\/2008\/08\/20080807.jpg\" \/><br \/>\n   Grande Halle de la Villette, Paris, 12 juilllet.<\/p>\n<\/div>\n<div id=\"bandeson\">\n<p><img decoding=\"async\" src=\"https:\/\/www.wallendorff.com\/belogue\/photo\/pochettes\/s\/she_&#038;_him-volume_one.jpg\" align=\"left\" \/>&nbsp;<a href=\"http:\/\/www.sheandhim.com\">She &amp; Him<\/a> &ndash; <em>Black Hole<\/em><\/p>\n<\/p><\/div>\n<p><a href=\"http:\/\/www.lunion.presse.fr\/index.php\/cms\/13\/article\/162861\/\">Le Tour d&rsquo;Ardenne en laie de 50&nbsp;tonnes avance<\/a>, <a href=\"http:\/\/www.motorcityrocks.com\">MCR<\/a> sort de vieilles VHS des cartons et joue &agrave;&nbsp;<em><a href=\"http:\/\/www.motorcityrocks.com\/2008\/08\/spot-cameo.htm\">Where&rsquo;re Courgette et Past&egrave;que<\/a><\/em><sup>1<\/sup> et  je retourne me coucher.  <\/p>\n<div id=\"bas_note\">\n<p>_____<\/p>\n<p><sup>1<\/sup> 48<sup>e<\/sup> seconde, pour les press&eacute;s. <\/p>\n<\/p><\/div>\n","protected":false},"excerpt":{"rendered":"<p>Grande Halle de la Villette, Paris, 12 juilllet. &nbsp;She &amp; Him &ndash; Black Hole Le Tour d&rsquo;Ardenne en laie de 50&nbsp;tonnes avance, MCR sort de vieilles VHS des cartons et joue &agrave;&nbsp;Where&rsquo;re Courgette et Past&egrave;que1 et je retourne me coucher. _____ 1 48e seconde, pour les press&eacute;s.<\/p>\n","protected":false},"author":1,"featured_media":25211,"comment_status":"open","ping_status":"open","sticky":false,"template":"","format":"standard","meta":{"_acf_changed":false,"ngg_post_thumbnail":0,"jetpack_post_was_ever_published":false,"_jetpack_newsletter_access":"","_jetpack_dont_email_post_to_subs":false,"_jetpack_newsletter_tier_id":0,"_jetpack_memberships_contains_paywalled_content":false,"_jetpack_memberships_contains_paid_content":false,"footnotes":"","jetpack_publicize_message":"","jetpack_publicize_feature_enabled":true,"jetpack_social_post_already_shared":false,"jetpack_social_options":{"image_generator_settings":{"template":"highway","default_image_id":0,"font":"","enabled":false},"version":2}},"categories":[3],"tags":[10268,2513,142,132,10120,10496,10121,10269,10098,2512],"class_list":["post-1286","post","type-post","status-publish","format-standard","has-post-thumbnail","hentry","category-dpc","tag-10268","tag-black-hole","tag-ef-s-10-22-mm-f35-45-usm","tag-eos-20d","tag-france","tag-grande-halle-de-la-villette","tag-ile-de-france","tag-parc-de-la-villette","tag-paris","tag-she-him"],"acf":[],"geo":{"latitude":48.8918304,"longitude":2.3894405,"description":null},"jetpack_publicize_connections":[],"jetpack_featured_media_url":"https:\/\/www.wallendorff.com\/belogue\/wp-content\/uploads\/2015\/04\/200808071.jpg","jetpack_shortlink":"https:\/\/wp.me\/p3b35P-kK","jetpack_sharing_enabled":true,"jetpack-related-posts":[{"id":21018,"url":"https:\/\/www.wallendorff.com\/belogue\/2013\/05\/27\/the-flaming-lips-villette-sonique-grande-halle-de-la-villette-paris-24-mai\/","url_meta":{"origin":1286,"position":0},"title":"The Flaming Lips @ Villette Sonique, Grande Halle de la Villette, Paris, 24 mai.","author":"dpc","date":"27 mai 2013","format":false,"excerpt":"\u00a0","rel":"","context":"Dans &quot;Alive&quot;","block_context":{"text":"Alive","link":"https:\/\/www.wallendorff.com\/belogue\/category\/alive\/"},"img":{"alt_text":"","src":"https:\/\/i0.wp.com\/www.wallendorff.com\/belogue\/wp-content\/uploads\/2015\/04\/201305271.jpg?resize=350%2C200&ssl=1","width":350,"height":200,"srcset":"https:\/\/i0.wp.com\/www.wallendorff.com\/belogue\/wp-content\/uploads\/2015\/04\/201305271.jpg?resize=350%2C200&ssl=1 1x, https:\/\/i0.wp.com\/www.wallendorff.com\/belogue\/wp-content\/uploads\/2015\/04\/201305271.jpg?resize=525%2C300&ssl=1 1.5x, https:\/\/i0.wp.com\/www.wallendorff.com\/belogue\/wp-content\/uploads\/2015\/04\/201305271.jpg?resize=700%2C400&ssl=1 2x"},"classes":[]},{"id":7642,"url":"https:\/\/www.wallendorff.com\/belogue\/2010\/06\/06\/menomena-junip-la-fleche-dor-paris\/","url_meta":{"origin":1286,"position":1},"title":"Menomena + Junip @ la Fl\u00e8che d&rsquo;Or, Paris.","author":"dpc","date":"6 juin 2010","format":false,"excerpt":"\u00a0Junip \u2013 Far Away Junip Menomena","rel":"","context":"Dans &quot;Alive&quot;","block_context":{"text":"Alive","link":"https:\/\/www.wallendorff.com\/belogue\/category\/alive\/"},"img":{"alt_text":"","src":"https:\/\/i0.wp.com\/www.wallendorff.com\/belogue\/wp-content\/uploads\/2015\/04\/201006061.jpg?resize=350%2C200&ssl=1","width":350,"height":200,"srcset":"https:\/\/i0.wp.com\/www.wallendorff.com\/belogue\/wp-content\/uploads\/2015\/04\/201006061.jpg?resize=350%2C200&ssl=1 1x, https:\/\/i0.wp.com\/www.wallendorff.com\/belogue\/wp-content\/uploads\/2015\/04\/201006061.jpg?resize=525%2C300&ssl=1 1.5x, https:\/\/i0.wp.com\/www.wallendorff.com\/belogue\/wp-content\/uploads\/2015\/04\/201006061.jpg?resize=700%2C400&ssl=1 2x"},"classes":[]},{"id":7647,"url":"https:\/\/www.wallendorff.com\/belogue\/2010\/06\/07\/come-on-lets-start-the-healing\/","url_meta":{"origin":1286,"position":2},"title":"Come on let&rsquo;s start the healing.","author":"dpc","date":"7 juin 2010","format":false,"excerpt":"Cimeti\u00e8re du Montparnasse, Paris, 5 juin. Huhuhu. \u00a0The Icarus Line \u2013 On the Lash","rel":"","context":"Dans &quot;DPC&quot;","block_context":{"text":"DPC","link":"https:\/\/www.wallendorff.com\/belogue\/category\/dpc\/"},"img":{"alt_text":"","src":"https:\/\/i0.wp.com\/www.wallendorff.com\/belogue\/wp-content\/uploads\/2015\/04\/201006071.jpg?resize=350%2C200&ssl=1","width":350,"height":200,"srcset":"https:\/\/i0.wp.com\/www.wallendorff.com\/belogue\/wp-content\/uploads\/2015\/04\/201006071.jpg?resize=350%2C200&ssl=1 1x, https:\/\/i0.wp.com\/www.wallendorff.com\/belogue\/wp-content\/uploads\/2015\/04\/201006071.jpg?resize=525%2C300&ssl=1 1.5x"},"classes":[]},{"id":7640,"url":"https:\/\/www.wallendorff.com\/belogue\/2010\/06\/05\/fond-de-tiroir-10\/","url_meta":{"origin":1286,"position":3},"title":"Fond de tiroir #10.","author":"dpc","date":"5 juin 2010","format":false,"excerpt":"Quatri\u00e8me \u00c9glise Presbyt\u00e9rienne, Chicago, 30 avril 2009. \u00a0Sea of Bees \u2013 Marmalade","rel":"","context":"Dans &quot;DPC&quot;","block_context":{"text":"DPC","link":"https:\/\/www.wallendorff.com\/belogue\/category\/dpc\/"},"img":{"alt_text":"","src":"https:\/\/i0.wp.com\/www.wallendorff.com\/belogue\/wp-content\/uploads\/2015\/04\/201006051.jpg?resize=350%2C200&ssl=1","width":350,"height":200},"classes":[]},{"id":30624,"url":"https:\/\/www.wallendorff.com\/belogue\/2016\/04\/04\/stalingrad\/","url_meta":{"origin":1286,"position":4},"title":"Stalingrad.","author":"dpc","date":"4 avril 2016","format":false,"excerpt":"Boulevard de la Villette, Paris, 23 janvier. Boulevard de la Villette, Paris, 23 janvier. Boulevard de la Villette, Paris, 23 janvier. Stuntman Kasabian","rel":"","context":"Dans &quot;DPC&quot;","block_context":{"text":"DPC","link":"https:\/\/www.wallendorff.com\/belogue\/category\/dpc\/"},"img":{"alt_text":"","src":"https:\/\/i0.wp.com\/www.wallendorff.com\/belogue\/wp-content\/uploads\/2016\/04\/20160404-03.jpg?resize=350%2C200&ssl=1","width":350,"height":200,"srcset":"https:\/\/i0.wp.com\/www.wallendorff.com\/belogue\/wp-content\/uploads\/2016\/04\/20160404-03.jpg?resize=350%2C200&ssl=1 1x, https:\/\/i0.wp.com\/www.wallendorff.com\/belogue\/wp-content\/uploads\/2016\/04\/20160404-03.jpg?resize=525%2C300&ssl=1 1.5x, https:\/\/i0.wp.com\/www.wallendorff.com\/belogue\/wp-content\/uploads\/2016\/04\/20160404-03.jpg?resize=700%2C400&ssl=1 2x"},"classes":[]},{"id":143,"url":"https:\/\/www.wallendorff.com\/belogue\/2006\/05\/06\/dechiffrer-des-lettres\/","url_meta":{"origin":1286,"position":5},"title":"D&eacute;chiffrer des lettres.","author":"dpc","date":"6 mai 2006","format":false,"excerpt":"Boulevard de la Villette, Paris, 30 avril. \u00a1Vamos! \u00a0Saturday Looks Good to Me \u2014 Diary","rel":"","context":"Dans &quot;DPC&quot;","block_context":{"text":"DPC","link":"https:\/\/www.wallendorff.com\/belogue\/category\/dpc\/"},"img":{"alt_text":"","src":"https:\/\/i0.wp.com\/www.wallendorff.com\/belogue\/wp-content\/uploads\/2015\/04\/200605061.jpg?resize=350%2C200&ssl=1","width":350,"height":200},"classes":[]}],"_links":{"self":[{"href":"https:\/\/www.wallendorff.com\/belogue\/wp-json\/wp\/v2\/posts\/1286","targetHints":{"allow":["GET"]}}],"collection":[{"href":"https:\/\/www.wallendorff.com\/belogue\/wp-json\/wp\/v2\/posts"}],"about":[{"href":"https:\/\/www.wallendorff.com\/belogue\/wp-json\/wp\/v2\/types\/post"}],"author":[{"embeddable":true,"href":"https:\/\/www.wallendorff.com\/belogue\/wp-json\/wp\/v2\/users\/1"}],"replies":[{"embeddable":true,"href":"https:\/\/www.wallendorff.com\/belogue\/wp-json\/wp\/v2\/comments?post=1286"}],"version-history":[{"count":1,"href":"https:\/\/www.wallendorff.com\/belogue\/wp-json\/wp\/v2\/posts\/1286\/revisions"}],"predecessor-version":[{"id":17313,"href":"https:\/\/www.wallendorff.com\/belogue\/wp-json\/wp\/v2\/posts\/1286\/revisions\/17313"}],"wp:featuredmedia":[{"embeddable":true,"href":"https:\/\/www.wallendorff.com\/belogue\/wp-json\/wp\/v2\/media\/25211"}],"wp:attachment":[{"href":"https:\/\/www.wallendorff.com\/belogue\/wp-json\/wp\/v2\/media?parent=1286"}],"wp:term":[{"taxonomy":"category","embeddable":true,"href":"https:\/\/www.wallendorff.com\/belogue\/wp-json\/wp\/v2\/categories?post=1286"},{"taxonomy":"post_tag","embeddable":true,"href":"https:\/\/www.wallendorff.com\/belogue\/wp-json\/wp\/v2\/tags?post=1286"}],"curies":[{"name":"wp","href":"https:\/\/api.w.org\/{rel}","templated":true}]}}