{"id":12854,"date":"2011-06-09T10:05:09","date_gmt":"2011-06-09T08:05:09","guid":{"rendered":"http:\/\/www.po-l.com\/belogue\/?p=12854"},"modified":"2012-03-16T10:46:16","modified_gmt":"2012-03-16T08:46:16","slug":"parenthese","status":"publish","type":"post","link":"https:\/\/www.wallendorff.com\/belogue\/2011\/06\/09\/parenthese\/","title":{"rendered":"Parenth\u00e8se."},"content":{"rendered":"\n<div id=\"photo\">\n<p><img decoding=\"async\" src=\"https:\/\/www.wallendorff.com\/belogue\/photo\/2011\/06\/20110609.jpg\" \/><\/p>\n<\/p><\/div>\n<div id=\"bandeson\">\n<p><img decoding=\"async\" src=\"https:\/\/www.wallendorff.com\/belogue\/photo\/pochettes\/t\/thee_oh_sees-castlemania.jpg\" align=\"left\" \/>&nbsp;<a href=\"http:\/\/www.theeohsees.com\">Thee Oh Sees<\/a> &ndash; <em>I Need Seed<\/em><\/p>\n<\/p><\/div>\n","protected":false},"excerpt":{"rendered":"<p>&nbsp;Thee Oh Sees &ndash; I Need Seed<\/p>\n","protected":false},"author":1,"featured_media":26013,"comment_status":"open","ping_status":"open","sticky":false,"template":"","format":"standard","meta":{"_acf_changed":false,"ngg_post_thumbnail":0,"jetpack_post_was_ever_published":false,"_jetpack_newsletter_access":"","_jetpack_dont_email_post_to_subs":false,"_jetpack_newsletter_tier_id":0,"_jetpack_memberships_contains_paywalled_content":false,"_jetpack_memberships_contains_paid_content":false,"footnotes":"","jetpack_publicize_message":"","jetpack_publicize_feature_enabled":true,"jetpack_social_post_already_shared":false,"jetpack_social_options":{"image_generator_settings":{"template":"highway","default_image_id":0,"font":"","enabled":false},"version":2}},"categories":[3],"tags":[10125,4956,4957,4959,10899],"class_list":["post-12854","post","type-post","status-publish","format-standard","has-post-thumbnail","hentry","category-dpc","tag-dessin","tag-gille-de-binche","tag-gille-de-la-tourette","tag-i-need-seed","tag-thee-oh-sees"],"acf":[],"geo":null,"jetpack_publicize_connections":[],"jetpack_featured_media_url":"https:\/\/www.wallendorff.com\/belogue\/wp-content\/uploads\/2015\/04\/201106091.jpg","jetpack_shortlink":"https:\/\/wp.me\/p3b35P-3lk","jetpack_sharing_enabled":true,"jetpack-related-posts":[{"id":23319,"url":"https:\/\/www.wallendorff.com\/belogue\/2014\/08\/27\/rock-en-seine-2014-jour-2\/","url_meta":{"origin":12854,"position":0},"title":"Rock en Seine 2014, jour 2.","author":"dpc","date":"27 ao\u00fbt 2014","format":false,"excerpt":"Une journ\u00e9e marqu\u00e9e par Jos\u00e9 Gonz\u00e1lez qui introduit Walking Lightly par \u00ab\u00a0voici une chanson sur la joie de vivre\u00a0\u00bb en faisant une t\u00eate de Droopy neurast\u00e9nique, ALB toujours aussi chouette, Thee Oh Sees qui p\u00e8tent une corde au d\u00e9marrage et retournent un peu la sc\u00e8ne de la Cascade, Joey Bada-dollar-dollar\u2026","rel":"","context":"Dans &quot;Alive&quot;","block_context":{"text":"Alive","link":"https:\/\/www.wallendorff.com\/belogue\/category\/alive\/"},"img":{"alt_text":"","src":"https:\/\/i0.wp.com\/www.wallendorff.com\/belogue\/wp-content\/uploads\/2015\/04\/201408271.jpg?resize=350%2C200&ssl=1","width":350,"height":200,"srcset":"https:\/\/i0.wp.com\/www.wallendorff.com\/belogue\/wp-content\/uploads\/2015\/04\/201408271.jpg?resize=350%2C200&ssl=1 1x, https:\/\/i0.wp.com\/www.wallendorff.com\/belogue\/wp-content\/uploads\/2015\/04\/201408271.jpg?resize=525%2C300&ssl=1 1.5x, https:\/\/i0.wp.com\/www.wallendorff.com\/belogue\/wp-content\/uploads\/2015\/04\/201408271.jpg?resize=700%2C400&ssl=1 2x"},"classes":[]},{"id":20730,"url":"https:\/\/www.wallendorff.com\/belogue\/2013\/03\/31\/mars-2013\/","url_meta":{"origin":12854,"position":1},"title":"Mars 2013.","author":"dpc","date":"31 mars 2013","format":false,"excerpt":"5 titres Sound City Players \u2013 Heaven and All (feat. Dave Grohl, Robert Levon Been & Peter Hayes) Blackmail \u2013 The Rush MS MR \u2013 Fantasy Portugal. The Man \u2013 Evil Friends The Black Angels \u2013 Don't Play with Guns Albums Sound City: Real to Reel Bleached \u2013 Ride Your\u2026","rel":"","context":"Dans &quot;Blog-note&quot;","block_context":{"text":"Blog-note","link":"https:\/\/www.wallendorff.com\/belogue\/category\/blog-note\/"},"img":{"alt_text":"","src":"https:\/\/i0.wp.com\/www.wallendorff.com\/belogue\/wp-content\/uploads\/2015\/04\/20130401-411.jpg?resize=350%2C200&ssl=1","width":350,"height":200,"srcset":"https:\/\/i0.wp.com\/www.wallendorff.com\/belogue\/wp-content\/uploads\/2015\/04\/20130401-411.jpg?resize=350%2C200&ssl=1 1x, https:\/\/i0.wp.com\/www.wallendorff.com\/belogue\/wp-content\/uploads\/2015\/04\/20130401-411.jpg?resize=525%2C300&ssl=1 1.5x, https:\/\/i0.wp.com\/www.wallendorff.com\/belogue\/wp-content\/uploads\/2015\/04\/20130401-411.jpg?resize=700%2C400&ssl=1 2x"},"classes":[]},{"id":22984,"url":"https:\/\/www.wallendorff.com\/belogue\/2014\/06\/18\/dix-ans-de-xptdr\/","url_meta":{"origin":12854,"position":2},"title":"Dix ans de XPTDR.","author":"dpc","date":"18 juin 2014","format":false,"excerpt":"N'emp\u00eache, qu'est-ce qu'on a pu rigoler en dix ans. [Et demain, le retour des photos]. Dix ans de notes QLB1. Le jour o\u00f9 mon coll\u00e8gue de bureau m'a offert mon poids en bonbons (2 novembre 2004). Le jour o\u00f9 je suis all\u00e9 travailler sans lunettes (8 juillet 2005). Le jour\u2026","rel":"","context":"Dans &quot;DPC&quot;","block_context":{"text":"DPC","link":"https:\/\/www.wallendorff.com\/belogue\/category\/dpc\/"},"img":{"alt_text":"","src":"https:\/\/i0.wp.com\/www.wallendorff.com\/images\/etoile_blanche.jpg?resize=350%2C200","width":350,"height":200},"classes":[]},{"id":43880,"url":"https:\/\/www.wallendorff.com\/belogue\/2019\/09\/30\/septembre-2019\/","url_meta":{"origin":12854,"position":3},"title":"Septembre 2019.","author":"dpc","date":"30 septembre 2019","format":false,"excerpt":"Un trottoir, une cath\u00e9drale, un restaurant, un ap\u00e9ro, un b\u00e2timent colossal, un quai de m\u00e9tropolitain, un coucher de soleil, une colline, des pyramides, une autoroute, un cr\u00e9puscule, une grotte, un lever de soleil, une jet\u00e9e, un pont, une plage, une route, une vieille ville, un ap\u00e9ro, un trottoir, un quai\u2026","rel":"","context":"Dans &quot;Blog-note&quot;","block_context":{"text":"Blog-note","link":"https:\/\/www.wallendorff.com\/belogue\/category\/blog-note\/"},"img":{"alt_text":"","src":"https:\/\/i0.wp.com\/www.wallendorff.com\/belogue\/wp-content\/uploads\/2019\/10\/20191015-15.jpg?resize=350%2C200&ssl=1","width":350,"height":200,"srcset":"https:\/\/i0.wp.com\/www.wallendorff.com\/belogue\/wp-content\/uploads\/2019\/10\/20191015-15.jpg?resize=350%2C200&ssl=1 1x, https:\/\/i0.wp.com\/www.wallendorff.com\/belogue\/wp-content\/uploads\/2019\/10\/20191015-15.jpg?resize=525%2C300&ssl=1 1.5x, https:\/\/i0.wp.com\/www.wallendorff.com\/belogue\/wp-content\/uploads\/2019\/10\/20191015-15.jpg?resize=700%2C400&ssl=1 2x, https:\/\/i0.wp.com\/www.wallendorff.com\/belogue\/wp-content\/uploads\/2019\/10\/20191015-15.jpg?resize=1050%2C600&ssl=1 3x"},"classes":[]},{"id":21542,"url":"https:\/\/www.wallendorff.com\/belogue\/2013\/08\/31\/aout-2013\/","url_meta":{"origin":12854,"position":4},"title":"Ao\u00fbt 2013.","author":"dpc","date":"31 ao\u00fbt 2013","format":false,"excerpt":"5 titres Ty Segall \u2013 The West Jagwar Ma \u2013 Man I Need The Vaccines \u2013 Melody Calling Mr. Little Jeans \u2013 Oh Sailor TV on the Radio \u2013 Mercy Albums The Icarus Line \u2013 Slave Vows Ty Segall \u2013 Sleeper Bastille \u2013 Bad Blood Franz Ferdinand \u2013 Right Thoughts,\u2026","rel":"","context":"Dans &quot;Blog-note&quot;","block_context":{"text":"Blog-note","link":"https:\/\/www.wallendorff.com\/belogue\/category\/blog-note\/"},"img":{"alt_text":"","src":"https:\/\/i0.wp.com\/www.wallendorff.com\/belogue\/wp-content\/uploads\/2015\/04\/20130903-251.jpg?resize=350%2C200&ssl=1","width":350,"height":200,"srcset":"https:\/\/i0.wp.com\/www.wallendorff.com\/belogue\/wp-content\/uploads\/2015\/04\/20130903-251.jpg?resize=350%2C200&ssl=1 1x, https:\/\/i0.wp.com\/www.wallendorff.com\/belogue\/wp-content\/uploads\/2015\/04\/20130903-251.jpg?resize=525%2C300&ssl=1 1.5x"},"classes":[]},{"id":297,"url":"https:\/\/www.wallendorff.com\/belogue\/2005\/08\/06\/binche-est-bien-mes-crochets-crocs\/","url_meta":{"origin":12854,"position":5},"title":"[Binche est bien] Mes crochets crocs.","author":"dpc","date":"6 ao\u00fbt 2005","format":false,"excerpt":"Salle communale, St-Privat-la-Montagne1, 30 juillet. \u00a0TV on the Radio \u2013 New Health Rock _____ 1 Je suis tout \u00e0 fait d'accord. On a quand m\u00eame des destinations rock n'roll, dans la vie, des fois.","rel":"","context":"Dans &quot;DPC&quot;","block_context":{"text":"DPC","link":"https:\/\/www.wallendorff.com\/belogue\/category\/dpc\/"},"img":{"alt_text":"","src":"https:\/\/i0.wp.com\/www.wallendorff.com\/belogue\/wp-content\/uploads\/2015\/04\/200508061.jpg?resize=350%2C200&ssl=1","width":350,"height":200},"classes":[]}],"_links":{"self":[{"href":"https:\/\/www.wallendorff.com\/belogue\/wp-json\/wp\/v2\/posts\/12854","targetHints":{"allow":["GET"]}}],"collection":[{"href":"https:\/\/www.wallendorff.com\/belogue\/wp-json\/wp\/v2\/posts"}],"about":[{"href":"https:\/\/www.wallendorff.com\/belogue\/wp-json\/wp\/v2\/types\/post"}],"author":[{"embeddable":true,"href":"https:\/\/www.wallendorff.com\/belogue\/wp-json\/wp\/v2\/users\/1"}],"replies":[{"embeddable":true,"href":"https:\/\/www.wallendorff.com\/belogue\/wp-json\/wp\/v2\/comments?post=12854"}],"version-history":[{"count":1,"href":"https:\/\/www.wallendorff.com\/belogue\/wp-json\/wp\/v2\/posts\/12854\/revisions"}],"predecessor-version":[{"id":16410,"href":"https:\/\/www.wallendorff.com\/belogue\/wp-json\/wp\/v2\/posts\/12854\/revisions\/16410"}],"wp:featuredmedia":[{"embeddable":true,"href":"https:\/\/www.wallendorff.com\/belogue\/wp-json\/wp\/v2\/media\/26013"}],"wp:attachment":[{"href":"https:\/\/www.wallendorff.com\/belogue\/wp-json\/wp\/v2\/media?parent=12854"}],"wp:term":[{"taxonomy":"category","embeddable":true,"href":"https:\/\/www.wallendorff.com\/belogue\/wp-json\/wp\/v2\/categories?post=12854"},{"taxonomy":"post_tag","embeddable":true,"href":"https:\/\/www.wallendorff.com\/belogue\/wp-json\/wp\/v2\/tags?post=12854"}],"curies":[{"name":"wp","href":"https:\/\/api.w.org\/{rel}","templated":true}]}}