{"id":1285,"date":"2008-08-06T10:00:53","date_gmt":"2008-08-06T10:00:53","guid":{"rendered":"http:\/\/www.po-l.com\/wordpress\/?p=1285"},"modified":"2012-05-14T09:59:07","modified_gmt":"2012-05-14T07:59:07","slug":"shooting-people-33","status":"publish","type":"post","link":"https:\/\/www.wallendorff.com\/belogue\/2008\/08\/06\/shooting-people-33\/","title":{"rendered":"Shooting people #33."},"content":{"rendered":"<div id=\"photo\">\n<p><img decoding=\"async\" src=\"https:\/\/www.wallendorff.com\/belogue\/photo\/2008\/08\/20080806.jpg\" \/><br \/>\n    Paris, 11 juillet.<\/p>\n<\/div>\n<p style=\"text-align:right\">Meet <a href=\"http:\/\/www.julietterobert.com\">Juyette<\/a>. <\/p>\n<p>&Agrave; part &ccedil;a&nbsp;:<\/p>\n<ul>\n<li>Ce nouveau Rois du L&eacute;on d&eacute;fonce<sup>1<\/sup> et annonce du beau et bon album pour la rentr&eacute;e, sisi, je vous l&rsquo;ai mis en bande-son en guise de preuve.<\/li>\n<li>Lorsque j&rsquo;&eacute;tais un na&iuml;f bambin de 8 ans, s&rsquo;amusant de choses simple l&rsquo;&eacute;t&eacute; durant comme, par exemple, d&eacute;couper tous les jours le profil de l&rsquo;&eacute;tape du Tour de France dans T&eacute;l&eacute;star et les coller bout-&agrave;-bout pour obtenir &laquo;&nbsp;une belle guirlande avec le profil du pays entier<sup>2<\/sup>&nbsp;&raquo; que je rangerais ensuite pieusement dans une vieille bo&icirc;te de pellicule 24&times;36, je ne me doutais pas que 22 piges plus tard je pourrais refaire &ccedil;a dans ma presse quotidienne r&eacute;gionale pr&eacute;f&eacute;r&eacute;e avec <a href=\"http:\/\/www.lunion.presse.fr\/index.php\/cms\/13\/article\/162121\">le parcours du Tour de l&rsquo;Ardenne en laie de 50 tonnes<\/a><sup>3<\/sup>. On vit quand m&ecirc;me dans un monde dingue. <\/li>\n<\/ul>\n<div id=\"bandeson\">\n<p><img decoding=\"async\" src=\"https:\/\/www.wallendorff.com\/belogue\/photo\/pochettes\/k\/kings_of_leon-only_by_the_night.jpg\" align=\"left\" \/> <a href=\"http:\/\/www.kingsofleon.com\">Kings of Leon<\/a> &ndash; <em>Crawl<\/em><\/p>\n<\/div>\n<div id=\"bas_note\">\n<p>_____<\/p>\n<p><sup>1<\/sup> M&ecirc;me si c&rsquo;est mal de piquer la ligne de basse du <em>Taste In Men<\/em> <a href=\"http:\/\/www.placeboworld.co.uk\/\">des copains<\/a>.<\/p>\n<p><sup>2<\/sup> Le graphiste de T&eacute;l&eacute; Star s&rsquo;&eacute;vertuant d&rsquo;ailleurs &agrave; changer l&rsquo;&eacute;chelle du plan TOUS LES JOURS dans le but sournois de pourrir mes projets cr&eacute;atifs, la dite guirlande faisait sacr&eacute;ment la gueule une fois arriv&eacute;e sur les Champs-&Eacute;lys&eacute;es.<\/p>\n<p><sup>3<\/sup> Qui, contrairement &agrave; la rumeur, ne s&rsquo;appelle pas Brigitte, mais Woinic.<\/p>\n<\/div>\n","protected":false},"excerpt":{"rendered":"<p>Paris, 11 juillet. Meet Juyette. &Agrave; part &ccedil;a&nbsp;: Ce nouveau Rois du L&eacute;on d&eacute;fonce1 et annonce du beau et bon album pour la rentr&eacute;e, sisi, je vous l&rsquo;ai mis en bande-son en guise de preuve. Lorsque j&rsquo;&eacute;tais un na&iuml;f bambin de 8 ans, s&rsquo;amusant de choses simple l&rsquo;&eacute;t&eacute; durant comme, par exemple, d&eacute;couper tous les&hellip;<\/p>\n","protected":false},"author":1,"featured_media":25210,"comment_status":"open","ping_status":"open","sticky":false,"template":"","format":"standard","meta":{"_acf_changed":false,"ngg_post_thumbnail":0,"jetpack_post_was_ever_published":false,"_jetpack_newsletter_access":"","_jetpack_dont_email_post_to_subs":false,"_jetpack_newsletter_tier_id":0,"_jetpack_memberships_contains_paywalled_content":false,"_jetpack_memberships_contains_paid_content":false,"footnotes":"","jetpack_publicize_message":"","jetpack_publicize_feature_enabled":true,"jetpack_social_post_already_shared":false,"jetpack_social_options":{"image_generator_settings":{"template":"highway","default_image_id":0,"font":"","enabled":false},"version":2}},"categories":[8],"tags":[10183,142,132,2514,10120,10121,582,143,10098],"class_list":["post-1285","post","type-post","status-publish","format-standard","has-post-thumbnail","hentry","category-portraits","tag-10183","tag-ef-s-10-22-mm-f35-45-usm","tag-eos-20d","tag-crawl","tag-france","tag-ile-de-france","tag-kings-of-leon","tag-noir-et-blanc","tag-paris"],"acf":[],"geo":{"latitude":48.8618889,"longitude":2.3855996,"description":"76 Rue de la Folie-Regnault, 75011 Paris, France"},"jetpack_publicize_connections":[],"jetpack_featured_media_url":"https:\/\/www.wallendorff.com\/belogue\/wp-content\/uploads\/2015\/04\/200808061.jpg","jetpack_shortlink":"https:\/\/wp.me\/p3b35P-kJ","jetpack_sharing_enabled":true,"jetpack-related-posts":[{"id":127185,"url":"https:\/\/www.wallendorff.com\/belogue\/2024\/01\/23\/ni-lune-ni-deux\/","url_meta":{"origin":1285,"position":0},"title":"Ni lune, ni deux.","author":"dpc","date":"23 janvier 2024","format":false,"excerpt":"Avenue du Pr\u00e9sident-Kennedy, Paris, 27 novembre 2023. J'\u00e9tais parti pour aller voir au Trocad\u00e9ro si j'y \u00e9tais, en choisissant un soir bien froid, bien humide pour \u00e9ventuellement y trouver quelques touristes esseul\u00e9s et, peut-\u00eatre, une flaque adapt\u00e9e \u00e0 la photographie de reflet nocturne de tour m\u00e9tallique de grande envergure.Passant sur\u2026","rel":"","context":"Dans &quot;DPC&quot;","block_context":{"text":"DPC","link":"https:\/\/www.wallendorff.com\/belogue\/category\/dpc\/"},"img":{"alt_text":"","src":"https:\/\/i0.wp.com\/www.wallendorff.com\/belogue\/wp-content\/uploads\/2024\/01\/20240123.jpg?resize=350%2C200&ssl=1","width":350,"height":200,"srcset":"https:\/\/i0.wp.com\/www.wallendorff.com\/belogue\/wp-content\/uploads\/2024\/01\/20240123.jpg?resize=350%2C200&ssl=1 1x, https:\/\/i0.wp.com\/www.wallendorff.com\/belogue\/wp-content\/uploads\/2024\/01\/20240123.jpg?resize=525%2C300&ssl=1 1.5x, https:\/\/i0.wp.com\/www.wallendorff.com\/belogue\/wp-content\/uploads\/2024\/01\/20240123.jpg?resize=700%2C400&ssl=1 2x, https:\/\/i0.wp.com\/www.wallendorff.com\/belogue\/wp-content\/uploads\/2024\/01\/20240123.jpg?resize=1050%2C600&ssl=1 3x"},"classes":[]},{"id":132422,"url":"https:\/\/www.wallendorff.com\/belogue\/2025\/06\/12\/jaunes-dombres\/","url_meta":{"origin":1285,"position":1},"title":"Jaunes d&rsquo;ombres.","author":"dpc","date":"12 juin 2025","format":false,"excerpt":"Tour Montparnasse, Paris, 18 avril 2024.Merci \u00e0 Lala mais pas \u00e0 Leffe\u00ae ni Twinuts\u00ae car j'ai sottement oubli\u00e9 de faire les commissions. Et \u00e0 part \u00e7a... Il y a vingt-et-un ans, les Pistons de D\u00e9troit \u00e9taient en finale NBA. Il y a vingt ans, les Pistons de D\u00e9troit \u00e9taient encore\u2026","rel":"","context":"Dans &quot;DPC&quot;","block_context":{"text":"DPC","link":"https:\/\/www.wallendorff.com\/belogue\/category\/dpc\/"},"img":{"alt_text":"","src":"https:\/\/i0.wp.com\/www.wallendorff.com\/belogue\/wp-content\/uploads\/2025\/06\/20250612-08.jpg?resize=350%2C200&ssl=1","width":350,"height":200,"srcset":"https:\/\/i0.wp.com\/www.wallendorff.com\/belogue\/wp-content\/uploads\/2025\/06\/20250612-08.jpg?resize=350%2C200&ssl=1 1x, https:\/\/i0.wp.com\/www.wallendorff.com\/belogue\/wp-content\/uploads\/2025\/06\/20250612-08.jpg?resize=525%2C300&ssl=1 1.5x, https:\/\/i0.wp.com\/www.wallendorff.com\/belogue\/wp-content\/uploads\/2025\/06\/20250612-08.jpg?resize=700%2C400&ssl=1 2x, https:\/\/i0.wp.com\/www.wallendorff.com\/belogue\/wp-content\/uploads\/2025\/06\/20250612-08.jpg?resize=1050%2C600&ssl=1 3x"},"classes":[]},{"id":124649,"url":"https:\/\/www.wallendorff.com\/belogue\/2023\/06\/12\/servus-wien-6\/","url_meta":{"origin":1285,"position":2},"title":"Servus Wien.","author":"dpc","date":"12 juin 2023","format":false,"excerpt":"[La galerie compl\u00e8te vient apr\u00e8s ce looooong texte traditionnel dont l'origine se perd dans les pr\u00e9mices de ce mill\u00e9naires.] Vienne, 14 \u2013 15 avril 2023. Can't Even Tell Soul Asylum Il y a dix-neuf ans, les Pistons de D\u00e9troit \u00e9taient en finale NBA. Il y a dix-huit ans, les Pistons\u2026","rel":"","context":"Dans &quot;DPC&quot;","block_context":{"text":"DPC","link":"https:\/\/www.wallendorff.com\/belogue\/category\/dpc\/"},"img":{"alt_text":"","src":"https:\/\/i0.wp.com\/www.wallendorff.com\/belogue\/wp-content\/uploads\/2023\/06\/20230612-09.jpg?resize=350%2C200&ssl=1","width":350,"height":200,"srcset":"https:\/\/i0.wp.com\/www.wallendorff.com\/belogue\/wp-content\/uploads\/2023\/06\/20230612-09.jpg?resize=350%2C200&ssl=1 1x, https:\/\/i0.wp.com\/www.wallendorff.com\/belogue\/wp-content\/uploads\/2023\/06\/20230612-09.jpg?resize=525%2C300&ssl=1 1.5x, https:\/\/i0.wp.com\/www.wallendorff.com\/belogue\/wp-content\/uploads\/2023\/06\/20230612-09.jpg?resize=700%2C400&ssl=1 2x, https:\/\/i0.wp.com\/www.wallendorff.com\/belogue\/wp-content\/uploads\/2023\/06\/20230612-09.jpg?resize=1050%2C600&ssl=1 3x"},"classes":[]},{"id":128261,"url":"https:\/\/www.wallendorff.com\/belogue\/2024\/06\/12\/cetait-2004\/","url_meta":{"origin":1285,"position":3},"title":"C&rsquo;\u00e9tait 2004.","author":"dpc","date":"12 juin 2024","format":false,"excerpt":"En ouvrant ce journal, il y a 20 ans, je n'aurais jamais pens\u00e9 qu'il durerait si longtemps. Mais il a tenu, d'abord sur feu 20six, puis en solitaire sur ce site, traversant les plateformes et les modes jusqu'\u00e0 aujourd'hui. MySpace, Flickr, Facebook, Instagram passent et disparaissent, mais reste ce site.Je\u2026","rel":"","context":"Dans &quot;DPC&quot;","block_context":{"text":"DPC","link":"https:\/\/www.wallendorff.com\/belogue\/category\/dpc\/"},"img":{"alt_text":"","src":"https:\/\/i0.wp.com\/www.wallendorff.com\/belogue\/wp-content\/uploads\/2024\/06\/20240612-03.jpg?resize=350%2C200&ssl=1","width":350,"height":200,"srcset":"https:\/\/i0.wp.com\/www.wallendorff.com\/belogue\/wp-content\/uploads\/2024\/06\/20240612-03.jpg?resize=350%2C200&ssl=1 1x, https:\/\/i0.wp.com\/www.wallendorff.com\/belogue\/wp-content\/uploads\/2024\/06\/20240612-03.jpg?resize=525%2C300&ssl=1 1.5x, https:\/\/i0.wp.com\/www.wallendorff.com\/belogue\/wp-content\/uploads\/2024\/06\/20240612-03.jpg?resize=700%2C400&ssl=1 2x, https:\/\/i0.wp.com\/www.wallendorff.com\/belogue\/wp-content\/uploads\/2024\/06\/20240612-03.jpg?resize=1050%2C600&ssl=1 3x"},"classes":[]},{"id":134358,"url":"https:\/\/www.wallendorff.com\/belogue\/2025\/11\/13\/encyclies\/","url_meta":{"origin":1285,"position":4},"title":"Encyclies.","author":"dpc","date":"13 novembre 2025","format":false,"excerpt":"Paris, 2015 \u2013 2024. Encyclies. Des ronds dans l\u2019eau. Ces millions d\u2019ondes de r\u00e9percussion qu'ont provoqu\u00e9 nos vies lanc\u00e9es \u00e0 pleine vitesse dans le marais du drame. Des ondes qui en ont cr\u00e9\u00e9 d\u2019autres, qui encore aujourd\u2019hui se croisent, se percutent, se conjuguent.Voil\u00e0 10 ans que les pierres de nos\u2026","rel":"","context":"Dans &quot;DPC&quot;","block_context":{"text":"DPC","link":"https:\/\/www.wallendorff.com\/belogue\/category\/dpc\/"},"img":{"alt_text":"","src":"https:\/\/i0.wp.com\/www.wallendorff.com\/belogue\/wp-content\/uploads\/2025\/11\/20251113-05.jpg?resize=350%2C200&ssl=1","width":350,"height":200,"srcset":"https:\/\/i0.wp.com\/www.wallendorff.com\/belogue\/wp-content\/uploads\/2025\/11\/20251113-05.jpg?resize=350%2C200&ssl=1 1x, https:\/\/i0.wp.com\/www.wallendorff.com\/belogue\/wp-content\/uploads\/2025\/11\/20251113-05.jpg?resize=525%2C300&ssl=1 1.5x, https:\/\/i0.wp.com\/www.wallendorff.com\/belogue\/wp-content\/uploads\/2025\/11\/20251113-05.jpg?resize=700%2C400&ssl=1 2x, https:\/\/i0.wp.com\/www.wallendorff.com\/belogue\/wp-content\/uploads\/2025\/11\/20251113-05.jpg?resize=1050%2C600&ssl=1 3x"},"classes":[]},{"id":130521,"url":"https:\/\/www.wallendorff.com\/belogue\/2024\/09\/05\/50-ans-du-sa330-puma-base-aerienne-126-solenzara-2-mai-2024\/","url_meta":{"origin":1285,"position":5},"title":"50 ans du SA330 Puma.","author":"dpc","date":"5 septembre 2024","format":false,"excerpt":"Tour Montparnasse, Paris, 18 avril 2024. Ce fut une journ\u00e9e avec de grandes premi\u00e8res et une grande d\u00e9couverte pour moi : Premi\u00e8re photos avec l'arm\u00e9e de l'Air Premi\u00e8re fois que je mets les pieds en Corse. Les vols en Hercule C130, \u00e7a fait mal aux fesses.","rel":"","context":"Dans &quot;DPC&quot;","block_context":{"text":"DPC","link":"https:\/\/www.wallendorff.com\/belogue\/category\/dpc\/"},"img":{"alt_text":"","src":"https:\/\/i0.wp.com\/www.wallendorff.com\/belogue\/wp-content\/uploads\/2024\/09\/20240905-10.jpg?resize=350%2C200&ssl=1","width":350,"height":200,"srcset":"https:\/\/i0.wp.com\/www.wallendorff.com\/belogue\/wp-content\/uploads\/2024\/09\/20240905-10.jpg?resize=350%2C200&ssl=1 1x, https:\/\/i0.wp.com\/www.wallendorff.com\/belogue\/wp-content\/uploads\/2024\/09\/20240905-10.jpg?resize=525%2C300&ssl=1 1.5x, https:\/\/i0.wp.com\/www.wallendorff.com\/belogue\/wp-content\/uploads\/2024\/09\/20240905-10.jpg?resize=700%2C400&ssl=1 2x, https:\/\/i0.wp.com\/www.wallendorff.com\/belogue\/wp-content\/uploads\/2024\/09\/20240905-10.jpg?resize=1050%2C600&ssl=1 3x"},"classes":[]}],"_links":{"self":[{"href":"https:\/\/www.wallendorff.com\/belogue\/wp-json\/wp\/v2\/posts\/1285","targetHints":{"allow":["GET"]}}],"collection":[{"href":"https:\/\/www.wallendorff.com\/belogue\/wp-json\/wp\/v2\/posts"}],"about":[{"href":"https:\/\/www.wallendorff.com\/belogue\/wp-json\/wp\/v2\/types\/post"}],"author":[{"embeddable":true,"href":"https:\/\/www.wallendorff.com\/belogue\/wp-json\/wp\/v2\/users\/1"}],"replies":[{"embeddable":true,"href":"https:\/\/www.wallendorff.com\/belogue\/wp-json\/wp\/v2\/comments?post=1285"}],"version-history":[{"count":2,"href":"https:\/\/www.wallendorff.com\/belogue\/wp-json\/wp\/v2\/posts\/1285\/revisions"}],"predecessor-version":[{"id":10877,"href":"https:\/\/www.wallendorff.com\/belogue\/wp-json\/wp\/v2\/posts\/1285\/revisions\/10877"}],"wp:featuredmedia":[{"embeddable":true,"href":"https:\/\/www.wallendorff.com\/belogue\/wp-json\/wp\/v2\/media\/25210"}],"wp:attachment":[{"href":"https:\/\/www.wallendorff.com\/belogue\/wp-json\/wp\/v2\/media?parent=1285"}],"wp:term":[{"taxonomy":"category","embeddable":true,"href":"https:\/\/www.wallendorff.com\/belogue\/wp-json\/wp\/v2\/categories?post=1285"},{"taxonomy":"post_tag","embeddable":true,"href":"https:\/\/www.wallendorff.com\/belogue\/wp-json\/wp\/v2\/tags?post=1285"}],"curies":[{"name":"wp","href":"https:\/\/api.w.org\/{rel}","templated":true}]}}