{"id":12823,"date":"2011-05-31T10:40:11","date_gmt":"2011-05-31T08:40:11","guid":{"rendered":"http:\/\/www.po-l.com\/belogue\/?p=12823"},"modified":"2012-03-10T13:18:46","modified_gmt":"2012-03-10T11:18:46","slug":"fleet-foxes-josh-t-pearson-le-bataclan-paris","status":"publish","type":"post","link":"https:\/\/www.wallendorff.com\/belogue\/2011\/05\/31\/fleet-foxes-josh-t-pearson-le-bataclan-paris\/","title":{"rendered":"Fleet Foxes + Josh T. Pearson @ le Bataclan, Paris."},"content":{"rendered":"\n<div id=\"photo\">\n<p><img decoding=\"async\" src=\"https:\/\/www.wallendorff.com\/belogue\/photo\/2011\/05\/20110531.jpg\" \/><\/p>\n<\/p><\/div>\n<div id=\"setlist\">\n<p><em>Cascades<\/em> | <em>Grown Ocean<\/em> | <em>Drops in the River<\/em> | <em>Battery Kinzie<\/em> | <em>Bedouin Dress<\/em> | <em>Sim Sala Bim<\/em> | <em>Mykonos<\/em> | <em>Your Proctector<\/em> | <em>Tiger Mountain Peasant Song<\/em> | <em>White Winter Hymnal<\/em> | <em>Ragged Wood<\/em> | <em>Lorelai<\/em> | <em>Montezuma<\/em> | <em>He Doesn&rsquo;t Know Why<\/em> | <em>The Shrine \/ An Argument<\/em> | <em>Blue Spotted Tail<\/em> | <em>Blue Ridge Mountains<\/em> || <em>Oliver James<\/em> | <em>Helplessness Blues<\/em><\/p>\n<\/p><\/div>\n<p>La soir&eacute;e d&rsquo;hier m&rsquo;a enseign&eacute; deux choses qui me serviront dans ma vie future&nbsp;:<\/p>\n<ol>\n<li>Un concert de Josh T. Pearson, &ccedil;a passe aussi vite qu&rsquo;un cours de philosophie dispens&eacute; en allemand pendant qu&rsquo;un dentiste te d&eacute;tartre les dents &agrave; la fraise &agrave; ultra-sons. Un dentiste rigolo qui te raconte des blagues entre les morceaux, certes, mais un dentiste quand m&ecirc;me.<\/li>\n<li>Au Bataclan il fait chaud [&ccedil;a on savait d&eacute;j&agrave;] M&Ecirc;ME pour les concerts de folk bisounours [&ccedil;a je ne savais pas encore]. La prochaine fois je viens en slip Mickey.<\/li>\n<\/ol>\n<p>Y a deux-trois photos en-dessous,  mais entre nous je vous sugg&egrave;re plut&ocirc;t <a href=\"https:\/\/www.wallendorff.com\/belogue\/2009\/09\/17\/fleet-foxes-blitzen-trapper-le-grand-rex-paris\/\">celles du Grand Rex de 2009<\/a>.<\/p>\n<div id=\"bandeson\">\n<p><img decoding=\"async\" src=\"https:\/\/www.wallendorff.com\/belogue\/photo\/pochettes\/b\/baby_baby-money.jpg\" align=\"left\" \/>&nbsp;<a href=\"http:\/\/www.thegospelofrhythmrecordings.com\/artist_page.php?artist_id=92\">Baby Baby<\/a> &ndash; <em>Breakin&rsquo;<\/em><\/p>\n<\/p><\/div>\n<h1>Josh T. Pearson<\/h1>ngg_shortcode_0_placeholder<h1>Fleet Foxes<\/h1>ngg_shortcode_1_placeholder","protected":false},"excerpt":{"rendered":"<p>Cascades | Grown Ocean | Drops in the River | Battery Kinzie | Bedouin Dress | Sim Sala Bim | Mykonos | Your Proctector | Tiger Mountain Peasant Song | White Winter Hymnal | Ragged Wood | Lorelai | Montezuma | He Doesn&rsquo;t Know Why | The Shrine \/ An Argument | Blue Spotted Tail&hellip;<\/p>\n","protected":false},"author":1,"featured_media":26026,"comment_status":"open","ping_status":"open","sticky":false,"template":"","format":"standard","meta":{"_acf_changed":false,"ngg_post_thumbnail":0,"jetpack_post_was_ever_published":false,"_jetpack_newsletter_access":"","_jetpack_dont_email_post_to_subs":false,"_jetpack_newsletter_tier_id":0,"_jetpack_memberships_contains_paywalled_content":false,"_jetpack_memberships_contains_paid_content":false,"footnotes":"","jetpack_publicize_message":"","jetpack_publicize_feature_enabled":true,"jetpack_social_post_already_shared":false,"jetpack_social_options":{"image_generator_settings":{"template":"highway","default_image_id":0,"font":"","enabled":false},"version":2}},"categories":[7],"tags":[10840,10183,10084,4942,4943,181,2615,10590,10120,10121,10896,10332,10098],"class_list":["post-12823","post","type-post","status-publish","format-standard","has-post-thumbnail","hentry","category-alive","tag-10840","tag-10183","tag-alive","tag-baby-baby","tag-breakin","tag-ef-70-200-mm-f28l-usm","tag-eos-5d-mark-ii","tag-fleet-foxes","tag-france","tag-ile-de-france","tag-josh-t-pearson","tag-le-bataclan","tag-paris"],"acf":[],"geo":{"latitude":48.8629417,"longitude":2.370445,"description":"1-15 Passage Saint-Pierre Amelot, 75011 Paris, France"},"jetpack_publicize_connections":[],"jetpack_featured_media_url":"https:\/\/www.wallendorff.com\/belogue\/wp-content\/uploads\/2015\/04\/201105311.jpg","jetpack_shortlink":"https:\/\/wp.me\/p3b35P-3kP","jetpack_sharing_enabled":true,"jetpack-related-posts":[{"id":130445,"url":"https:\/\/www.wallendorff.com\/belogue\/2024\/08\/31\/flogging-molly-le-bataclan-paris-27-aout-2024\/","url_meta":{"origin":12823,"position":0},"title":"Flogging Molly @ le Bataclan, Paris, 27 ao\u00fbt 2024.","author":"dpc","date":"31 ao\u00fbt 2024","format":false,"excerpt":"Drunken Lullabies | The Hand of John L. Sullivan | Swagger | (Try) Keep the Man Down | Whistles the Wind | Life in a Tenement Square | A Song of Liberty | Tobacco Island | The Croppy Boy '98 | Float | Saints & Sinners | Rebels of the\u2026","rel":"","context":"Dans &quot;Alive&quot;","block_context":{"text":"Alive","link":"https:\/\/www.wallendorff.com\/belogue\/category\/alive\/"},"img":{"alt_text":"","src":"https:\/\/i0.wp.com\/www.wallendorff.com\/belogue\/wp-content\/uploads\/2024\/08\/20240830-26.jpg?resize=350%2C200&ssl=1","width":350,"height":200,"srcset":"https:\/\/i0.wp.com\/www.wallendorff.com\/belogue\/wp-content\/uploads\/2024\/08\/20240830-26.jpg?resize=350%2C200&ssl=1 1x, https:\/\/i0.wp.com\/www.wallendorff.com\/belogue\/wp-content\/uploads\/2024\/08\/20240830-26.jpg?resize=525%2C300&ssl=1 1.5x, https:\/\/i0.wp.com\/www.wallendorff.com\/belogue\/wp-content\/uploads\/2024\/08\/20240830-26.jpg?resize=700%2C400&ssl=1 2x, https:\/\/i0.wp.com\/www.wallendorff.com\/belogue\/wp-content\/uploads\/2024\/08\/20240830-26.jpg?resize=1050%2C600&ssl=1 3x"},"classes":[]},{"id":4732,"url":"https:\/\/www.wallendorff.com\/belogue\/2009\/09\/17\/fleet-foxes-blitzen-trapper-le-grand-rex-paris\/","url_meta":{"origin":12823,"position":1},"title":"Fleet Foxes + Blitzen Trapper @ le Grand Rex, Paris.","author":"dpc","date":"17 septembre 2009","format":false,"excerpt":"\u00a0Blitzen Trapper \u2013 Furr Et sinon, j'aimerais bien savoir quel concert pr\u00e9vu dans le programme suivant m'a valu hier comme mot-cl\u00e9 entrant \u00ab\u00a0\u00a0\u00bb Blitzen Trapper Fleet Foxes \/Edit\u00a0: Ah tiens Cinema Bizarre y passe le 24 octobre, myst\u00e8re r\u00e9solu.","rel":"","context":"Dans &quot;Alive&quot;","block_context":{"text":"Alive","link":"https:\/\/www.wallendorff.com\/belogue\/category\/alive\/"},"img":{"alt_text":"","src":"https:\/\/i0.wp.com\/www.wallendorff.com\/belogue\/wp-content\/uploads\/2015\/04\/200909171.jpg?resize=350%2C200&ssl=1","width":350,"height":200,"srcset":"https:\/\/i0.wp.com\/www.wallendorff.com\/belogue\/wp-content\/uploads\/2015\/04\/200909171.jpg?resize=350%2C200&ssl=1 1x, https:\/\/i0.wp.com\/www.wallendorff.com\/belogue\/wp-content\/uploads\/2015\/04\/200909171.jpg?resize=525%2C300&ssl=1 1.5x, https:\/\/i0.wp.com\/www.wallendorff.com\/belogue\/wp-content\/uploads\/2015\/04\/200909171.jpg?resize=700%2C400&ssl=1 2x"},"classes":[]},{"id":134068,"url":"https:\/\/www.wallendorff.com\/belogue\/2025\/10\/16\/the-cat-empire-le-bataclan-paris-14-octobre-2025\/","url_meta":{"origin":12823,"position":2},"title":"The Cat Empire @ le Bataclan, Paris, 14 octobre 2025.","author":"dpc","date":"16 octobre 2025","format":false,"excerpt":"The Cat Empire @ le Bataclan, Paris, 14\/10\/2025 The Cat Empire @ le Bataclan, Paris, 14\/10\/2025 The Cat Empire @ le Bataclan, Paris, 14\/10\/2025 The Cat Empire @ le Bataclan, Paris, 14\/10\/2025 The Cat Empire @ le Bataclan, Paris, 14\/10\/2025 The Cat Empire @ le Bataclan, Paris, 14\/10\/2025 The Cat\u2026","rel":"","context":"Dans &quot;Alive&quot;","block_context":{"text":"Alive","link":"https:\/\/www.wallendorff.com\/belogue\/category\/alive\/"},"img":{"alt_text":"","src":"https:\/\/i0.wp.com\/www.wallendorff.com\/belogue\/wp-content\/uploads\/2025\/10\/20251016-12.jpg?resize=350%2C200&ssl=1","width":350,"height":200,"srcset":"https:\/\/i0.wp.com\/www.wallendorff.com\/belogue\/wp-content\/uploads\/2025\/10\/20251016-12.jpg?resize=350%2C200&ssl=1 1x, https:\/\/i0.wp.com\/www.wallendorff.com\/belogue\/wp-content\/uploads\/2025\/10\/20251016-12.jpg?resize=525%2C300&ssl=1 1.5x, https:\/\/i0.wp.com\/www.wallendorff.com\/belogue\/wp-content\/uploads\/2025\/10\/20251016-12.jpg?resize=700%2C400&ssl=1 2x, https:\/\/i0.wp.com\/www.wallendorff.com\/belogue\/wp-content\/uploads\/2025\/10\/20251016-12.jpg?resize=1050%2C600&ssl=1 3x"},"classes":[]},{"id":3998,"url":"https:\/\/www.wallendorff.com\/belogue\/2009\/03\/09\/nuit\/","url_meta":{"origin":12823,"position":3},"title":"Nuit.","author":"dpc","date":"9 mars 2009","format":false,"excerpt":"Temple Antoiniste, rue Wurtz, Paris, 25 janvier. Bloc Party\u2013 Sunday","rel":"","context":"Dans &quot;DPC&quot;","block_context":{"text":"DPC","link":"https:\/\/www.wallendorff.com\/belogue\/category\/dpc\/"},"img":{"alt_text":"","src":"https:\/\/i0.wp.com\/www.wallendorff.com\/belogue\/wp-content\/uploads\/2015\/04\/200903091.jpg?resize=350%2C200&ssl=1","width":350,"height":200},"classes":[]},{"id":814,"url":"https:\/\/www.wallendorff.com\/belogue\/2006\/10\/26\/elista-le-bataclan-paris\/","url_meta":{"origin":12823,"position":4},"title":"Elista @ Le Bataclan, Paris.","author":"dpc","date":"26 octobre 2006","format":false,"excerpt":"Ils ont s\u00e9duit en premi\u00e8re partie de The Servant hier soir, ils sont sympas, ils ont fait un chouette album y a trois ans et un encore plus chouette y a trois jours et je vous les conseille parce que pour une fois qu'un groupe fran\u00e7ais est bien, hein, profitons-en.\u2026","rel":"","context":"Dans &quot;Alive&quot;","block_context":{"text":"Alive","link":"https:\/\/www.wallendorff.com\/belogue\/category\/alive\/"},"img":{"alt_text":"","src":"https:\/\/i0.wp.com\/www.wallendorff.com\/belogue\/wp-content\/uploads\/2015\/04\/200610261.jpg?resize=350%2C200&ssl=1","width":350,"height":200},"classes":[]},{"id":4080,"url":"https:\/\/www.wallendorff.com\/belogue\/2009\/03\/28\/eagles-of-death-metal-le-bataclan-paris\/","url_meta":{"origin":12823,"position":5},"title":"Eagles of Death Metal @ le Bataclan, Paris.","author":"dpc","date":"28 mars 2009","format":false,"excerpt":"\u00a0 Ghinzu \u2013 Kill the Surfer Il y a quelque chose de jouissif \u00e0 se faire \u00e9craser par les rangs de derri\u00e8re alors qu'on s'agrippe d'une main \u00e0 la sc\u00e8ne et que de l'autre on tient le fotoapparat, tout bloqu\u00e9 en manuel et en autofocus \u00e0 t\u00eate chercheuse. On n'est\u2026","rel":"","context":"Dans &quot;Alive&quot;","block_context":{"text":"Alive","link":"https:\/\/www.wallendorff.com\/belogue\/category\/alive\/"},"img":{"alt_text":"","src":"https:\/\/i0.wp.com\/www.wallendorff.com\/belogue\/wp-content\/uploads\/2015\/04\/200903281.jpg?resize=350%2C200&ssl=1","width":350,"height":200,"srcset":"https:\/\/i0.wp.com\/www.wallendorff.com\/belogue\/wp-content\/uploads\/2015\/04\/200903281.jpg?resize=350%2C200&ssl=1 1x, https:\/\/i0.wp.com\/www.wallendorff.com\/belogue\/wp-content\/uploads\/2015\/04\/200903281.jpg?resize=525%2C300&ssl=1 1.5x, https:\/\/i0.wp.com\/www.wallendorff.com\/belogue\/wp-content\/uploads\/2015\/04\/200903281.jpg?resize=700%2C400&ssl=1 2x"},"classes":[]}],"_links":{"self":[{"href":"https:\/\/www.wallendorff.com\/belogue\/wp-json\/wp\/v2\/posts\/12823","targetHints":{"allow":["GET"]}}],"collection":[{"href":"https:\/\/www.wallendorff.com\/belogue\/wp-json\/wp\/v2\/posts"}],"about":[{"href":"https:\/\/www.wallendorff.com\/belogue\/wp-json\/wp\/v2\/types\/post"}],"author":[{"embeddable":true,"href":"https:\/\/www.wallendorff.com\/belogue\/wp-json\/wp\/v2\/users\/1"}],"replies":[{"embeddable":true,"href":"https:\/\/www.wallendorff.com\/belogue\/wp-json\/wp\/v2\/comments?post=12823"}],"version-history":[{"count":3,"href":"https:\/\/www.wallendorff.com\/belogue\/wp-json\/wp\/v2\/posts\/12823\/revisions"}],"predecessor-version":[{"id":16325,"href":"https:\/\/www.wallendorff.com\/belogue\/wp-json\/wp\/v2\/posts\/12823\/revisions\/16325"}],"wp:featuredmedia":[{"embeddable":true,"href":"https:\/\/www.wallendorff.com\/belogue\/wp-json\/wp\/v2\/media\/26026"}],"wp:attachment":[{"href":"https:\/\/www.wallendorff.com\/belogue\/wp-json\/wp\/v2\/media?parent=12823"}],"wp:term":[{"taxonomy":"category","embeddable":true,"href":"https:\/\/www.wallendorff.com\/belogue\/wp-json\/wp\/v2\/categories?post=12823"},{"taxonomy":"post_tag","embeddable":true,"href":"https:\/\/www.wallendorff.com\/belogue\/wp-json\/wp\/v2\/tags?post=12823"}],"curies":[{"name":"wp","href":"https:\/\/api.w.org\/{rel}","templated":true}]}}