{"id":128,"date":"2006-04-18T10:01:38","date_gmt":"2006-04-18T10:01:38","guid":{"rendered":"http:\/\/www.po-l.com\/wordpress\/?p=128"},"modified":"2012-03-08T13:20:33","modified_gmt":"2012-03-08T11:20:33","slug":"l-orient-tech-s-presse","status":"publish","type":"post","link":"https:\/\/www.wallendorff.com\/belogue\/2006\/04\/18\/l-orient-tech-s-presse\/","title":{"rendered":"L&rsquo;orient-tech s&rsquo;presse."},"content":{"rendered":"\n<div id=\"photo\">\n<p><img decoding=\"async\" src=\"http:\/\/www.po-L.com\/belogue\/photo\/2006\/04\/20060418.jpg\" \/><br \/>\n          Place de la Sorbonne, Paris, 9 avril.<\/p>\n<\/p><\/div>\n<p style=\"text-align:right\">Et l&agrave;, <a href=\"http:\/\/vox.skynetblogs.be\">il<\/a> nous claque une session acoustique d&rsquo;<a href=\"http:\/\/www.isobelcampbell.com\">Isobel Campbell<\/a> sans <a href=\"http:\/\/www.marklanegan.com\">Mark Lanegan<\/a>, mais avec de vrais [bons] morceaux de <em>Ramblin&rsquo; Man<\/em>, de <em>Honey Child What Can I Do?<\/em> et de <em>Revolver<\/em> dedans, enrob&eacute;s dans une voix douce comme du satin qui te r&eacute;veille encore plus en douceur qu&rsquo;un th&eacute; &agrave; la menthe sucr&eacute;.<\/p>\n<p style=\"text-align:right\">Ce mec et son &eacute;mission sont en train de devenir ma principale raison de me lever du <strike>&nbsp;lundi&nbsp;<\/strike> <strike>&nbsp;mardi&nbsp;<\/strike> premierjourdelasemaine matin, je crois<sup>1<\/sup>.<\/p>\n<div id=\"bandeson\">\n<p><img decoding=\"async\" src=\"https:\/\/www.wallendorff.com\/belogue\/photo\/pochettes\/r\/raconteurs_the-broken_boy_soldiers.jpg\" align=\"left\" \/>&nbsp;<a href=\"http:\/\/www.theraconteurs.com\">The Raconteurs<\/a> &ndash; <em>Intimate Secretary<\/em><\/p>\n<\/div>\n<p>_____<\/p>\n<div id=\"bas_note\">\n<p><sup>1<\/sup> Ainsi que mon principal sujet de note du <strike>&nbsp;lundi&nbsp;<\/strike> <strike>&nbsp;mardi&nbsp;<\/strike> premierjourdelasemaine matin, je sais. <\/p>\n<\/p><\/div>\n","protected":false},"excerpt":{"rendered":"<p>Place de la Sorbonne, Paris, 9 avril. Et l&agrave;, il nous claque une session acoustique d&rsquo;Isobel Campbell sans Mark Lanegan, mais avec de vrais [bons] morceaux de Ramblin&rsquo; Man, de Honey Child What Can I Do? et de Revolver dedans, enrob&eacute;s dans une voix douce comme du satin qui te r&eacute;veille encore plus en douceur&hellip;<\/p>\n","protected":false},"author":1,"featured_media":24062,"comment_status":"open","ping_status":"open","sticky":false,"template":"","format":"standard","meta":{"_acf_changed":false,"ngg_post_thumbnail":0,"jetpack_post_was_ever_published":false,"_jetpack_newsletter_access":"","_jetpack_dont_email_post_to_subs":false,"_jetpack_newsletter_tier_id":0,"_jetpack_memberships_contains_paywalled_content":false,"_jetpack_memberships_contains_paid_content":false,"footnotes":"","jetpack_publicize_message":"","jetpack_publicize_feature_enabled":true,"jetpack_social_post_already_shared":false,"jetpack_social_options":{"image_generator_settings":{"template":"highway","default_image_id":0,"font":"","enabled":false},"version":2}},"categories":[3],"tags":[10239,132,10120,10121,1555,10362,10363,10098,1554,10272,173,1493,180],"class_list":["post-128","post","type-post","status-publish","format-standard","has-post-thumbnail","hentry","category-dpc","tag-10239","tag-eos-20d","tag-france","tag-ile-de-france","tag-intimate-secretary","tag-isobel-campbell","tag-mark-lanegan","tag-paris","tag-place-de-la-sorbonne","tag-portrait","tag-sigma-28-70-mm-f28-dg-ex","tag-the-raconteurs","tag-vox"],"acf":[],"geo":{"latitude":48.8487206,"longitude":2.3418045,"description":null},"jetpack_publicize_connections":[],"jetpack_featured_media_url":"https:\/\/www.wallendorff.com\/belogue\/wp-content\/uploads\/2015\/04\/200604181.jpg","jetpack_shortlink":"https:\/\/wp.me\/p3b35P-24","jetpack_sharing_enabled":true,"jetpack-related-posts":[{"id":3649,"url":"https:\/\/www.wallendorff.com\/belogue\/2008\/12\/04\/isobel-campbell-mark-lanegan-le-trabendo-paris\/","url_meta":{"origin":128,"position":0},"title":"Isobel Campbell &#038; Mark Lanegan @ le Trabendo, Paris.","author":"dpc","date":"4 d\u00e9cembre 2008","format":false,"excerpt":"Isobel Campbell & Mark Lanegan \u2013 Ramblin' Man (Hank William cover) Le truc le plus dingue \u00e0 retenir de la soir\u00e9e, \u00e7a reste que le Mark Lanegan, il porte les m\u00eames pompes que moi, ce qui montre bien qu'il est rock en 2008. \u00c0 part \u00e7a ce Trabendo aura \u00e9t\u00e9\u2026","rel":"","context":"Dans &quot;Alive&quot;","block_context":{"text":"Alive","link":"https:\/\/www.wallendorff.com\/belogue\/category\/alive\/"},"img":{"alt_text":"","src":"https:\/\/i0.wp.com\/www.wallendorff.com\/belogue\/wp-content\/uploads\/2015\/04\/200812041.jpg?resize=350%2C200&ssl=1","width":350,"height":200,"srcset":"https:\/\/i0.wp.com\/www.wallendorff.com\/belogue\/wp-content\/uploads\/2015\/04\/200812041.jpg?resize=350%2C200&ssl=1 1x, https:\/\/i0.wp.com\/www.wallendorff.com\/belogue\/wp-content\/uploads\/2015\/04\/200812041.jpg?resize=525%2C300&ssl=1 1.5x, https:\/\/i0.wp.com\/www.wallendorff.com\/belogue\/wp-content\/uploads\/2015\/04\/200812041.jpg?resize=700%2C400&ssl=1 2x"},"classes":[]},{"id":8904,"url":"https:\/\/www.wallendorff.com\/belogue\/2010\/09\/12\/isobel-campbell-mark-lanegan-damien-jurado-willy-mason-le-cafe-de-la-danse-paris\/","url_meta":{"origin":128,"position":1},"title":"Isobel Campbell &#038; Mark Lanegan + Damien Jurado + Willy Mason @ le Caf\u00e9 de la Danse, Paris.","author":"dpc","date":"12 septembre 2010","format":false,"excerpt":"La formule a \u00e9volu\u00e9 en deux ans. C'est une bonne chose, d'ailleurs, quand on consid\u00e8re ce Sunday at Devil's Dirt qui, en 2008, laissait un arri\u00e8re-go\u00fbt de redite pas vraiment \u00e0 la hauteur de Ballads of the Broken Seas. Sur Hawk, Campbell et Lanegan ont vari\u00e9 les plaisirs, invitant du\u2026","rel":"","context":"Dans &quot;Alive&quot;","block_context":{"text":"Alive","link":"https:\/\/www.wallendorff.com\/belogue\/category\/alive\/"},"img":{"alt_text":"","src":"https:\/\/i0.wp.com\/www.wallendorff.com\/belogue\/wp-content\/uploads\/2015\/04\/201009121.jpg?resize=350%2C200&ssl=1","width":350,"height":200,"srcset":"https:\/\/i0.wp.com\/www.wallendorff.com\/belogue\/wp-content\/uploads\/2015\/04\/201009121.jpg?resize=350%2C200&ssl=1 1x, https:\/\/i0.wp.com\/www.wallendorff.com\/belogue\/wp-content\/uploads\/2015\/04\/201009121.jpg?resize=525%2C300&ssl=1 1.5x, https:\/\/i0.wp.com\/www.wallendorff.com\/belogue\/wp-content\/uploads\/2015\/04\/201009121.jpg?resize=700%2C400&ssl=1 2x"},"classes":[]},{"id":1244,"url":"https:\/\/www.wallendorff.com\/belogue\/2008\/06\/07\/isobel-campbell-mark-lanegan-la-cigale-paris\/","url_meta":{"origin":128,"position":2},"title":"Isobel Campbell &amp; Mark Lanegan @ la Cigale, Paris.","author":"dpc","date":"7 juin 2008","format":false,"excerpt":"Puisque c'est de saison\u00a0: \u00a0Isobel Campbell & Mark Lanegan \u2013 Honeychild, What Can I Do?","rel":"","context":"Dans &quot;Alive&quot;","block_context":{"text":"Alive","link":"https:\/\/www.wallendorff.com\/belogue\/category\/alive\/"},"img":{"alt_text":"","src":"https:\/\/i0.wp.com\/www.wallendorff.com\/belogue\/wp-content\/uploads\/2015\/04\/200806071.jpg?resize=350%2C200&ssl=1","width":350,"height":200,"srcset":"https:\/\/i0.wp.com\/www.wallendorff.com\/belogue\/wp-content\/uploads\/2015\/04\/200806071.jpg?resize=350%2C200&ssl=1 1x, https:\/\/i0.wp.com\/www.wallendorff.com\/belogue\/wp-content\/uploads\/2015\/04\/200806071.jpg?resize=525%2C300&ssl=1 1.5x, https:\/\/i0.wp.com\/www.wallendorff.com\/belogue\/wp-content\/uploads\/2015\/04\/200806071.jpg?resize=700%2C400&ssl=1 2x"},"classes":[]},{"id":12726,"url":"https:\/\/www.wallendorff.com\/belogue\/2011\/05\/10\/follow-ii\/","url_meta":{"origin":128,"position":3},"title":"Follow [II].","author":"dpc","date":"10 mai 2011","format":false,"excerpt":"Rue Andr\u00e9-Antoine, Paris, 20 avril. \u00a0Isobel Campbell & Mark Lanegan \u2013 Something to Believe","rel":"","context":"Dans &quot;DPC&quot;","block_context":{"text":"DPC","link":"https:\/\/www.wallendorff.com\/belogue\/category\/dpc\/"},"img":{"alt_text":"","src":"https:\/\/i0.wp.com\/www.wallendorff.com\/belogue\/wp-content\/uploads\/2015\/04\/201105101.jpg?resize=350%2C200&ssl=1","width":350,"height":200},"classes":[]},{"id":122,"url":"https:\/\/www.wallendorff.com\/belogue\/2006\/04\/12\/gris-grille\/","url_meta":{"origin":128,"position":4},"title":"Gris grille.","author":"dpc","date":"12 avril 2006","format":false,"excerpt":"Paris, 9 avril. (Y a quand m\u00eame des fois o\u00f9 j'ai l'impression de passer mon temps \u00e0 faire et refaire les m\u00eames photos.) But when that open road starts to calling me There's something over the hill that I gotta see Sometimes it's hard but you gotta understand When the\u2026","rel":"","context":"Dans &quot;DPC&quot;","block_context":{"text":"DPC","link":"https:\/\/www.wallendorff.com\/belogue\/category\/dpc\/"},"img":{"alt_text":"","src":"https:\/\/i0.wp.com\/www.wallendorff.com\/belogue\/wp-content\/uploads\/2015\/04\/200604121.jpg?resize=350%2C200&ssl=1","width":350,"height":200},"classes":[]},{"id":7410,"url":"https:\/\/www.wallendorff.com\/belogue\/2010\/04\/19\/vassal-amer\/","url_meta":{"origin":128,"position":5},"title":"Vassal amer.","author":"dpc","date":"19 avril 2010","format":false,"excerpt":"Dieppe, 20 mars. Titre pourri en d\u00e9tournant Calogero. Y a vraiment pas de quoi \u00eatre fier. \u00a0Isobel Campbell & Mark Lanegan \u2013 Seafaring Song","rel":"","context":"Dans &quot;DPC&quot;","block_context":{"text":"DPC","link":"https:\/\/www.wallendorff.com\/belogue\/category\/dpc\/"},"img":{"alt_text":"","src":"https:\/\/i0.wp.com\/www.wallendorff.com\/belogue\/wp-content\/uploads\/2015\/04\/201004191.jpg?resize=350%2C200&ssl=1","width":350,"height":200},"classes":[]}],"_links":{"self":[{"href":"https:\/\/www.wallendorff.com\/belogue\/wp-json\/wp\/v2\/posts\/128","targetHints":{"allow":["GET"]}}],"collection":[{"href":"https:\/\/www.wallendorff.com\/belogue\/wp-json\/wp\/v2\/posts"}],"about":[{"href":"https:\/\/www.wallendorff.com\/belogue\/wp-json\/wp\/v2\/types\/post"}],"author":[{"embeddable":true,"href":"https:\/\/www.wallendorff.com\/belogue\/wp-json\/wp\/v2\/users\/1"}],"replies":[{"embeddable":true,"href":"https:\/\/www.wallendorff.com\/belogue\/wp-json\/wp\/v2\/comments?post=128"}],"version-history":[{"count":1,"href":"https:\/\/www.wallendorff.com\/belogue\/wp-json\/wp\/v2\/posts\/128\/revisions"}],"predecessor-version":[{"id":16293,"href":"https:\/\/www.wallendorff.com\/belogue\/wp-json\/wp\/v2\/posts\/128\/revisions\/16293"}],"wp:featuredmedia":[{"embeddable":true,"href":"https:\/\/www.wallendorff.com\/belogue\/wp-json\/wp\/v2\/media\/24062"}],"wp:attachment":[{"href":"https:\/\/www.wallendorff.com\/belogue\/wp-json\/wp\/v2\/media?parent=128"}],"wp:term":[{"taxonomy":"category","embeddable":true,"href":"https:\/\/www.wallendorff.com\/belogue\/wp-json\/wp\/v2\/categories?post=128"},{"taxonomy":"post_tag","embeddable":true,"href":"https:\/\/www.wallendorff.com\/belogue\/wp-json\/wp\/v2\/tags?post=128"}],"curies":[{"name":"wp","href":"https:\/\/api.w.org\/{rel}","templated":true}]}}