{"id":12784,"date":"2011-05-19T10:40:46","date_gmt":"2011-05-19T08:40:46","guid":{"rendered":"http:\/\/www.po-l.com\/belogue\/?p=12784"},"modified":"2012-03-02T11:49:15","modified_gmt":"2012-03-02T09:49:15","slug":"foster-the-people-la-fleche-dor-paris","status":"publish","type":"post","link":"https:\/\/www.wallendorff.com\/belogue\/2011\/05\/19\/foster-the-people-la-fleche-dor-paris\/","title":{"rendered":"Foster the People @ la Fl\u00e8che d&rsquo;Or, Paris."},"content":{"rendered":"\n<div id=\"photo\">\n<p><img decoding=\"async\" src=\"https:\/\/www.wallendorff.com\/belogue\/photo\/2011\/05\/20110519.jpg\" \/><\/p>\n<\/p><\/div>\n<p style=\"text-align:right\">Quelques d&eacute;plaisants c&ocirc;t&eacute;s boys band, mais aussi un single efficace<sup>1<\/sup> et un album avec de joli monstres qui sera du meilleur go\u00fbt sur la plage cet \u00e9t\u00e9.<\/p>\n<div id=\"bandeson\">\n<p><img decoding=\"async\" src=\"https:\/\/www.wallendorff.com\/belogue\/photo\/pochettes\/f\/foster_the_people-torches.jpg\" align=\"left\" \/>&nbsp;<a href=\"http:\/\/www.fosterthepeople.com\/\">Foster the People<\/a> &ndash; <em>Color on the Walls (Don&rsquo;t Stop)<\/em><\/p>\n<\/p><\/div>ngg_shortcode_0_placeholder<div id=\"bas_note\">\n<p>_____ <\/p>\n<p><sup>1<\/sup> Mais siii vous voyez, il est en bande-son <a href=\"https:\/\/www.wallendorff.com\/belogue\/2011\/04\/20\/quentre-eux-reverais-je-peggy-mais-revais-yeux\/\">l&agrave;-bas<\/a>.<\/p>\n<\/p><\/div>\n","protected":false},"excerpt":{"rendered":"<p>Quelques d&eacute;plaisants c&ocirc;t&eacute;s boys band, mais aussi un single efficace1 et un album avec de joli monstres qui sera du meilleur go\u00fbt sur la plage cet \u00e9t\u00e9. &nbsp;Foster the People &ndash; Color on the Walls (Don&rsquo;t Stop) _____ 1 Mais siii vous voyez, il est en bande-son l&agrave;-bas.<\/p>\n","protected":false},"author":1,"featured_media":26108,"comment_status":"open","ping_status":"open","sticky":false,"template":"","format":"standard","meta":{"_acf_changed":false,"ngg_post_thumbnail":0,"jetpack_post_was_ever_published":false,"_jetpack_newsletter_access":"","_jetpack_dont_email_post_to_subs":false,"_jetpack_newsletter_tier_id":0,"_jetpack_memberships_contains_paywalled_content":false,"_jetpack_memberships_contains_paid_content":false,"footnotes":"","jetpack_publicize_message":"","jetpack_publicize_feature_enabled":true,"jetpack_social_post_already_shared":false,"jetpack_social_options":{"image_generator_settings":{"template":"highway","default_image_id":0,"font":"","enabled":false},"version":2}},"categories":[7],"tags":[10840,10216,10084,196,2615,4909,10880,10120,10121,10374,10098],"class_list":["post-12784","post","type-post","status-publish","format-standard","has-post-thumbnail","hentry","category-alive","tag-10840","tag-10216","tag-alive","tag-ef-28-70-mm-f28l-usm","tag-eos-5d-mark-ii","tag-color-on-the-wall-dont-stop","tag-foster-the-people","tag-france","tag-ile-de-france","tag-la-fleche-dor","tag-paris"],"acf":[],"geo":{"latitude":48.8594246,"longitude":2.4029884,"description":"94-104 Rue de Bagnolet, 75020 Paris, France"},"jetpack_publicize_connections":[],"jetpack_featured_media_url":"https:\/\/www.wallendorff.com\/belogue\/wp-content\/uploads\/2015\/04\/201105191.jpg","jetpack_shortlink":"https:\/\/wp.me\/p3b35P-3kc","jetpack_sharing_enabled":true,"jetpack-related-posts":[{"id":3891,"url":"https:\/\/www.wallendorff.com\/belogue\/2009\/02\/09\/3891\/","url_meta":{"origin":12784,"position":0},"title":"Cense unique.","author":"dpc","date":"9 f\u00e9vrier 2009","format":false,"excerpt":"Rue Lepic, Paris, 11 janvier. Le lundi matin, il faut toujours d\u00e9marrer calmement. Jon Foreman \u2013 The Cure for Pain","rel":"","context":"Dans &quot;DPC&quot;","block_context":{"text":"DPC","link":"https:\/\/www.wallendorff.com\/belogue\/category\/dpc\/"},"img":{"alt_text":"","src":"https:\/\/i0.wp.com\/www.wallendorff.com\/belogue\/wp-content\/uploads\/2015\/04\/200902091.jpg?resize=350%2C200&ssl=1","width":350,"height":200},"classes":[]},{"id":19664,"url":"https:\/\/www.wallendorff.com\/belogue\/2012\/11\/29\/jake-bugg-la-fleche-dor-paris\/","url_meta":{"origin":12784,"position":1},"title":"Jake Bugg @ la Fl\u00e8che d&rsquo;Or, Paris.","author":"dpc","date":"29 novembre 2012","format":false,"excerpt":"18 ans, l'air de ne rien en avoir \u00e0 branler et beaucoup de technique. M\u00e9lodiquement \u00e7a p\u00eache un peu, photographiquement il n'y a pas grand chose \u00e0 voir, mais il y a beaucoup \u00e0 entendre. On attend la suite. \u00a0Jake Bugg \u2013 Lightning Bolt \u00a0","rel":"","context":"Dans &quot;Alive&quot;","block_context":{"text":"Alive","link":"https:\/\/www.wallendorff.com\/belogue\/category\/alive\/"},"img":{"alt_text":"","src":"https:\/\/i0.wp.com\/www.wallendorff.com\/belogue\/wp-content\/uploads\/2015\/04\/201211291.jpg?resize=350%2C200&ssl=1","width":350,"height":200,"srcset":"https:\/\/i0.wp.com\/www.wallendorff.com\/belogue\/wp-content\/uploads\/2015\/04\/201211291.jpg?resize=350%2C200&ssl=1 1x, https:\/\/i0.wp.com\/www.wallendorff.com\/belogue\/wp-content\/uploads\/2015\/04\/201211291.jpg?resize=525%2C300&ssl=1 1.5x, https:\/\/i0.wp.com\/www.wallendorff.com\/belogue\/wp-content\/uploads\/2015\/04\/201211291.jpg?resize=700%2C400&ssl=1 2x"},"classes":[]},{"id":22733,"url":"https:\/\/www.wallendorff.com\/belogue\/2014\/04\/23\/kaiser-chiefs-la-fleche-dor-paris\/","url_meta":{"origin":12784,"position":2},"title":"Kaiser Chiefs @ la Fl\u00e8che d&rsquo;Or, Paris.","author":"dpc","date":"23 avril 2014","format":false,"excerpt":"For\u00eat d'Hargnies, 24 mars. 3 titres sans flash et pas une seconde de plus. Mais \u00e7a valait le d\u00e9placement. One More Last Song Kaiser Chiefs \u00a0","rel":"","context":"Dans &quot;Alive&quot;","block_context":{"text":"Alive","link":"https:\/\/www.wallendorff.com\/belogue\/category\/alive\/"},"img":{"alt_text":"","src":"https:\/\/i0.wp.com\/www.wallendorff.com\/belogue\/wp-content\/uploads\/2015\/04\/201404231.jpg?resize=350%2C200&ssl=1","width":350,"height":200,"srcset":"https:\/\/i0.wp.com\/www.wallendorff.com\/belogue\/wp-content\/uploads\/2015\/04\/201404231.jpg?resize=350%2C200&ssl=1 1x, https:\/\/i0.wp.com\/www.wallendorff.com\/belogue\/wp-content\/uploads\/2015\/04\/201404231.jpg?resize=525%2C300&ssl=1 1.5x, https:\/\/i0.wp.com\/www.wallendorff.com\/belogue\/wp-content\/uploads\/2015\/04\/201404231.jpg?resize=700%2C400&ssl=1 2x"},"classes":[]},{"id":30838,"url":"https:\/\/www.wallendorff.com\/belogue\/2016\/05\/04\/jake-bugg-la-fleche-dor-paris-2\/","url_meta":{"origin":12784,"position":3},"title":"Jake Bugg @ la Fl\u00e8che d&rsquo;Or, Paris.","author":"dpc","date":"4 mai 2016","format":false,"excerpt":"","rel":"","context":"Dans &quot;Alive&quot;","block_context":{"text":"Alive","link":"https:\/\/www.wallendorff.com\/belogue\/category\/alive\/"},"img":{"alt_text":"","src":"https:\/\/i0.wp.com\/www.wallendorff.com\/belogue\/wp-content\/uploads\/2016\/05\/20160504-03-1.jpg?resize=350%2C200&ssl=1","width":350,"height":200,"srcset":"https:\/\/i0.wp.com\/www.wallendorff.com\/belogue\/wp-content\/uploads\/2016\/05\/20160504-03-1.jpg?resize=350%2C200&ssl=1 1x, https:\/\/i0.wp.com\/www.wallendorff.com\/belogue\/wp-content\/uploads\/2016\/05\/20160504-03-1.jpg?resize=525%2C300&ssl=1 1.5x, https:\/\/i0.wp.com\/www.wallendorff.com\/belogue\/wp-content\/uploads\/2016\/05\/20160504-03-1.jpg?resize=700%2C400&ssl=1 2x"},"classes":[]},{"id":27116,"url":"https:\/\/www.wallendorff.com\/belogue\/2015\/04\/22\/circa-waves-la-fleche-dor-paris\/","url_meta":{"origin":12784,"position":4},"title":"Circa Waves @ la Fl\u00e8che d&rsquo;Or, Paris.","author":"dpc","date":"22 avril 2015","format":false,"excerpt":"T-Shirt Weather Circa Waves","rel":"","context":"Dans &quot;Alive&quot;","block_context":{"text":"Alive","link":"https:\/\/www.wallendorff.com\/belogue\/category\/alive\/"},"img":{"alt_text":"","src":"https:\/\/i0.wp.com\/www.wallendorff.com\/belogue\/wp-content\/uploads\/2015\/04\/20150422.jpg?resize=350%2C200&ssl=1","width":350,"height":200,"srcset":"https:\/\/i0.wp.com\/www.wallendorff.com\/belogue\/wp-content\/uploads\/2015\/04\/20150422.jpg?resize=350%2C200&ssl=1 1x, https:\/\/i0.wp.com\/www.wallendorff.com\/belogue\/wp-content\/uploads\/2015\/04\/20150422.jpg?resize=525%2C300&ssl=1 1.5x, https:\/\/i0.wp.com\/www.wallendorff.com\/belogue\/wp-content\/uploads\/2015\/04\/20150422.jpg?resize=700%2C400&ssl=1 2x"},"classes":[]},{"id":19621,"url":"https:\/\/www.wallendorff.com\/belogue\/2012\/11\/22\/mystery-jets-oh-othello-la-fleche-dor-paris\/","url_meta":{"origin":12784,"position":5},"title":"Mystery Jets + Oh Othello @ la Fl\u00e8che d&rsquo;Or, Paris.","author":"dpc","date":"22 novembre 2012","format":false,"excerpt":"The Datsuns \u2013 Gold Halo Oh Othello \u00a0 Mystery Jets \u00a0","rel":"","context":"Dans &quot;Alive&quot;","block_context":{"text":"Alive","link":"https:\/\/www.wallendorff.com\/belogue\/category\/alive\/"},"img":{"alt_text":"","src":"https:\/\/i0.wp.com\/www.wallendorff.com\/belogue\/wp-content\/uploads\/2015\/04\/201211221.jpg?resize=350%2C200&ssl=1","width":350,"height":200,"srcset":"https:\/\/i0.wp.com\/www.wallendorff.com\/belogue\/wp-content\/uploads\/2015\/04\/201211221.jpg?resize=350%2C200&ssl=1 1x, https:\/\/i0.wp.com\/www.wallendorff.com\/belogue\/wp-content\/uploads\/2015\/04\/201211221.jpg?resize=525%2C300&ssl=1 1.5x, https:\/\/i0.wp.com\/www.wallendorff.com\/belogue\/wp-content\/uploads\/2015\/04\/201211221.jpg?resize=700%2C400&ssl=1 2x"},"classes":[]}],"_links":{"self":[{"href":"https:\/\/www.wallendorff.com\/belogue\/wp-json\/wp\/v2\/posts\/12784","targetHints":{"allow":["GET"]}}],"collection":[{"href":"https:\/\/www.wallendorff.com\/belogue\/wp-json\/wp\/v2\/posts"}],"about":[{"href":"https:\/\/www.wallendorff.com\/belogue\/wp-json\/wp\/v2\/types\/post"}],"author":[{"embeddable":true,"href":"https:\/\/www.wallendorff.com\/belogue\/wp-json\/wp\/v2\/users\/1"}],"replies":[{"embeddable":true,"href":"https:\/\/www.wallendorff.com\/belogue\/wp-json\/wp\/v2\/comments?post=12784"}],"version-history":[{"count":3,"href":"https:\/\/www.wallendorff.com\/belogue\/wp-json\/wp\/v2\/posts\/12784\/revisions"}],"predecessor-version":[{"id":16179,"href":"https:\/\/www.wallendorff.com\/belogue\/wp-json\/wp\/v2\/posts\/12784\/revisions\/16179"}],"wp:featuredmedia":[{"embeddable":true,"href":"https:\/\/www.wallendorff.com\/belogue\/wp-json\/wp\/v2\/media\/26108"}],"wp:attachment":[{"href":"https:\/\/www.wallendorff.com\/belogue\/wp-json\/wp\/v2\/media?parent=12784"}],"wp:term":[{"taxonomy":"category","embeddable":true,"href":"https:\/\/www.wallendorff.com\/belogue\/wp-json\/wp\/v2\/categories?post=12784"},{"taxonomy":"post_tag","embeddable":true,"href":"https:\/\/www.wallendorff.com\/belogue\/wp-json\/wp\/v2\/tags?post=12784"}],"curies":[{"name":"wp","href":"https:\/\/api.w.org\/{rel}","templated":true}]}}