{"id":12774,"date":"2011-05-18T11:52:47","date_gmt":"2011-05-18T09:52:47","guid":{"rendered":"http:\/\/www.po-l.com\/belogue\/?p=12774"},"modified":"2011-12-06T12:29:12","modified_gmt":"2011-12-06T10:29:12","slug":"black-lips-le-centquatre-paris","status":"publish","type":"post","link":"https:\/\/www.wallendorff.com\/belogue\/2011\/05\/18\/black-lips-le-centquatre-paris\/","title":{"rendered":"Black Lips @ le Centquatre, Paris."},"content":{"rendered":"\n<div id=\"photo\">\n<p><img decoding=\"async\" src=\"https:\/\/www.wallendorff.com\/belogue\/photo\/2011\/05\/20110518.jpg\" \/><\/p>\n<\/p><\/div>\n<p>Comme on a fini tard hier soir et qu&rsquo;en rentrant j&rsquo;ai d&ucirc; prendre deux ou trois douches pour me laver les cheveux, compter les jouissives contusions que le premier rang m&rsquo;a laiss&eacute;es &#8213;&nbsp;le premier rang &eacute;tait comme celui d&rsquo;<a href=\"https:\/\/www.wallendorff.com\/belogue\/2009\/03\/28\/eagles-of-death-metal-le-bataclan-paris\/\">Eagles of Death Metal il y a deux ans<\/a>, mais en mieux&nbsp;&#8213;, l&eacute;cher la bi&egrave;re qui &eacute;tait rest&eacute;e coll&eacute;e sur mes objectifs et enlever le slammeur emm&ecirc;l&eacute; dans mon brushing, il faudra patienter un peu pour les photos. Mais r&eacute;jouissez-vous, en attendant que tout soit pr&ecirc;t je vous laisse un souvenir du moment o&ugrave; le premier rang craque son deuxi&egrave;me extincteur pour protester contre la coupure d&rsquo;&eacute;lectricit&eacute; qu&rsquo;il croit provoqu&eacute;e par la prod d&eacute;bord&eacute;e par l&rsquo;invasion de la sc&egrave;ne par le public pendant <em>Bad Kids<\/em>, ce qui a fort frustr&eacute; tout le monde, avant qu&rsquo;on apprenne un peu plus tard que non non pas du tout ce n&rsquo;est que le syst&egrave;me d&rsquo;incendie qui s&rsquo;est d&eacute;clench&eacute; &agrave; cause d&rsquo;un exc&egrave;s de fum&eacute;e dans la salle, ne bougez pas les enfants, soyez sympa et arr\u00eater de jeter de la bi&egrave;re et du papier toilette, l&rsquo;orchestre va revenir d&egrave;s que l&rsquo;exc&egrave;s de fum&eacute;e sera parti [ce qui d&eacute;montra, mais un peu tard, que jouer avec l&rsquo;extincteur pour passer le temps n&rsquo;avait pas &eacute;t&eacute; la meilleure des id&eacute;es].<\/p>\n<p style=\"text-align:right\">Voil&agrave; voil&agrave;.<\/p>\n<div id=\"bandeson\">\n<p><img decoding=\"async\" src=\"https:\/\/www.wallendorff.com\/belogue\/photo\/pochettes\/b\/black_lips-good_bad_not_evil.jpg\" align=\"left\" \/>&nbsp;<a href=\"http:\/\/www.black-lips.com\/\">Black Lips<\/a> &ndash; <em>Bad Kids<\/em><\/p>\n<\/p><\/div>\n","protected":false},"excerpt":{"rendered":"<p>Comme on a fini tard hier soir et qu&rsquo;en rentrant j&rsquo;ai d&ucirc; prendre deux ou trois douches pour me laver les cheveux, compter les jouissives contusions que le premier rang m&rsquo;a laiss&eacute;es &#8213;&nbsp;le premier rang &eacute;tait comme celui d&rsquo;Eagles of Death Metal il y a deux ans, mais en mieux&nbsp;&#8213;, l&eacute;cher la bi&egrave;re qui &eacute;tait&hellip;<\/p>\n","protected":false},"author":1,"featured_media":26120,"comment_status":"open","ping_status":"open","sticky":false,"template":"","format":"standard","meta":{"_acf_changed":false,"ngg_post_thumbnail":0,"jetpack_post_was_ever_published":false,"_jetpack_newsletter_access":"","_jetpack_dont_email_post_to_subs":false,"_jetpack_newsletter_tier_id":0,"_jetpack_memberships_contains_paywalled_content":false,"_jetpack_memberships_contains_paid_content":false,"footnotes":"","jetpack_publicize_message":"","jetpack_publicize_feature_enabled":true,"jetpack_social_post_already_shared":false,"jetpack_social_options":{"image_generator_settings":{"template":"highway","default_image_id":0,"font":"","enabled":false},"version":2}},"categories":[7],"tags":[10840,10268,10084,4904,10889,181,2615,1243,10120,10608,10121,10890,10622,143,10098,10135],"class_list":["post-12774","post","type-post","status-publish","format-standard","has-post-thumbnail","hentry","category-alive","tag-10840","tag-10268","tag-alive","tag-bad-kids","tag-black-lips","tag-ef-70-200-mm-f28l-usm","tag-eos-5d-mark-ii","tag-carre","tag-france","tag-fumee","tag-ile-de-france","tag-le-centquatre","tag-main","tag-noir-et-blanc","tag-paris","tag-public"],"acf":[],"geo":{"latitude":48.890583,"longitude":2.3692091,"description":"108 Rue d'Aubervilliers, 75019 Paris, France"},"jetpack_publicize_connections":[],"jetpack_featured_media_url":"https:\/\/www.wallendorff.com\/belogue\/wp-content\/uploads\/2015\/04\/201105181.jpg","jetpack_shortlink":"https:\/\/wp.me\/p3b35P-3k2","jetpack_sharing_enabled":true,"jetpack-related-posts":[{"id":130417,"url":"https:\/\/www.wallendorff.com\/belogue\/2024\/08\/29\/there-we-were-now-here-we-are\/","url_meta":{"origin":12774,"position":0},"title":"There we were, now here we are.","author":"dpc","date":"29 ao\u00fbt 2024","format":false,"excerpt":"Rock en Seine, Domaine national de Saint-Cloud, 28 ao\u00fbt 2009.J\u2019ai photographi\u00e9 ces trois jeunes filles du premier rang du public de Rock en Seine le 28 ao\u00fbt 2009 \u00e0 21 h 59 min 41 s, juste avant le concert d\u2019Oasis, juste avant l\u2019annonce de la plus fameuse baston-\u00e0-coups-de-guitares-en- loges\u00b9 de\u2026","rel":"","context":"Dans &quot;Alive&quot;","block_context":{"text":"Alive","link":"https:\/\/www.wallendorff.com\/belogue\/category\/alive\/"},"img":{"alt_text":"","src":"https:\/\/i0.wp.com\/www.wallendorff.com\/belogue\/wp-content\/uploads\/2024\/08\/20240829-01.jpg?resize=350%2C200&ssl=1","width":350,"height":200,"srcset":"https:\/\/i0.wp.com\/www.wallendorff.com\/belogue\/wp-content\/uploads\/2024\/08\/20240829-01.jpg?resize=350%2C200&ssl=1 1x, https:\/\/i0.wp.com\/www.wallendorff.com\/belogue\/wp-content\/uploads\/2024\/08\/20240829-01.jpg?resize=525%2C300&ssl=1 1.5x, https:\/\/i0.wp.com\/www.wallendorff.com\/belogue\/wp-content\/uploads\/2024\/08\/20240829-01.jpg?resize=700%2C400&ssl=1 2x, https:\/\/i0.wp.com\/www.wallendorff.com\/belogue\/wp-content\/uploads\/2024\/08\/20240829-01.jpg?resize=1050%2C600&ssl=1 3x"},"classes":[]},{"id":4207,"url":"https:\/\/www.wallendorff.com\/belogue\/2009\/05\/19\/pj-harvey-john-parish-le-bataclan-paris\/","url_meta":{"origin":12774,"position":1},"title":"PJ Harvey &#038; John Parish @ le Bataclan, Paris.","author":"dpc","date":"19 mai 2009","format":false,"excerpt":"Ah tiens il y a pile trois ans il faisait chaud aussi. Dans la vie il y a de chouettes soir\u00e9es o\u00f9 un management sympa et une s\u00e9curit\u00e9 super-coule t'entra\u00eenent dans des jeux de piste en fosse photo ach'te marrants. Dans la vie il y a aussi des soir\u00e9es qu'on\u2026","rel":"","context":"Dans &quot;Alive&quot;","block_context":{"text":"Alive","link":"https:\/\/www.wallendorff.com\/belogue\/category\/alive\/"},"img":{"alt_text":"","src":"https:\/\/i0.wp.com\/www.wallendorff.com\/belogue\/wp-content\/uploads\/2015\/04\/200905191.jpg?resize=350%2C200&ssl=1","width":350,"height":200,"srcset":"https:\/\/i0.wp.com\/www.wallendorff.com\/belogue\/wp-content\/uploads\/2015\/04\/200905191.jpg?resize=350%2C200&ssl=1 1x, https:\/\/i0.wp.com\/www.wallendorff.com\/belogue\/wp-content\/uploads\/2015\/04\/200905191.jpg?resize=525%2C300&ssl=1 1.5x, https:\/\/i0.wp.com\/www.wallendorff.com\/belogue\/wp-content\/uploads\/2015\/04\/200905191.jpg?resize=700%2C400&ssl=1 2x"},"classes":[]},{"id":7654,"url":"https:\/\/www.wallendorff.com\/belogue\/2010\/06\/09\/rpa-united-nations-of-sound-le-trabendo-paris\/","url_meta":{"origin":12774,"position":2},"title":"RPA &#038; United Nations of Sound @ le Trabendo, Paris.","author":"dpc","date":"9 juin 2010","format":false,"excerpt":"Si vous avez manqu\u00e9 le d\u00e9but\u00a0: apr\u00e8s la troisi\u00e8me d\u00e9bandade de The Verve, quelque part en 2009, le Richard Ashcroft a resurgi en janvier pour annoncer la naissance d'un nouveau projet, baptis\u00e9 United Nation of Sounds, puis l\u00e2cher dans la nature Are You Ready?, un premier titre que je vous\u2026","rel":"","context":"Dans &quot;Alive&quot;","block_context":{"text":"Alive","link":"https:\/\/www.wallendorff.com\/belogue\/category\/alive\/"},"img":{"alt_text":"","src":"https:\/\/i0.wp.com\/www.wallendorff.com\/belogue\/wp-content\/uploads\/2015\/04\/201006091.jpg?resize=350%2C200&ssl=1","width":350,"height":200,"srcset":"https:\/\/i0.wp.com\/www.wallendorff.com\/belogue\/wp-content\/uploads\/2015\/04\/201006091.jpg?resize=350%2C200&ssl=1 1x, https:\/\/i0.wp.com\/www.wallendorff.com\/belogue\/wp-content\/uploads\/2015\/04\/201006091.jpg?resize=525%2C300&ssl=1 1.5x, https:\/\/i0.wp.com\/www.wallendorff.com\/belogue\/wp-content\/uploads\/2015\/04\/201006091.jpg?resize=700%2C400&ssl=1 2x"},"classes":[]},{"id":132422,"url":"https:\/\/www.wallendorff.com\/belogue\/2025\/06\/12\/jaunes-dombres\/","url_meta":{"origin":12774,"position":3},"title":"Jaunes d&rsquo;ombres.","author":"dpc","date":"12 juin 2025","format":false,"excerpt":"Tour Montparnasse, Paris, 18 avril 2024.Merci \u00e0 Lala mais pas \u00e0 Leffe\u00ae ni Twinuts\u00ae car j'ai sottement oubli\u00e9 de faire les commissions. Et \u00e0 part \u00e7a... Il y a vingt-et-un ans, les Pistons de D\u00e9troit \u00e9taient en finale NBA. Il y a vingt ans, les Pistons de D\u00e9troit \u00e9taient encore\u2026","rel":"","context":"Dans &quot;DPC&quot;","block_context":{"text":"DPC","link":"https:\/\/www.wallendorff.com\/belogue\/category\/dpc\/"},"img":{"alt_text":"","src":"https:\/\/i0.wp.com\/www.wallendorff.com\/belogue\/wp-content\/uploads\/2025\/06\/20250612-08.jpg?resize=350%2C200&ssl=1","width":350,"height":200,"srcset":"https:\/\/i0.wp.com\/www.wallendorff.com\/belogue\/wp-content\/uploads\/2025\/06\/20250612-08.jpg?resize=350%2C200&ssl=1 1x, https:\/\/i0.wp.com\/www.wallendorff.com\/belogue\/wp-content\/uploads\/2025\/06\/20250612-08.jpg?resize=525%2C300&ssl=1 1.5x, https:\/\/i0.wp.com\/www.wallendorff.com\/belogue\/wp-content\/uploads\/2025\/06\/20250612-08.jpg?resize=700%2C400&ssl=1 2x, https:\/\/i0.wp.com\/www.wallendorff.com\/belogue\/wp-content\/uploads\/2025\/06\/20250612-08.jpg?resize=1050%2C600&ssl=1 3x"},"classes":[]},{"id":124649,"url":"https:\/\/www.wallendorff.com\/belogue\/2023\/06\/12\/servus-wien-6\/","url_meta":{"origin":12774,"position":4},"title":"Servus Wien.","author":"dpc","date":"12 juin 2023","format":false,"excerpt":"[La galerie compl\u00e8te vient apr\u00e8s ce looooong texte traditionnel dont l'origine se perd dans les pr\u00e9mices de ce mill\u00e9naires.] Vienne, 14 \u2013 15 avril 2023. Can't Even Tell Soul Asylum Il y a dix-neuf ans, les Pistons de D\u00e9troit \u00e9taient en finale NBA. Il y a dix-huit ans, les Pistons\u2026","rel":"","context":"Dans &quot;DPC&quot;","block_context":{"text":"DPC","link":"https:\/\/www.wallendorff.com\/belogue\/category\/dpc\/"},"img":{"alt_text":"","src":"https:\/\/i0.wp.com\/www.wallendorff.com\/belogue\/wp-content\/uploads\/2023\/06\/20230612-09.jpg?resize=350%2C200&ssl=1","width":350,"height":200,"srcset":"https:\/\/i0.wp.com\/www.wallendorff.com\/belogue\/wp-content\/uploads\/2023\/06\/20230612-09.jpg?resize=350%2C200&ssl=1 1x, https:\/\/i0.wp.com\/www.wallendorff.com\/belogue\/wp-content\/uploads\/2023\/06\/20230612-09.jpg?resize=525%2C300&ssl=1 1.5x, https:\/\/i0.wp.com\/www.wallendorff.com\/belogue\/wp-content\/uploads\/2023\/06\/20230612-09.jpg?resize=700%2C400&ssl=1 2x, https:\/\/i0.wp.com\/www.wallendorff.com\/belogue\/wp-content\/uploads\/2023\/06\/20230612-09.jpg?resize=1050%2C600&ssl=1 3x"},"classes":[]},{"id":128261,"url":"https:\/\/www.wallendorff.com\/belogue\/2024\/06\/12\/cetait-2004\/","url_meta":{"origin":12774,"position":5},"title":"C&rsquo;\u00e9tait 2004.","author":"dpc","date":"12 juin 2024","format":false,"excerpt":"En ouvrant ce journal, il y a 20 ans, je n'aurais jamais pens\u00e9 qu'il durerait si longtemps. Mais il a tenu, d'abord sur feu 20six, puis en solitaire sur ce site, traversant les plateformes et les modes jusqu'\u00e0 aujourd'hui. MySpace, Flickr, Facebook, Instagram passent et disparaissent, mais reste ce site.Je\u2026","rel":"","context":"Dans &quot;DPC&quot;","block_context":{"text":"DPC","link":"https:\/\/www.wallendorff.com\/belogue\/category\/dpc\/"},"img":{"alt_text":"","src":"https:\/\/i0.wp.com\/www.wallendorff.com\/belogue\/wp-content\/uploads\/2024\/06\/20240612-03.jpg?resize=350%2C200&ssl=1","width":350,"height":200,"srcset":"https:\/\/i0.wp.com\/www.wallendorff.com\/belogue\/wp-content\/uploads\/2024\/06\/20240612-03.jpg?resize=350%2C200&ssl=1 1x, https:\/\/i0.wp.com\/www.wallendorff.com\/belogue\/wp-content\/uploads\/2024\/06\/20240612-03.jpg?resize=525%2C300&ssl=1 1.5x, https:\/\/i0.wp.com\/www.wallendorff.com\/belogue\/wp-content\/uploads\/2024\/06\/20240612-03.jpg?resize=700%2C400&ssl=1 2x, https:\/\/i0.wp.com\/www.wallendorff.com\/belogue\/wp-content\/uploads\/2024\/06\/20240612-03.jpg?resize=1050%2C600&ssl=1 3x"},"classes":[]}],"_links":{"self":[{"href":"https:\/\/www.wallendorff.com\/belogue\/wp-json\/wp\/v2\/posts\/12774","targetHints":{"allow":["GET"]}}],"collection":[{"href":"https:\/\/www.wallendorff.com\/belogue\/wp-json\/wp\/v2\/posts"}],"about":[{"href":"https:\/\/www.wallendorff.com\/belogue\/wp-json\/wp\/v2\/types\/post"}],"author":[{"embeddable":true,"href":"https:\/\/www.wallendorff.com\/belogue\/wp-json\/wp\/v2\/users\/1"}],"replies":[{"embeddable":true,"href":"https:\/\/www.wallendorff.com\/belogue\/wp-json\/wp\/v2\/comments?post=12774"}],"version-history":[{"count":2,"href":"https:\/\/www.wallendorff.com\/belogue\/wp-json\/wp\/v2\/posts\/12774\/revisions"}],"predecessor-version":[{"id":14686,"href":"https:\/\/www.wallendorff.com\/belogue\/wp-json\/wp\/v2\/posts\/12774\/revisions\/14686"}],"wp:featuredmedia":[{"embeddable":true,"href":"https:\/\/www.wallendorff.com\/belogue\/wp-json\/wp\/v2\/media\/26120"}],"wp:attachment":[{"href":"https:\/\/www.wallendorff.com\/belogue\/wp-json\/wp\/v2\/media?parent=12774"}],"wp:term":[{"taxonomy":"category","embeddable":true,"href":"https:\/\/www.wallendorff.com\/belogue\/wp-json\/wp\/v2\/categories?post=12774"},{"taxonomy":"post_tag","embeddable":true,"href":"https:\/\/www.wallendorff.com\/belogue\/wp-json\/wp\/v2\/tags?post=12774"}],"curies":[{"name":"wp","href":"https:\/\/api.w.org\/{rel}","templated":true}]}}