{"id":1277,"date":"2008-07-24T10:04:54","date_gmt":"2008-07-24T10:04:54","guid":{"rendered":"http:\/\/www.po-l.com\/wordpress\/?p=1277"},"modified":"2013-09-09T12:43:33","modified_gmt":"2013-09-09T10:43:33","slug":"grand-concours-du-jeudi","status":"publish","type":"post","link":"https:\/\/www.wallendorff.com\/belogue\/2008\/07\/24\/grand-concours-du-jeudi\/","title":{"rendered":"Grand concours du jeudi."},"content":{"rendered":"<div id=\"photo\">\n<p><img decoding=\"async\" src=\"https:\/\/www.wallendorff.com\/belogue\/photo\/2008\/07\/20080724.jpg\" \/><br \/>\nPlace du Carrousel, Paris, 23 juin.<\/p>\n<\/div>\n<div id=\"bandeson\">\n<p><img decoding=\"async\" src=\"https:\/\/www.wallendorff.com\/belogue\/photo\/pochettes\/i\/interpol-mammoth.jpg\" align=\"left\" \/>&nbsp;&nbsp;<a href=\"http:\/\/www.interpolnyc.com\">Interpol<\/a> &ndash; <em>Pioneer to the Falls<\/em> (orchestral)<sup>1<\/sup><\/p>\n<\/div>\n<p>Comme je n&rsquo;arrive pas &agrave; choisir le titre d&rsquo;aujourd&rsquo;hui, je m&rsquo;en remets au vote du peuple parce que rien de tel que la d&eacute;mocratie participative appliqu&eacute;e au bel&ouml;guage. Ins&egrave;re en commentaire ton choix parmi les trois propositions ci-dessous, cher lecteur, et <span class=\"gros\">remporte un aPhone 3&nbsp;g<sup>&reg;<\/sup> dernier cri<\/span><sup>2<\/sup> qui sera tir&eacute; au sort d&egrave;s qu&rsquo;on atteindra les 25 r\u00e9actions<sup>3<\/sup>&nbsp;:<\/p>\n<ol type=\"a\">\n<li>D&rsquo;arc va door<\/li>\n<li>D&rsquo;arc va dehors<\/li>\n<li>D&rsquo;arc va d&rsquo;or<\/li>\n<li>Chou bat cas. <\/li>\n<\/ol>\n<div id=\"bas_note\">\n<p>_____<\/p>\n<p><sup>1<\/sup> Je sais qu&rsquo;il ne faut pas abuser de certains morceaux, mais des fois ils s&rsquo;imposent d&rsquo;eux-m&ecirc;mes. <\/p>\n<p><sup>2<\/sup> l&rsquo;aPhone 3&nbsp;g<sup>&reg;<\/sup> dernier cri, c&rsquo;est l&rsquo;auteur de ce bel&ouml;gue affichant une alcool&eacute;mie de 3&nbsp;g.l<sup>-1<\/sup> r&eacute;alis&eacute;e sous contr&ocirc;le d&rsquo;huissier et d&eacute;barquant chez toi pour comater sur ton canap&eacute; apr&egrave;s un dernier borborygme r&eacute;veillant tous tes voisins.<\/p>\n<p><sup>3<\/sup> Ah ah la bonne blague, j&rsquo;ai m&ecirc;me pas 25 lecteurs. &nbsp;<\/p>\n<\/div>\n","protected":false},"excerpt":{"rendered":"<p>Place du Carrousel, Paris, 23 juin. &nbsp;&nbsp;Interpol &ndash; Pioneer to the Falls (orchestral)1 Comme je n&rsquo;arrive pas &agrave; choisir le titre d&rsquo;aujourd&rsquo;hui, je m&rsquo;en remets au vote du peuple parce que rien de tel que la d&eacute;mocratie participative appliqu&eacute;e au bel&ouml;guage. Ins&egrave;re en commentaire ton choix parmi les trois propositions ci-dessous, cher lecteur, et remporte&hellip;<\/p>\n","protected":false},"author":1,"featured_media":25203,"comment_status":"open","ping_status":"open","sticky":false,"template":"","format":"standard","meta":{"_acf_changed":false,"ngg_post_thumbnail":0,"jetpack_post_was_ever_published":false,"_jetpack_newsletter_access":"","_jetpack_dont_email_post_to_subs":false,"_jetpack_newsletter_tier_id":0,"_jetpack_memberships_contains_paywalled_content":false,"_jetpack_memberships_contains_paid_content":false,"footnotes":"","jetpack_publicize_message":"","jetpack_publicize_feature_enabled":true,"jetpack_social_post_already_shared":false,"jetpack_social_options":{"image_generator_settings":{"template":"highway","default_image_id":0,"font":"","enabled":false},"version":2}},"categories":[3],"tags":[10182,708,2502,142,132,10120,10121,10111,143,10147,10098,2194,2501],"class_list":["post-1277","post","type-post","status-publish","format-standard","has-post-thumbnail","hentry","category-dpc","tag-10182","tag-arc-de-triomphe","tag-arc-de-triomphe-du-carrousel","tag-ef-s-10-22-mm-f35-45-usm","tag-eos-20d","tag-france","tag-ile-de-france","tag-interpol","tag-noir-et-blanc","tag-nuit","tag-paris","tag-pioneer-to-the-falls","tag-place-du-carrousel"],"acf":[],"geo":{"latitude":48.8617134,"longitude":2.3327975,"description":null},"jetpack_publicize_connections":[],"jetpack_featured_media_url":"https:\/\/www.wallendorff.com\/belogue\/wp-content\/uploads\/2015\/04\/200807241.jpg","jetpack_shortlink":"https:\/\/wp.me\/p3b35P-kB","jetpack_sharing_enabled":true,"jetpack-related-posts":[{"id":4045,"url":"https:\/\/www.wallendorff.com\/belogue\/2009\/03\/17\/ta-nielle-darc\/","url_meta":{"origin":1277,"position":0},"title":"Ta nielle d&rsquo;arc.","author":"dpc","date":"17 mars 2009","format":false,"excerpt":"Arc de Triomphe du Carrousel, Paris, 7 f\u00e9vrier. Arras et Ou\u00e8rt\u00e8re, ou comment l'union fait l'\u00e9conomie de charte grasphique. The Paybacks \u2013 Hot Shot","rel":"","context":"Dans &quot;DPC&quot;","block_context":{"text":"DPC","link":"https:\/\/www.wallendorff.com\/belogue\/category\/dpc\/"},"img":{"alt_text":"","src":"https:\/\/i0.wp.com\/www.wallendorff.com\/belogue\/wp-content\/uploads\/2015\/04\/200903171.jpg?resize=350%2C200&ssl=1","width":350,"height":200},"classes":[]},{"id":429,"url":"https:\/\/www.wallendorff.com\/belogue\/2005\/03\/26\/camps-des-labres\/","url_meta":{"origin":1277,"position":1},"title":"Camps des labres\u00b9.","author":"dpc","date":"26 mars 2005","format":false,"excerpt":"Le Louvre, Paris, 22 mars. \u00a0Pearl Jam \u2013 Better Man _____ 1 Bien s\u00fbr que si, \u00e7a existe, un labre. C'est un \u00ab\u00a0poisson marin \u00e0 dentition double et l\u00e8vres \u00e9paisses2, aux couleurs vives (en particulier le m\u00e2le), comestible mais peu estim\u00e9, vivant dans les eaux peu profondes des c\u00f4tes rocheuses.\u00a0\u00bb\u2026","rel":"","context":"Dans &quot;DPC&quot;","block_context":{"text":"DPC","link":"https:\/\/www.wallendorff.com\/belogue\/category\/dpc\/"},"img":{"alt_text":"","src":"https:\/\/i0.wp.com\/www.wallendorff.com\/belogue\/wp-content\/uploads\/2015\/04\/20050326-011.jpg?resize=350%2C200&ssl=1","width":350,"height":200},"classes":[]},{"id":129867,"url":"https:\/\/www.wallendorff.com\/belogue\/2024\/08\/06\/bulle-tint-mais-tres-haut\/","url_meta":{"origin":1277,"position":2},"title":"Bulle tint [mais tr\u00e8s haut].","author":"dpc","date":"6 ao\u00fbt 2024","format":false,"excerpt":"Elle a de la gueule, cette vasque, et elle fait presque l'unanimit\u00e9. Sur place je n'ai vu que des gens heureux d'\u00eatre l\u00e0, sans aucune manifestation d\u00e9sapprobatoire des anti-vasques.[Pardon.]","rel":"","context":"Dans &quot;DPC&quot;","block_context":{"text":"DPC","link":"https:\/\/www.wallendorff.com\/belogue\/category\/dpc\/"},"img":{"alt_text":"","src":"https:\/\/i0.wp.com\/www.wallendorff.com\/belogue\/wp-content\/uploads\/2024\/08\/20240806-17.jpg?resize=350%2C200&ssl=1","width":350,"height":200,"srcset":"https:\/\/i0.wp.com\/www.wallendorff.com\/belogue\/wp-content\/uploads\/2024\/08\/20240806-17.jpg?resize=350%2C200&ssl=1 1x, https:\/\/i0.wp.com\/www.wallendorff.com\/belogue\/wp-content\/uploads\/2024\/08\/20240806-17.jpg?resize=525%2C300&ssl=1 1.5x, https:\/\/i0.wp.com\/www.wallendorff.com\/belogue\/wp-content\/uploads\/2024\/08\/20240806-17.jpg?resize=700%2C400&ssl=1 2x, https:\/\/i0.wp.com\/www.wallendorff.com\/belogue\/wp-content\/uploads\/2024\/08\/20240806-17.jpg?resize=1050%2C600&ssl=1 3x"},"classes":[]},{"id":4010,"url":"https:\/\/www.wallendorff.com\/belogue\/2009\/03\/11\/ton-nid-darc-haut\/","url_meta":{"origin":1277,"position":3},"title":"Ton nid d&rsquo;arc haut.","author":"dpc","date":"11 mars 2009","format":false,"excerpt":"Avenue de la Grande Arm\u00e9e, Paris, 7 f\u00e9vrier. Broken social Scene \u2013 Anthems for a Seventeen Year-Old Girl [Vivement la sortie de la version publique de Photoshop CSi, que je puisse d\u00e9placer la mise au point vers le gars qui traverse, plut\u00f4t.] \/Edit\u00a0: je viens d'enlever-remettre la photo parce qu'elle\u2026","rel":"","context":"Dans &quot;DPC&quot;","block_context":{"text":"DPC","link":"https:\/\/www.wallendorff.com\/belogue\/category\/dpc\/"},"img":{"alt_text":"","src":"https:\/\/i0.wp.com\/www.wallendorff.com\/belogue\/wp-content\/uploads\/2015\/04\/200903111.jpg?resize=350%2C200&ssl=1","width":350,"height":200},"classes":[]},{"id":13052,"url":"https:\/\/www.wallendorff.com\/belogue\/2011\/07\/25\/palabres-a-seules-et-flots\/","url_meta":{"origin":1277,"position":4},"title":"Palabres \u00e0 seules et flots.","author":"dpc","date":"25 juillet 2011","format":false,"excerpt":"Le Louvre, Paris, 15 juin. La vid\u00e9o du nouveau Noel Gallagher est en ligne et, entre nous, c'est un peu trop dans la lign\u00e9e de The Importance of Being Idle \u00e0 mon go\u00fbt. L'album Noel Gallagher's High Flying Birds sort le 11 octobre. \u00a0The Joy Formidable \u2013 Austere (The Naked\u2026","rel":"","context":"Dans &quot;DPC&quot;","block_context":{"text":"DPC","link":"https:\/\/www.wallendorff.com\/belogue\/category\/dpc\/"},"img":{"alt_text":"","src":"https:\/\/i0.wp.com\/www.wallendorff.com\/belogue\/wp-content\/uploads\/2015\/04\/201107251.jpg?resize=350%2C200&ssl=1","width":350,"height":200},"classes":[]},{"id":21690,"url":"https:\/\/www.wallendorff.com\/belogue\/2013\/09\/30\/darc-side\/","url_meta":{"origin":1277,"position":5},"title":"D&rsquo;arc side.","author":"dpc","date":"30 septembre 2013","format":false,"excerpt":"Place Charles-de-Gaulle, Paris, 14 ao\u00fbt. For AnyoneStar Anna","rel":"","context":"Dans &quot;DPC&quot;","block_context":{"text":"DPC","link":"https:\/\/www.wallendorff.com\/belogue\/category\/dpc\/"},"img":{"alt_text":"","src":"https:\/\/i0.wp.com\/www.wallendorff.com\/belogue\/wp-content\/uploads\/2015\/04\/201309301.jpg?resize=350%2C200&ssl=1","width":350,"height":200,"srcset":"https:\/\/i0.wp.com\/www.wallendorff.com\/belogue\/wp-content\/uploads\/2015\/04\/201309301.jpg?resize=350%2C200&ssl=1 1x, https:\/\/i0.wp.com\/www.wallendorff.com\/belogue\/wp-content\/uploads\/2015\/04\/201309301.jpg?resize=525%2C300&ssl=1 1.5x, https:\/\/i0.wp.com\/www.wallendorff.com\/belogue\/wp-content\/uploads\/2015\/04\/201309301.jpg?resize=700%2C400&ssl=1 2x"},"classes":[]}],"_links":{"self":[{"href":"https:\/\/www.wallendorff.com\/belogue\/wp-json\/wp\/v2\/posts\/1277","targetHints":{"allow":["GET"]}}],"collection":[{"href":"https:\/\/www.wallendorff.com\/belogue\/wp-json\/wp\/v2\/posts"}],"about":[{"href":"https:\/\/www.wallendorff.com\/belogue\/wp-json\/wp\/v2\/types\/post"}],"author":[{"embeddable":true,"href":"https:\/\/www.wallendorff.com\/belogue\/wp-json\/wp\/v2\/users\/1"}],"replies":[{"embeddable":true,"href":"https:\/\/www.wallendorff.com\/belogue\/wp-json\/wp\/v2\/comments?post=1277"}],"version-history":[{"count":2,"href":"https:\/\/www.wallendorff.com\/belogue\/wp-json\/wp\/v2\/posts\/1277\/revisions"}],"predecessor-version":[{"id":21575,"href":"https:\/\/www.wallendorff.com\/belogue\/wp-json\/wp\/v2\/posts\/1277\/revisions\/21575"}],"wp:featuredmedia":[{"embeddable":true,"href":"https:\/\/www.wallendorff.com\/belogue\/wp-json\/wp\/v2\/media\/25203"}],"wp:attachment":[{"href":"https:\/\/www.wallendorff.com\/belogue\/wp-json\/wp\/v2\/media?parent=1277"}],"wp:term":[{"taxonomy":"category","embeddable":true,"href":"https:\/\/www.wallendorff.com\/belogue\/wp-json\/wp\/v2\/categories?post=1277"},{"taxonomy":"post_tag","embeddable":true,"href":"https:\/\/www.wallendorff.com\/belogue\/wp-json\/wp\/v2\/tags?post=1277"}],"curies":[{"name":"wp","href":"https:\/\/api.w.org\/{rel}","templated":true}]}}