{"id":127676,"date":"2024-04-05T15:58:45","date_gmt":"2024-04-05T13:58:45","guid":{"rendered":"https:\/\/www.wallendorff.com\/belogue\/?p=127676"},"modified":"2024-04-05T15:58:48","modified_gmt":"2024-04-05T13:58:48","slug":"des-hauts-dor-hantent","status":"publish","type":"post","link":"https:\/\/www.wallendorff.com\/belogue\/2024\/04\/05\/des-hauts-dor-hantent\/","title":{"rendered":"Des hauts d&rsquo;or hantent."},"content":{"rendered":"\t\t<div data-elementor-type=\"wp-post\" data-elementor-id=\"127676\" class=\"elementor elementor-127676\" data-elementor-post-type=\"post\">\n\t\t\t\t\t\t<section class=\"elementor-section elementor-top-section elementor-element elementor-element-4208e565 elementor-section-boxed elementor-section-height-default elementor-section-height-default\" data-id=\"4208e565\" data-element_type=\"section\" data-e-type=\"section\">\n\t\t\t\t\t\t<div class=\"elementor-container elementor-column-gap-default\">\n\t\t\t\t\t<div class=\"elementor-column elementor-col-100 elementor-top-column elementor-element elementor-element-a6dbf54\" data-id=\"a6dbf54\" data-element_type=\"column\" data-e-type=\"column\">\n\t\t\t<div class=\"elementor-widget-wrap elementor-element-populated\">\n\t\t\t\t\t\t<div class=\"elementor-element elementor-element-7167d5dc elementor-widget elementor-widget-text-editor\" data-id=\"7167d5dc\" data-element_type=\"widget\" data-e-type=\"widget\" data-widget_type=\"text-editor.default\">\n\t\t\t\t<div class=\"elementor-widget-container\">\n\t\t\t\t\t\t\t\t\t<div id=\"photo\">\n\n<img decoding=\"async\" src=\"https:\/\/www.wallendorff.com\/belogue\/wp-content\/uploads\/2024\/04\/20240404.jpg\" \/>\nSquare Ren\u00e9-Viviani, Paris, 13 f\u00e9vrier 2024.\n\n<\/div>\t\t\t\t\t\t\t\t<\/div>\n\t\t\t\t<\/div>\n\t\t\t\t\t<\/div>\n\t\t<\/div>\n\t\t\t\t\t<\/div>\n\t\t<\/section>\n\t\t\t\t<\/div>\n\t\t","protected":false},"excerpt":{"rendered":"<p>Square Ren\u00e9-Viviani, Paris, 13 f\u00e9vrier 2024.<\/p>\n","protected":false},"author":1,"featured_media":127678,"comment_status":"open","ping_status":"open","sticky":false,"template":"","format":"standard","meta":{"_acf_changed":false,"ngg_post_thumbnail":0,"jetpack_post_was_ever_published":false,"_jetpack_newsletter_access":"","_jetpack_dont_email_post_to_subs":false,"_jetpack_newsletter_tier_id":0,"_jetpack_memberships_contains_paywalled_content":false,"_jetpack_memberships_contains_paid_content":false,"footnotes":"","jetpack_publicize_message":"","jetpack_publicize_feature_enabled":true,"jetpack_social_post_already_shared":true,"jetpack_social_options":{"image_generator_settings":{"template":"highway","default_image_id":0,"font":"","enabled":false},"version":2}},"categories":[3],"tags":[10239,3524,11365,10120,18290,19009,10121,13866,1696,10098,16812],"class_list":["post-127676","post","type-post","status-publish","format-standard","has-post-thumbnail","hentry","category-dpc","tag-10239","tag-aurore","tag-dome","tag-france","tag-fujifilm-x-t5","tag-fujinon-xf-70-300-mm-f-4-5-6-r-lm-ois-wr","tag-ile-de-france","tag-lever-de-soleil","tag-pantheon","tag-paris","tag-square-rene-viviani"],"acf":[],"geo":{"latitude":48.852562,"longitude":2.3478286,"description":"Paris, \u00cele-de-France, 75018, FR"},"jetpack_publicize_connections":[],"jetpack_featured_media_url":"https:\/\/www.wallendorff.com\/belogue\/wp-content\/uploads\/2024\/04\/20240404.jpg","jetpack_shortlink":"https:\/\/wp.me\/p3b35P-xdi","jetpack_sharing_enabled":true,"jetpack-related-posts":[{"id":47576,"url":"https:\/\/www.wallendorff.com\/belogue\/2020\/12\/31\/decembre-2020\/","url_meta":{"origin":127676,"position":0},"title":"D\u00e9cembre 2020.","author":"dpc","date":"31 d\u00e9cembre 2020","format":false,"excerpt":"Un m\u00e9tro, un sapin de No\u00ebl, un chat pr\u00e9nomm\u00e9 Guirlande-\u00c9lectrique, une tour, un pont, une chaise, un mus\u00e9e, une passerelle, un quai, une bi\u00e8re, un bouquiniste, une passerelle, un quai, un immeuble, un avion, un time lapse, une rue, une passerelle, un square, une cuisine, des tracts, un balcon, un\u2026","rel":"","context":"Dans &quot;Blog-note&quot;","block_context":{"text":"Blog-note","link":"https:\/\/www.wallendorff.com\/belogue\/category\/blog-note\/"},"img":{"alt_text":"","src":"https:\/\/i0.wp.com\/www.wallendorff.com\/belogue\/wp-content\/uploads\/2021\/01\/20210113-85.jpg?resize=350%2C200&ssl=1","width":350,"height":200,"srcset":"https:\/\/i0.wp.com\/www.wallendorff.com\/belogue\/wp-content\/uploads\/2021\/01\/20210113-85.jpg?resize=350%2C200&ssl=1 1x, https:\/\/i0.wp.com\/www.wallendorff.com\/belogue\/wp-content\/uploads\/2021\/01\/20210113-85.jpg?resize=525%2C300&ssl=1 1.5x, https:\/\/i0.wp.com\/www.wallendorff.com\/belogue\/wp-content\/uploads\/2021\/01\/20210113-85.jpg?resize=700%2C400&ssl=1 2x, https:\/\/i0.wp.com\/www.wallendorff.com\/belogue\/wp-content\/uploads\/2021\/01\/20210113-85.jpg?resize=1050%2C600&ssl=1 3x"},"classes":[]},{"id":16133,"url":"https:\/\/www.wallendorff.com\/belogue\/2012\/02\/29\/shooting-meuhmeuhz-3\/","url_meta":{"origin":127676,"position":1},"title":"Shooting meuhmeuhz #3.","author":"dpc","date":"29 f\u00e9vrier 2012","format":false,"excerpt":"Je tiens \u00e0 remercier publiquement Chantal le veau, mais \u00e9galement ses amis Gilles, Djayzone, Arnufle, Potence, Ringo et Paul, Sigourney, Jean-Bielle, Flatule, Ramette, Maurice, Casserole, Ramette, Xavier-Ren\u00e9, Ramette et tous ceux que j'oublie pour s'\u00eatre gentiment laiss\u00e9 approcher sans meugler, b\u00ealer, b\u00e9gu\u00e9ter, grouiner, caqueter, clapir ni broncher. Chantal le veau,\u2026","rel":"","context":"Dans &quot;Alive&quot;","block_context":{"text":"Alive","link":"https:\/\/www.wallendorff.com\/belogue\/category\/alive\/"},"img":{"alt_text":"","src":"https:\/\/i0.wp.com\/www.wallendorff.com\/belogue\/wp-content\/uploads\/2015\/04\/201202291.jpg?resize=350%2C200&ssl=1","width":350,"height":200,"srcset":"https:\/\/i0.wp.com\/www.wallendorff.com\/belogue\/wp-content\/uploads\/2015\/04\/201202291.jpg?resize=350%2C200&ssl=1 1x, https:\/\/i0.wp.com\/www.wallendorff.com\/belogue\/wp-content\/uploads\/2015\/04\/201202291.jpg?resize=525%2C300&ssl=1 1.5x, https:\/\/i0.wp.com\/www.wallendorff.com\/belogue\/wp-content\/uploads\/2015\/04\/201202291.jpg?resize=700%2C400&ssl=1 2x"},"classes":[]},{"id":44942,"url":"https:\/\/www.wallendorff.com\/belogue\/2020\/01\/31\/janvier-2020\/","url_meta":{"origin":127676,"position":2},"title":"Janvier 2020.","author":"dpc","date":"31 janvier 2020","format":false,"excerpt":"Un r\u00e9veillon, une soir\u00e9e, une canop\u00e9e, une soir\u00e9e, une cour carr\u00e9e, un saxophoniste, un pont, une ruelle, une galerie, un d\u00f4me, un bouquiniste, un couple, un pont, une fanfare, un quai, une tradition, un no\u00ebl du livre, une lune, des v\u0153ux, un clocher, un fort, une cath\u00e9drale, une ruelle, une\u2026","rel":"","context":"Dans &quot;Blog-note&quot;","block_context":{"text":"Blog-note","link":"https:\/\/www.wallendorff.com\/belogue\/category\/blog-note\/"},"img":{"alt_text":"","src":"https:\/\/i0.wp.com\/www.wallendorff.com\/belogue\/wp-content\/uploads\/2020\/02\/20200213-76.jpg?resize=350%2C200&ssl=1","width":350,"height":200,"srcset":"https:\/\/i0.wp.com\/www.wallendorff.com\/belogue\/wp-content\/uploads\/2020\/02\/20200213-76.jpg?resize=350%2C200&ssl=1 1x, https:\/\/i0.wp.com\/www.wallendorff.com\/belogue\/wp-content\/uploads\/2020\/02\/20200213-76.jpg?resize=525%2C300&ssl=1 1.5x, https:\/\/i0.wp.com\/www.wallendorff.com\/belogue\/wp-content\/uploads\/2020\/02\/20200213-76.jpg?resize=700%2C400&ssl=1 2x, https:\/\/i0.wp.com\/www.wallendorff.com\/belogue\/wp-content\/uploads\/2020\/02\/20200213-76.jpg?resize=1050%2C600&ssl=1 3x"},"classes":[]},{"id":29946,"url":"https:\/\/www.wallendorff.com\/belogue\/2015\/12\/31\/decembre-2015\/","url_meta":{"origin":127676,"position":3},"title":"D\u00e9cembre 2015.","author":"dpc","date":"31 d\u00e9cembre 2015","format":false,"excerpt":"Du street-tarte, un 11e \u00e9tage, des calendriers de l'Avent, un 4e \u00e9tage, une librairie, un village, un chat qui s'appelle Rudolph, un barrage, une reprise des concerts, un bar en glace, un enfant, une journ\u00e9e au bar, un stagiaire de 3e, un ha\u00efe-fa\u00efve virtuel, un mariage \u00e0 4,5, une belle\u2026","rel":"","context":"Dans &quot;Blog-note&quot;","block_context":{"text":"Blog-note","link":"https:\/\/www.wallendorff.com\/belogue\/category\/blog-note\/"},"img":{"alt_text":"","src":"https:\/\/i0.wp.com\/www.wallendorff.com\/belogue\/wp-content\/uploads\/2016\/01\/20160113-02-1.jpg?resize=350%2C200&ssl=1","width":350,"height":200,"srcset":"https:\/\/i0.wp.com\/www.wallendorff.com\/belogue\/wp-content\/uploads\/2016\/01\/20160113-02-1.jpg?resize=350%2C200&ssl=1 1x, https:\/\/i0.wp.com\/www.wallendorff.com\/belogue\/wp-content\/uploads\/2016\/01\/20160113-02-1.jpg?resize=525%2C300&ssl=1 1.5x, https:\/\/i0.wp.com\/www.wallendorff.com\/belogue\/wp-content\/uploads\/2016\/01\/20160113-02-1.jpg?resize=700%2C400&ssl=1 2x"},"classes":[]},{"id":10962,"url":"https:\/\/www.wallendorff.com\/belogue\/2010\/12\/26\/2010en-1\/","url_meta":{"origin":127676,"position":4},"title":"2010 en&#8230; #1.","author":"dpc","date":"26 d\u00e9cembre 2010","format":false,"excerpt":"[Merci \u00e0 Marion Ruszniewski et Michela Cuccagna pour l'inestimable aide apport\u00e9e durant l'\u00e9laboration de cette \u0152uvre po\u00e9tique.] pr\u00e9sente 2011 en 5 horreurs musicales radiodiffus\u00e9es [C'est quand m\u00eame fou de voir que chaque ann\u00e9e, c'est dans ce classement-l\u00e0 et nulle part ailleurs que l'on voit se presser le plus d'artistes francophones.]\u2026","rel":"","context":"Dans &quot;DPC&quot;","block_context":{"text":"DPC","link":"https:\/\/www.wallendorff.com\/belogue\/category\/dpc\/"},"img":{"alt_text":"","src":"https:\/\/i0.wp.com\/www.wallendorff.com\/belogue\/wp-content\/uploads\/2015\/04\/201012261.jpg?resize=350%2C200&ssl=1","width":350,"height":200},"classes":[]},{"id":127545,"url":"https:\/\/www.wallendorff.com\/belogue\/2024\/02\/29\/fevrier-2024\/","url_meta":{"origin":127676,"position":5},"title":"F\u00e9vrier 2024.","author":"dpc","date":"29 f\u00e9vrier 2024","format":false,"excerpt":"Un gros piquet, des lumi\u00e8res, un si\u00e8ge, un man\u00e8ge, un m\u00e9tro, des chaises, un spectacle, un bisou, une expo, un gros dino, un v\u00e9lo, un reflet, un m\u00e9tro, un logo, une vitrine, une flaque, une cour, un pont, une grue, un chat pr\u00e9nomm\u00e9 Albert, un serpent tout vert, une marche,\u2026","rel":"","context":"Dans &quot;Blog-note&quot;","block_context":{"text":"Blog-note","link":"https:\/\/www.wallendorff.com\/belogue\/category\/blog-note\/"},"img":{"alt_text":"","src":"https:\/\/i0.wp.com\/www.wallendorff.com\/belogue\/wp-content\/uploads\/2024\/03\/20240321-50.jpg?resize=350%2C200&ssl=1","width":350,"height":200,"srcset":"https:\/\/i0.wp.com\/www.wallendorff.com\/belogue\/wp-content\/uploads\/2024\/03\/20240321-50.jpg?resize=350%2C200&ssl=1 1x, https:\/\/i0.wp.com\/www.wallendorff.com\/belogue\/wp-content\/uploads\/2024\/03\/20240321-50.jpg?resize=525%2C300&ssl=1 1.5x, https:\/\/i0.wp.com\/www.wallendorff.com\/belogue\/wp-content\/uploads\/2024\/03\/20240321-50.jpg?resize=700%2C400&ssl=1 2x, https:\/\/i0.wp.com\/www.wallendorff.com\/belogue\/wp-content\/uploads\/2024\/03\/20240321-50.jpg?resize=1050%2C600&ssl=1 3x"},"classes":[]}],"_links":{"self":[{"href":"https:\/\/www.wallendorff.com\/belogue\/wp-json\/wp\/v2\/posts\/127676","targetHints":{"allow":["GET"]}}],"collection":[{"href":"https:\/\/www.wallendorff.com\/belogue\/wp-json\/wp\/v2\/posts"}],"about":[{"href":"https:\/\/www.wallendorff.com\/belogue\/wp-json\/wp\/v2\/types\/post"}],"author":[{"embeddable":true,"href":"https:\/\/www.wallendorff.com\/belogue\/wp-json\/wp\/v2\/users\/1"}],"replies":[{"embeddable":true,"href":"https:\/\/www.wallendorff.com\/belogue\/wp-json\/wp\/v2\/comments?post=127676"}],"version-history":[{"count":15,"href":"https:\/\/www.wallendorff.com\/belogue\/wp-json\/wp\/v2\/posts\/127676\/revisions"}],"predecessor-version":[{"id":127693,"href":"https:\/\/www.wallendorff.com\/belogue\/wp-json\/wp\/v2\/posts\/127676\/revisions\/127693"}],"wp:featuredmedia":[{"embeddable":true,"href":"https:\/\/www.wallendorff.com\/belogue\/wp-json\/wp\/v2\/media\/127678"}],"wp:attachment":[{"href":"https:\/\/www.wallendorff.com\/belogue\/wp-json\/wp\/v2\/media?parent=127676"}],"wp:term":[{"taxonomy":"category","embeddable":true,"href":"https:\/\/www.wallendorff.com\/belogue\/wp-json\/wp\/v2\/categories?post=127676"},{"taxonomy":"post_tag","embeddable":true,"href":"https:\/\/www.wallendorff.com\/belogue\/wp-json\/wp\/v2\/tags?post=127676"}],"curies":[{"name":"wp","href":"https:\/\/api.w.org\/{rel}","templated":true}]}}