{"id":127618,"date":"2024-03-25T12:26:18","date_gmt":"2024-03-25T10:26:18","guid":{"rendered":"https:\/\/www.wallendorff.com\/belogue\/?p=127618"},"modified":"2024-03-25T12:42:42","modified_gmt":"2024-03-25T10:42:42","slug":"remastered-7","status":"publish","type":"post","link":"https:\/\/www.wallendorff.com\/belogue\/2024\/03\/25\/remastered-7\/","title":{"rendered":"Remastered #7."},"content":{"rendered":"\t\t<div data-elementor-type=\"wp-post\" data-elementor-id=\"127618\" class=\"elementor elementor-127618\" data-elementor-post-type=\"post\">\n\t\t\t\t\t\t<section class=\"elementor-section elementor-top-section elementor-element elementor-element-4208e565 elementor-section-boxed elementor-section-height-default elementor-section-height-default\" data-id=\"4208e565\" data-element_type=\"section\" data-e-type=\"section\">\n\t\t\t\t\t\t<div class=\"elementor-container elementor-column-gap-default\">\n\t\t\t\t\t<div class=\"elementor-column elementor-col-100 elementor-top-column elementor-element elementor-element-a6dbf54\" data-id=\"a6dbf54\" data-element_type=\"column\" data-e-type=\"column\">\n\t\t\t<div class=\"elementor-widget-wrap elementor-element-populated\">\n\t\t\t\t\t\t<div class=\"elementor-element elementor-element-7167d5dc elementor-widget elementor-widget-text-editor\" data-id=\"7167d5dc\" data-element_type=\"widget\" data-e-type=\"widget\" data-widget_type=\"text-editor.default\">\n\t\t\t\t<div class=\"elementor-widget-container\">\n\t\t\t\t\t\t\t\t\t<div id=\"photo\">\n\n<img decoding=\"async\" src=\"https:\/\/www.wallendorff.com\/belogue\/wp-content\/uploads\/2024\/03\/20240325.jpg\" \/>\nRamberg, 2 mars 2019.\n\n<\/div>\t\t\t\t\t\t\t\t<\/div>\n\t\t\t\t<\/div>\n\t\t\t\t<div class=\"elementor-element elementor-element-3f49a09 elementor-widget elementor-widget-text-editor\" data-id=\"3f49a09\" data-element_type=\"widget\" data-e-type=\"widget\" data-widget_type=\"text-editor.default\">\n\t\t\t\t<div class=\"elementor-widget-container\">\n\t\t\t\t\t\t\t\t\t<p style=\"text-align: right;\">\u00c7a publie peu, ces temps, pour diff\u00e9rentes raisons. D&rsquo;une part, \u00e7a travaille sur un projet \u00e0 moyen terme, qui implique de ne pas publier au fil de l&rsquo;eau comme je le fais habituellement.<\/p><p style=\"text-align: right;\">D&rsquo;autre part, \u00e7a travaille sur son portfolio. \u00c7a se prom\u00e8ne dans 20 ans d&rsquo;archives, \u00e7a retravaille de vieilles photo en profitant des progr\u00e8s conjugu\u00e9s des logiciels d&rsquo;image et de mes comp\u00e9tences en d\u00e9veloppement num\u00e9rique. \u00c7a essaie de trouver des th\u00e8mes solides pour en faire des s\u00e9ries coh\u00e9rentes.<\/p><p style=\"text-align: right;\">De temps en temps, \u00e7a retrouve un in\u00e9dit laiss\u00e9 de c\u00f4t\u00e9 \u00e0 l&rsquo;\u00e9poque et \u00e7a se dit que finalement, il est publiable.<\/p><p style=\"text-align: right;\">Dont acte.<\/p><p style=\"text-align: right;\">Pourquoi <em>Remastered #7<\/em> alors que vous avez pas vu le #6 ? Parce que ce dernier <a href=\"https:\/\/www.wallendorff.com\/belogue\/2010\/04\/18\/remastered-6\/\">date de 2010<\/a>.<\/p><p style=\"text-align: right;\"><a href=\"https:\/\/www.wallendorff.com\/belogue\/tag\/remastered\/\">Et o\u00f9 est pass\u00e9 le <em>Remastered #2<\/em><\/a> ? Alors l\u00e0, franchement, aucune id\u00e9e.<\/p><p style=\"text-align: right;\">Mais \u00e0 part \u00e7a, rien.<\/p>\t\t\t\t\t\t\t\t<\/div>\n\t\t\t\t<\/div>\n\t\t\t\t\t<\/div>\n\t\t<\/div>\n\t\t\t\t\t<\/div>\n\t\t<\/section>\n\t\t\t\t<\/div>\n\t\t","protected":false},"excerpt":{"rendered":"<p>Ramberg, 2 mars 2019. \u00c7a publie peu, ces temps, pour diff\u00e9rentes raisons. D&rsquo;une part, \u00e7a travaille sur un projet \u00e0 moyen terme, qui implique de ne pas publier au fil de l&rsquo;eau comme je le fais habituellement. D&rsquo;autre part, \u00e7a travaille sur son portfolio. \u00c7a se prom\u00e8ne dans 20 ans d&rsquo;archives, \u00e7a retravaille de vieilles&hellip;<\/p>\n","protected":false},"author":1,"featured_media":127620,"comment_status":"open","ping_status":"open","sticky":false,"template":"","format":"standard","meta":{"_acf_changed":false,"ngg_post_thumbnail":0,"jetpack_post_was_ever_published":false,"_jetpack_newsletter_access":"","_jetpack_dont_email_post_to_subs":false,"_jetpack_newsletter_tier_id":0,"_jetpack_memberships_contains_paywalled_content":false,"_jetpack_memberships_contains_paid_content":false,"footnotes":"","jetpack_publicize_message":"","jetpack_publicize_feature_enabled":true,"jetpack_social_post_already_shared":true,"jetpack_social_options":{"image_generator_settings":{"template":"highway","default_image_id":0,"font":"","enabled":false},"version":2}},"categories":[3],"tags":[15499,10144,15496,15497,14271,15309,15495,10426,2357,10147,11323,10714,15498,10592,1425],"class_list":["post-127618","post","type-post","status-publish","format-standard","has-post-thumbnail","hentry","category-dpc","tag-aurore-boreale","tag-ciel","tag-comte-de-nordland","tag-flakstad","tag-fujifilm-x-t2","tag-fujinon-xf-16-55-mm-f-2-8-r-lm-wr","tag-lofoten","tag-montagne","tag-norvege","tag-nuit","tag-panoramique","tag-plage","tag-plage-de-skagsanden","tag-pose-longue","tag-remastered"],"acf":[],"geo":{"latitude":68.093895,"longitude":13.2353926,"description":"Ramberg, Nordland, 8388, NO"},"jetpack_publicize_connections":[],"jetpack_featured_media_url":"https:\/\/www.wallendorff.com\/belogue\/wp-content\/uploads\/2024\/03\/20240325.jpg","jetpack_shortlink":"https:\/\/wp.me\/p3b35P-xcm","jetpack_sharing_enabled":true,"jetpack-related-posts":[{"id":3007,"url":"https:\/\/www.wallendorff.com\/belogue\/2008\/08\/25\/remastered-5\/","url_meta":{"origin":127618,"position":0},"title":"Remastered #5","author":"dpc","date":"25 ao\u00fbt 2008","format":false,"excerpt":"\u00c0 la demande g\u00e9n\u00e9rale conjointe de Myoo et Silphi [et m\u00eame si personnellement je pr\u00e9f\u00e8re la version noir et blanc]\u00a0: Pont Neuf, Paris, 24 juillet. Isobel Campbell & Mark Lanegan \u2013 Revolver1 \u201cAnd I dreamed of ending and flying away\u201d _____ 1 \u00c7a tombe quand m\u00eame bigrement bien d'\u00eatre all\u00e9\u2026","rel":"","context":"Dans &quot;DPC&quot;","block_context":{"text":"DPC","link":"https:\/\/www.wallendorff.com\/belogue\/category\/dpc\/"},"img":{"alt_text":"","src":"https:\/\/i0.wp.com\/www.wallendorff.com\/belogue\/wp-content\/uploads\/2015\/04\/200808251.jpg?resize=350%2C200&ssl=1","width":350,"height":200},"classes":[]},{"id":131666,"url":"https:\/\/www.wallendorff.com\/belogue\/2025\/01\/29\/en-2024-2-2\/","url_meta":{"origin":127618,"position":1},"title":"En 2024 [2\/2].","author":"dpc","date":"29 janvier 2025","format":false,"excerpt":"En 2024, j'ai parcouru 6 047 km dans Paris, soit encore plus qu'en 2023, en restant rive nord autant que possible car la rive sud est b\u00e2tie sur un cimeti\u00e8re indien. L\u00e0 aussi j'ai trop pris la voiture, mais j'avais une bonne excuse (pour \u00e9viter toute question trop personnelle disons\u2026","rel":"","context":"Dans &quot;DPC&quot;","block_context":{"text":"DPC","link":"https:\/\/www.wallendorff.com\/belogue\/category\/dpc\/"},"img":{"alt_text":"","src":"https:\/\/i0.wp.com\/www.wallendorff.com\/belogue\/wp-content\/uploads\/2025\/01\/20250127-06.jpg?resize=350%2C200&ssl=1","width":350,"height":200,"srcset":"https:\/\/i0.wp.com\/www.wallendorff.com\/belogue\/wp-content\/uploads\/2025\/01\/20250127-06.jpg?resize=350%2C200&ssl=1 1x, https:\/\/i0.wp.com\/www.wallendorff.com\/belogue\/wp-content\/uploads\/2025\/01\/20250127-06.jpg?resize=525%2C300&ssl=1 1.5x, https:\/\/i0.wp.com\/www.wallendorff.com\/belogue\/wp-content\/uploads\/2025\/01\/20250127-06.jpg?resize=700%2C400&ssl=1 2x, https:\/\/i0.wp.com\/www.wallendorff.com\/belogue\/wp-content\/uploads\/2025\/01\/20250127-06.jpg?resize=1050%2C600&ssl=1 3x"},"classes":[]},{"id":135161,"url":"https:\/\/www.wallendorff.com\/belogue\/2026\/01\/30\/en-2025-2-2\/","url_meta":{"origin":127618,"position":2},"title":"En 2025 [2\/2].","author":"dpc","date":"30 janvier 2026","format":false,"excerpt":"5 364 km dans Paris en 2025. C'est moins qu'en 2024 mais entre nous j'\u00e9tais un peu moins l\u00e0. On dirait que le clivage rive nord \u2013 rive sud est quand m\u00eame moins marqu\u00e9 qu'avant. Toujours beaucoup de voiture dans Paris en 2025 mais y a des choses dans la\u2026","rel":"","context":"Dans &quot;DPC&quot;","block_context":{"text":"DPC","link":"https:\/\/www.wallendorff.com\/belogue\/category\/dpc\/"},"img":{"alt_text":"","src":"https:\/\/i0.wp.com\/www.wallendorff.com\/belogue\/wp-content\/uploads\/2026\/01\/20260130-01.jpg?resize=350%2C200&ssl=1","width":350,"height":200,"srcset":"https:\/\/i0.wp.com\/www.wallendorff.com\/belogue\/wp-content\/uploads\/2026\/01\/20260130-01.jpg?resize=350%2C200&ssl=1 1x, https:\/\/i0.wp.com\/www.wallendorff.com\/belogue\/wp-content\/uploads\/2026\/01\/20260130-01.jpg?resize=525%2C300&ssl=1 1.5x, https:\/\/i0.wp.com\/www.wallendorff.com\/belogue\/wp-content\/uploads\/2026\/01\/20260130-01.jpg?resize=700%2C400&ssl=1 2x, https:\/\/i0.wp.com\/www.wallendorff.com\/belogue\/wp-content\/uploads\/2026\/01\/20260130-01.jpg?resize=1050%2C600&ssl=1 3x"},"classes":[]},{"id":176,"url":"https:\/\/www.wallendorff.com\/belogue\/2006\/06\/20\/calling-all-stations\/","url_meta":{"origin":127618,"position":3},"title":"Calling All Stations.","author":"dpc","date":"20 juin 2006","format":false,"excerpt":"Villejust, 9 juin. Chez Radioblogclub, ils ont mis une chouette nouvelle fonctionnalit\u00e9 qui permet de poster n'importe quel titre pourvu qu'il soit dans leur base de donn\u00e9e, le tout sans avoir \u00e0 t\u00e9l\u00e9charger du mp3 ill\u00e9galement en changeant son extension pour ne pas que les mouchards du service info le\u2026","rel":"","context":"Dans &quot;DPC&quot;","block_context":{"text":"DPC","link":"https:\/\/www.wallendorff.com\/belogue\/category\/dpc\/"},"img":{"alt_text":"","src":"https:\/\/i0.wp.com\/www.wallendorff.com\/belogue\/wp-content\/uploads\/2015\/04\/200606201.jpg?resize=350%2C200&ssl=1","width":350,"height":200},"classes":[]},{"id":10744,"url":"https:\/\/www.wallendorff.com\/belogue\/2010\/12\/14\/ca-digue-ou-la-destinee\/","url_meta":{"origin":127618,"position":4},"title":"\u00c7a digue [ou la destin\u00e9e].","author":"dpc","date":"14 d\u00e9cembre 2010","format":false,"excerpt":"Plage de Langoz, Loctudy, 31 octobre. Il est certes de fort mauvais go\u00fbt de poster en 2010 des bandes-sons avec des coiffures pareilles mais \u00e7a fait treize ans que ce truc me tombe dans la t\u00eate \u00e0 chaque fois que je croise une plage ensoleill\u00e9e et zut \u00e0 la fin\u2026","rel":"","context":"Dans &quot;DPC&quot;","block_context":{"text":"DPC","link":"https:\/\/www.wallendorff.com\/belogue\/category\/dpc\/"},"img":{"alt_text":"","src":"https:\/\/i0.wp.com\/www.wallendorff.com\/belogue\/wp-content\/uploads\/2015\/04\/201012141.jpg?resize=350%2C200&ssl=1","width":350,"height":200,"srcset":"https:\/\/i0.wp.com\/www.wallendorff.com\/belogue\/wp-content\/uploads\/2015\/04\/201012141.jpg?resize=350%2C200&ssl=1 1x, https:\/\/i0.wp.com\/www.wallendorff.com\/belogue\/wp-content\/uploads\/2015\/04\/201012141.jpg?resize=525%2C300&ssl=1 1.5x, https:\/\/i0.wp.com\/www.wallendorff.com\/belogue\/wp-content\/uploads\/2015\/04\/201012141.jpg?resize=700%2C400&ssl=1 2x"},"classes":[]},{"id":132422,"url":"https:\/\/www.wallendorff.com\/belogue\/2025\/06\/12\/jaunes-dombres\/","url_meta":{"origin":127618,"position":5},"title":"Jaunes d&rsquo;ombres.","author":"dpc","date":"12 juin 2025","format":false,"excerpt":"Tour Montparnasse, Paris, 18 avril 2024.Merci \u00e0 Lala mais pas \u00e0 Leffe\u00ae ni Twinuts\u00ae car j'ai sottement oubli\u00e9 de faire les commissions. Et \u00e0 part \u00e7a... Il y a vingt-et-un ans, les Pistons de D\u00e9troit \u00e9taient en finale NBA. Il y a vingt ans, les Pistons de D\u00e9troit \u00e9taient encore\u2026","rel":"","context":"Dans &quot;DPC&quot;","block_context":{"text":"DPC","link":"https:\/\/www.wallendorff.com\/belogue\/category\/dpc\/"},"img":{"alt_text":"","src":"https:\/\/i0.wp.com\/www.wallendorff.com\/belogue\/wp-content\/uploads\/2025\/06\/20250612-08.jpg?resize=350%2C200&ssl=1","width":350,"height":200,"srcset":"https:\/\/i0.wp.com\/www.wallendorff.com\/belogue\/wp-content\/uploads\/2025\/06\/20250612-08.jpg?resize=350%2C200&ssl=1 1x, https:\/\/i0.wp.com\/www.wallendorff.com\/belogue\/wp-content\/uploads\/2025\/06\/20250612-08.jpg?resize=525%2C300&ssl=1 1.5x, https:\/\/i0.wp.com\/www.wallendorff.com\/belogue\/wp-content\/uploads\/2025\/06\/20250612-08.jpg?resize=700%2C400&ssl=1 2x, https:\/\/i0.wp.com\/www.wallendorff.com\/belogue\/wp-content\/uploads\/2025\/06\/20250612-08.jpg?resize=1050%2C600&ssl=1 3x"},"classes":[]}],"_links":{"self":[{"href":"https:\/\/www.wallendorff.com\/belogue\/wp-json\/wp\/v2\/posts\/127618","targetHints":{"allow":["GET"]}}],"collection":[{"href":"https:\/\/www.wallendorff.com\/belogue\/wp-json\/wp\/v2\/posts"}],"about":[{"href":"https:\/\/www.wallendorff.com\/belogue\/wp-json\/wp\/v2\/types\/post"}],"author":[{"embeddable":true,"href":"https:\/\/www.wallendorff.com\/belogue\/wp-json\/wp\/v2\/users\/1"}],"replies":[{"embeddable":true,"href":"https:\/\/www.wallendorff.com\/belogue\/wp-json\/wp\/v2\/comments?post=127618"}],"version-history":[{"count":12,"href":"https:\/\/www.wallendorff.com\/belogue\/wp-json\/wp\/v2\/posts\/127618\/revisions"}],"predecessor-version":[{"id":127631,"href":"https:\/\/www.wallendorff.com\/belogue\/wp-json\/wp\/v2\/posts\/127618\/revisions\/127631"}],"wp:featuredmedia":[{"embeddable":true,"href":"https:\/\/www.wallendorff.com\/belogue\/wp-json\/wp\/v2\/media\/127620"}],"wp:attachment":[{"href":"https:\/\/www.wallendorff.com\/belogue\/wp-json\/wp\/v2\/media?parent=127618"}],"wp:term":[{"taxonomy":"category","embeddable":true,"href":"https:\/\/www.wallendorff.com\/belogue\/wp-json\/wp\/v2\/categories?post=127618"},{"taxonomy":"post_tag","embeddable":true,"href":"https:\/\/www.wallendorff.com\/belogue\/wp-json\/wp\/v2\/tags?post=127618"}],"curies":[{"name":"wp","href":"https:\/\/api.w.org\/{rel}","templated":true}]}}