{"id":1276,"date":"2008-07-23T10:20:03","date_gmt":"2008-07-23T10:20:03","guid":{"rendered":"http:\/\/www.po-l.com\/wordpress\/?p=1276"},"modified":"2012-05-03T09:52:04","modified_gmt":"2012-05-03T07:52:04","slug":"pis-a-prismes-15","status":"publish","type":"post","link":"https:\/\/www.wallendorff.com\/belogue\/2008\/07\/23\/pis-a-prismes-15\/","title":{"rendered":"Pis \u00e0 prismes #15."},"content":{"rendered":"<div id=\"photo\">\n<p><img decoding=\"async\" src=\"https:\/\/www.wallendorff.com\/belogue\/photo\/2008\/07\/20080723.jpg\" \/><br \/>\n    Passerelle Debilly, Paris, 23 juin et 3 juillet.<\/p>\n<\/div>\n<p style=\"text-align:right\"><em>Well hurry on sundown See what tomorrow brings Hurry on sundown See what tomorrow brings Well it may bring war Any old thing Well look into your mind&rsquo;s eye See what you can see There&rsquo;s hundreds of people like you and me. Hurry on Sundown Hurry on Sundown Hurry on Sundown Hurry on Sundown.<\/em><\/p>\n<p style=\"text-align:right\">Et <a href=\"http:\/\/www.journalduneblonde.net\/index.php\/2008\/07\/23\/712-pong\">p&iuml;ng<\/a>.<\/p>\n<div id=\"bandeson\">\n<p><img decoding=\"async\" src=\"https:\/\/www.wallendorff.com\/belogue\/photo\/pochettes\/v\/vetiver-thing_from_the_past.jpg\" align=\"left\" \/>&nbsp;&nbsp;<a href=\"http:\/\/www.vetiverse.com\/\">Vetiver<\/a> &ndash; <em>Hurry on Sundown<\/em> (Hawkwind cover)<\/p>\n<\/div>\n<p>&Ccedil;a n&rsquo;a rien &agrave; voir mais pendant ce temps&nbsp;:<\/p>\n<ul>\n<li><a href=\"http:\/\/www.the-bip.com\/dotclear\/index.php?2008\/07\/22\/408-des-belges-prives-de-fete-nationale-par-lambassadeur\">C&rsquo;est la crise<\/a> dans la communaut&eacute; belge de Paris&nbsp;;<\/li>\n<li><a href=\"http:\/\/blog.alaingrodard.fr\/divers\/exposition-annie-leibovitz\/\">Annie Lebowitz squatte<\/a> la Maison Europ&eacute;enne de la photographie&nbsp;;<\/li>\n<li><a href=\"http:\/\/www.northlight-images.co.uk\/cameras\/Canon_5d2_3d_7d.html\">Un gars sympa fait la synth&egrave;se de toutes les rumeurs sur l&rsquo;attendu nouveau bo&icirc;tier Canon<\/a> pour que les mecs dans mon genre arr&ecirc;tent de perdre leur temps &agrave; arpenter le Internet en qu&ecirc;te d&rsquo;information juteuses, indiscr&egrave;tes voire salaces sur leur prochain jouet dont ils r&ecirc;vent toutes les nuits et s&rsquo;en tiennent &agrave; une visite aussi quotidienne que pieuse.<\/li>\n","protected":false},"excerpt":{"rendered":"<p>Passerelle Debilly, Paris, 23 juin et 3 juillet. Well hurry on sundown See what tomorrow brings Hurry on sundown See what tomorrow brings Well it may bring war Any old thing Well look into your mind&rsquo;s eye See what you can see There&rsquo;s hundreds of people like you and me. Hurry on Sundown Hurry on&hellip;<\/p>\n","protected":false},"author":1,"featured_media":25202,"comment_status":"open","ping_status":"open","sticky":false,"template":"","format":"standard","meta":{"_acf_changed":false,"ngg_post_thumbnail":0,"jetpack_post_was_ever_published":false,"_jetpack_newsletter_access":"","_jetpack_dont_email_post_to_subs":false,"_jetpack_newsletter_tier_id":0,"_jetpack_memberships_contains_paywalled_content":false,"_jetpack_memberships_contains_paid_content":false,"footnotes":"","jetpack_publicize_message":"","jetpack_publicize_feature_enabled":true,"jetpack_social_post_already_shared":false,"jetpack_social_options":{"image_generator_settings":{"template":"highway","default_image_id":0,"font":"","enabled":false},"version":2}},"categories":[13],"tags":[10235,10237,737,142,132,10326,10120,2500,2499,10121,143,10147,10098,10493,10380,10236,2498],"class_list":["post-1276","post","type-post","status-publish","format-standard","has-post-thumbnail","hentry","category-pis-a-prismes","tag-10235","tag-10237","tag-bleu","tag-ef-s-10-22-mm-f35-45-usm","tag-eos-20d","tag-crepuscule","tag-france","tag-hawkwind","tag-hurry-on-sundown","tag-ile-de-france","tag-noir-et-blanc","tag-nuit","tag-paris","tag-passerelle-debilly","tag-pont","tag-tour-eiffel","tag-vetiver"],"acf":[],"geo":{"latitude":48.8625755,"longitude":2.2968941,"description":"Passerelle Debilly, 75007 Paris, France"},"jetpack_publicize_connections":[],"jetpack_featured_media_url":"https:\/\/www.wallendorff.com\/belogue\/wp-content\/uploads\/2015\/04\/200807231.jpg","jetpack_shortlink":"https:\/\/wp.me\/p3b35P-kA","jetpack_sharing_enabled":true,"jetpack-related-posts":[{"id":23337,"url":"https:\/\/www.wallendorff.com\/belogue\/2014\/08\/29\/into-the-wide-31-32-x-pis-a-prismes-37-38\/","url_meta":{"origin":1276,"position":0},"title":"Into the wide #31, 32 \u00d7 Pis \u00e0 prismes #37, 38.","author":"dpc","date":"29 ao\u00fbt 2014","format":false,"excerpt":"Passerelle Debilly, Paris, 14 juin. Passerelle Debilly, Paris, 14 juin. Passerelle parisienne pr\u00e9f\u00e9r\u00e9e. Break Your Heart The Gaslight Anthem","rel":"","context":"Dans &quot;Into the wide&quot;","block_context":{"text":"Into the wide","link":"https:\/\/www.wallendorff.com\/belogue\/category\/into-the-wide\/"},"img":{"alt_text":"","src":"https:\/\/i0.wp.com\/www.wallendorff.com\/belogue\/wp-content\/uploads\/2015\/04\/201408291.jpg?resize=350%2C200&ssl=1","width":350,"height":200,"srcset":"https:\/\/i0.wp.com\/www.wallendorff.com\/belogue\/wp-content\/uploads\/2015\/04\/201408291.jpg?resize=350%2C200&ssl=1 1x, https:\/\/i0.wp.com\/www.wallendorff.com\/belogue\/wp-content\/uploads\/2015\/04\/201408291.jpg?resize=525%2C300&ssl=1 1.5x, https:\/\/i0.wp.com\/www.wallendorff.com\/belogue\/wp-content\/uploads\/2015\/04\/201408291.jpg?resize=700%2C400&ssl=1 2x"},"classes":[]},{"id":12713,"url":"https:\/\/www.wallendorff.com\/belogue\/2011\/05\/05\/pis-a-prismes-27\/","url_meta":{"origin":1276,"position":1},"title":"Pis \u00e0 prismes #27.","author":"dpc","date":"5 mai 2011","format":false,"excerpt":"Passerelle Debilly, Paris, 16 avril. \u00a0The Raveonettes \u2014 War in Heaven","rel":"","context":"Dans &quot;DPC&quot;","block_context":{"text":"DPC","link":"https:\/\/www.wallendorff.com\/belogue\/category\/dpc\/"},"img":{"alt_text":"","src":"https:\/\/i0.wp.com\/www.wallendorff.com\/belogue\/wp-content\/uploads\/2015\/04\/201105051.jpg?resize=350%2C200&ssl=1","width":350,"height":200},"classes":[]},{"id":1240,"url":"https:\/\/www.wallendorff.com\/belogue\/2008\/05\/31\/blog-note-mai-2008\/","url_meta":{"origin":1276,"position":2},"title":"Blog-note &#8211; mai 2008.","author":"dpc","date":"31 mai 2008","format":false,"excerpt":"Albums Mugison \u2013 Mugiboogie Eugene McGuinness \u2013 The Early Learning of Eugene McGuinness Russian Circles \u2013 Station No Age \u2013 Nouns Everlast \u2013 Love, War, and the Ghost of Whitey Ford Day One \u2013 Probably Art Les Corsaires du Mouv' Of Montreal \u2013 Icons, Abstract Thee Vetiver \u2013 Thing of\u2026","rel":"","context":"Dans &quot;Blog-note&quot;","block_context":{"text":"Blog-note","link":"https:\/\/www.wallendorff.com\/belogue\/category\/blog-note\/"},"img":{"alt_text":"","src":"","width":0,"height":0},"classes":[]},{"id":22899,"url":"https:\/\/www.wallendorff.com\/belogue\/2014\/06\/05\/dix-ans-et-une-tour\/","url_meta":{"origin":1276,"position":3},"title":"Dix ans et une tour.","author":"dpc","date":"5 juin 2014","format":false,"excerpt":"Dix ans \u00e0 passer devant, \u00e0 tourner autour, \u00e0 la d\u00e9tailler sous toutes les coutures. Dix ans \u00e0 retomber dessus sans cesse sans jamais la chercher, au point de finir par lui d\u00e9dier la s\u00e9rie photographique au titre le plus pourri de la d\u00e9cennie. Pis \u00e0 prismes #11. Champ de\u2026","rel":"","context":"Dans &quot;DPC&quot;","block_context":{"text":"DPC","link":"https:\/\/www.wallendorff.com\/belogue\/category\/dpc\/"},"img":{"alt_text":"","src":"https:\/\/i0.wp.com\/www.wallendorff.com\/belogue\/wp-content\/uploads\/2015\/04\/201301223.jpg?resize=350%2C200&ssl=1","width":350,"height":200,"srcset":"https:\/\/i0.wp.com\/www.wallendorff.com\/belogue\/wp-content\/uploads\/2015\/04\/201301223.jpg?resize=350%2C200&ssl=1 1x, https:\/\/i0.wp.com\/www.wallendorff.com\/belogue\/wp-content\/uploads\/2015\/04\/201301223.jpg?resize=525%2C300&ssl=1 1.5x, https:\/\/i0.wp.com\/www.wallendorff.com\/belogue\/wp-content\/uploads\/2015\/04\/201301223.jpg?resize=700%2C400&ssl=1 2x"},"classes":[]},{"id":244,"url":"https:\/\/www.wallendorff.com\/belogue\/2005\/12\/10\/pis-a-prismes-6\/","url_meta":{"origin":1276,"position":4},"title":"Pis &agrave; prismes #6.","author":"dpc","date":"10 d\u00e9cembre 2005","format":false,"excerpt":"Champ de Mars, Paris, 5 d\u00e9cembre. Et demain, j'arr\u00eate. \u00a0Nada Surf \u2013 Imaginary Friends","rel":"","context":"Dans &quot;Pis \u00e0 prismes&quot;","block_context":{"text":"Pis \u00e0 prismes","link":"https:\/\/www.wallendorff.com\/belogue\/category\/pis-a-prismes\/"},"img":{"alt_text":"","src":"https:\/\/i0.wp.com\/www.wallendorff.com\/belogue\/wp-content\/uploads\/2015\/04\/200512101.jpg?resize=350%2C200&ssl=1","width":350,"height":200},"classes":[]},{"id":1173,"url":"https:\/\/www.wallendorff.com\/belogue\/2008\/02\/28\/pis-prismes-11\/","url_meta":{"origin":1276,"position":5},"title":"Pis \u00e0 prismes #11.","author":"dpc","date":"28 f\u00e9vrier 2008","format":false,"excerpt":"Tour Eiffel, Paris, 27 janvier. Et garder le meilleur pour la fin. \u00a0MGMT \u2013 Time to Pretend","rel":"","context":"Dans &quot;Pis \u00e0 prismes&quot;","block_context":{"text":"Pis \u00e0 prismes","link":"https:\/\/www.wallendorff.com\/belogue\/category\/pis-a-prismes\/"},"img":{"alt_text":"","src":"https:\/\/i0.wp.com\/www.wallendorff.com\/belogue\/wp-content\/uploads\/2015\/04\/200802281.jpg?resize=350%2C200&ssl=1","width":350,"height":200,"srcset":"https:\/\/i0.wp.com\/www.wallendorff.com\/belogue\/wp-content\/uploads\/2015\/04\/200802281.jpg?resize=350%2C200&ssl=1 1x, https:\/\/i0.wp.com\/www.wallendorff.com\/belogue\/wp-content\/uploads\/2015\/04\/200802281.jpg?resize=525%2C300&ssl=1 1.5x"},"classes":[]}],"_links":{"self":[{"href":"https:\/\/www.wallendorff.com\/belogue\/wp-json\/wp\/v2\/posts\/1276","targetHints":{"allow":["GET"]}}],"collection":[{"href":"https:\/\/www.wallendorff.com\/belogue\/wp-json\/wp\/v2\/posts"}],"about":[{"href":"https:\/\/www.wallendorff.com\/belogue\/wp-json\/wp\/v2\/types\/post"}],"author":[{"embeddable":true,"href":"https:\/\/www.wallendorff.com\/belogue\/wp-json\/wp\/v2\/users\/1"}],"replies":[{"embeddable":true,"href":"https:\/\/www.wallendorff.com\/belogue\/wp-json\/wp\/v2\/comments?post=1276"}],"version-history":[{"count":2,"href":"https:\/\/www.wallendorff.com\/belogue\/wp-json\/wp\/v2\/posts\/1276\/revisions"}],"predecessor-version":[{"id":17160,"href":"https:\/\/www.wallendorff.com\/belogue\/wp-json\/wp\/v2\/posts\/1276\/revisions\/17160"}],"wp:featuredmedia":[{"embeddable":true,"href":"https:\/\/www.wallendorff.com\/belogue\/wp-json\/wp\/v2\/media\/25202"}],"wp:attachment":[{"href":"https:\/\/www.wallendorff.com\/belogue\/wp-json\/wp\/v2\/media?parent=1276"}],"wp:term":[{"taxonomy":"category","embeddable":true,"href":"https:\/\/www.wallendorff.com\/belogue\/wp-json\/wp\/v2\/categories?post=1276"},{"taxonomy":"post_tag","embeddable":true,"href":"https:\/\/www.wallendorff.com\/belogue\/wp-json\/wp\/v2\/tags?post=1276"}],"curies":[{"name":"wp","href":"https:\/\/api.w.org\/{rel}","templated":true}]}}