{"id":127511,"date":"2024-02-28T15:11:51","date_gmt":"2024-02-28T13:11:51","guid":{"rendered":"https:\/\/www.wallendorff.com\/belogue\/?p=127511"},"modified":"2024-02-28T15:15:34","modified_gmt":"2024-02-28T13:15:34","slug":"quepaulent-vos-trains","status":"publish","type":"post","link":"https:\/\/www.wallendorff.com\/belogue\/2024\/02\/28\/quepaulent-vos-trains\/","title":{"rendered":"Qu&rsquo;\u00e9paulent vos trains."},"content":{"rendered":"\t\t<div data-elementor-type=\"wp-post\" data-elementor-id=\"127511\" class=\"elementor elementor-127511\" data-elementor-post-type=\"post\">\n\t\t\t\t\t\t<section class=\"elementor-section elementor-top-section elementor-element elementor-element-4208e565 elementor-section-boxed elementor-section-height-default elementor-section-height-default\" data-id=\"4208e565\" data-element_type=\"section\" data-e-type=\"section\">\n\t\t\t\t\t\t<div class=\"elementor-container elementor-column-gap-default\">\n\t\t\t\t\t<div class=\"elementor-column elementor-col-100 elementor-top-column elementor-element elementor-element-a6dbf54\" data-id=\"a6dbf54\" data-element_type=\"column\" data-e-type=\"column\">\n\t\t\t<div class=\"elementor-widget-wrap elementor-element-populated\">\n\t\t\t\t\t\t<div class=\"elementor-element elementor-element-7167d5dc elementor-widget elementor-widget-text-editor\" data-id=\"7167d5dc\" data-element_type=\"widget\" data-e-type=\"widget\" data-widget_type=\"text-editor.default\">\n\t\t\t\t<div class=\"elementor-widget-container\">\n\t\t\t\t\t\t\t\t\t<div id=\"photo\">\n\n<img decoding=\"async\" src=\"https:\/\/www.wallendorff.com\/belogue\/wp-content\/uploads\/2024\/02\/20240228.jpg\" \/>\nQuai Paul-Vautrin, Metz, 27 d\u00e9cembre 2023.\n\n<\/div>\t\t\t\t\t\t\t\t<\/div>\n\t\t\t\t<\/div>\n\t\t\t\t\t<\/div>\n\t\t<\/div>\n\t\t\t\t\t<\/div>\n\t\t<\/section>\n\t\t\t\t<\/div>\n\t\t","protected":false},"excerpt":{"rendered":"<p>Quai Paul-Vautrin, Metz, 27 d\u00e9cembre 2023.<\/p>\n","protected":false},"author":1,"featured_media":127513,"comment_status":"open","ping_status":"open","sticky":false,"template":"","format":"standard","meta":{"_acf_changed":false,"ngg_post_thumbnail":0,"jetpack_post_was_ever_published":false,"_jetpack_newsletter_access":"","_jetpack_dont_email_post_to_subs":false,"_jetpack_newsletter_tier_id":0,"_jetpack_memberships_contains_paywalled_content":false,"_jetpack_memberships_contains_paid_content":false,"footnotes":"","jetpack_publicize_message":"","jetpack_publicize_feature_enabled":true,"jetpack_social_post_already_shared":true,"jetpack_social_options":{"image_generator_settings":{"template":"highway","default_image_id":0,"font":"","enabled":false},"version":2}},"categories":[3],"tags":[18650,18363,10326,10120,10175,10173,10174,10592,3415],"class_list":["post-127511","post","type-post","status-publish","format-standard","has-post-thumbnail","hentry","category-dpc","tag-canon-eos-r8","tag-canon-rf-16-mm-f-2-8-stm","tag-crepuscule","tag-france","tag-lorraine","tag-metz","tag-moselle","tag-pose-longue","tag-quai-paul-vautrin"],"acf":[],"geo":{"latitude":49.1202354,"longitude":6.1714735,"description":"Metz, Grand Est, 57050, FR"},"jetpack_publicize_connections":[],"jetpack_featured_media_url":"https:\/\/www.wallendorff.com\/belogue\/wp-content\/uploads\/2024\/02\/20240228.jpg","jetpack_shortlink":"https:\/\/wp.me\/p3b35P-xaD","jetpack_sharing_enabled":true,"jetpack-related-posts":[{"id":22403,"url":"https:\/\/www.wallendorff.com\/belogue\/2014\/01\/14\/voix-sur-berge\/","url_meta":{"origin":127511,"position":0},"title":"Voix sur berge.","author":"dpc","date":"14 janvier 2014","format":false,"excerpt":"Quai Paul-Vautrin, Metz, 26 d\u00e9cembre 2013. Let Me Go Haim","rel":"","context":"Dans &quot;DPC&quot;","block_context":{"text":"DPC","link":"https:\/\/www.wallendorff.com\/belogue\/category\/dpc\/"},"img":{"alt_text":"","src":"https:\/\/i0.wp.com\/www.wallendorff.com\/belogue\/wp-content\/uploads\/2015\/04\/201401141.jpg?resize=350%2C200&ssl=1","width":350,"height":200,"srcset":"https:\/\/i0.wp.com\/www.wallendorff.com\/belogue\/wp-content\/uploads\/2015\/04\/201401141.jpg?resize=350%2C200&ssl=1 1x, https:\/\/i0.wp.com\/www.wallendorff.com\/belogue\/wp-content\/uploads\/2015\/04\/201401141.jpg?resize=525%2C300&ssl=1 1.5x, https:\/\/i0.wp.com\/www.wallendorff.com\/belogue\/wp-content\/uploads\/2015\/04\/201401141.jpg?resize=700%2C400&ssl=1 2x"},"classes":[]},{"id":12448,"url":"https:\/\/www.wallendorff.com\/belogue\/2011\/03\/16\/still-waiting-on-a-divine-touch\/","url_meta":{"origin":127511,"position":1},"title":"Still waiting on a divine touch.","author":"dpc","date":"16 mars 2011","format":false,"excerpt":"Quai Paul Vautrin, Metz, 13 f\u00e9vrier. \u00a0Junip \u2013 In Every Direction","rel":"","context":"Dans &quot;DPC&quot;","block_context":{"text":"DPC","link":"https:\/\/www.wallendorff.com\/belogue\/category\/dpc\/"},"img":{"alt_text":"","src":"https:\/\/i0.wp.com\/www.wallendorff.com\/belogue\/wp-content\/uploads\/2015\/04\/201103161.jpg?resize=350%2C200&ssl=1","width":350,"height":200,"srcset":"https:\/\/i0.wp.com\/www.wallendorff.com\/belogue\/wp-content\/uploads\/2015\/04\/201103161.jpg?resize=350%2C200&ssl=1 1x, https:\/\/i0.wp.com\/www.wallendorff.com\/belogue\/wp-content\/uploads\/2015\/04\/201103161.jpg?resize=525%2C300&ssl=1 1.5x, https:\/\/i0.wp.com\/www.wallendorff.com\/belogue\/wp-content\/uploads\/2015\/04\/201103161.jpg?resize=700%2C400&ssl=1 2x"},"classes":[]},{"id":6360,"url":"https:\/\/www.wallendorff.com\/belogue\/2010\/01\/28\/i-remember-the-golden-days-when-all-this-was-a-mystery\/","url_meta":{"origin":127511,"position":2},"title":"I remember the golden days when all this was a mystery.","author":"dpc","date":"28 janvier 2010","format":false,"excerpt":"Quai Paul Vautrin, Metz, 27 d\u00e9cembre 2009. \u00a0The Dresden Dolls \u2013 Necessary Evil June 2001 has gone a loooong way.","rel":"","context":"Dans &quot;DPC&quot;","block_context":{"text":"DPC","link":"https:\/\/www.wallendorff.com\/belogue\/category\/dpc\/"},"img":{"alt_text":"","src":"https:\/\/i0.wp.com\/www.wallendorff.com\/belogue\/wp-content\/uploads\/2015\/04\/201001281.jpg?resize=350%2C200&ssl=1","width":350,"height":200},"classes":[]},{"id":156,"url":"https:\/\/www.wallendorff.com\/belogue\/2006\/05\/23\/les-400-cous\/","url_meta":{"origin":127511,"position":3},"title":"Les 400 cous.","author":"dpc","date":"23 mai 2006","format":false,"excerpt":"Quai Paul Vautrin, Metz, 20 mai. Je suis en cruel manque de photos et \u00e7a commence \u00e0 craindre du boudin, grave de. Sinon \u00e0 part \u00e7a il fait beau. Et mon\u00a0 potage de \u00a0caf\u00e9 est bon et \u00e7a c'est chouette. Et euh... Voil\u00e0 voil\u00e0, hein. \u00a0The Ataris \u2014 The Boys\u2026","rel":"","context":"Dans &quot;DPC&quot;","block_context":{"text":"DPC","link":"https:\/\/www.wallendorff.com\/belogue\/category\/dpc\/"},"img":{"alt_text":"","src":"https:\/\/i0.wp.com\/www.wallendorff.com\/belogue\/wp-content\/uploads\/2015\/04\/200605231.jpg?resize=350%2C200&ssl=1","width":350,"height":200},"classes":[]},{"id":45491,"url":"https:\/\/www.wallendorff.com\/belogue\/2020\/04\/09\/into-the-wide-193\/","url_meta":{"origin":127511,"position":4},"title":"Into the wide #193.","author":"dpc","date":"9 avril 2020","format":false,"excerpt":"Quai Paul-Vautrin, Metz, 24 d\u00e9cembre 2019. Prayer Jack Pe\u00f1ate","rel":"","context":"Dans &quot;Into the wide&quot;","block_context":{"text":"Into the wide","link":"https:\/\/www.wallendorff.com\/belogue\/category\/into-the-wide\/"},"img":{"alt_text":"","src":"https:\/\/i0.wp.com\/www.wallendorff.com\/belogue\/wp-content\/uploads\/2020\/04\/20200409.jpg?resize=350%2C200&ssl=1","width":350,"height":200,"srcset":"https:\/\/i0.wp.com\/www.wallendorff.com\/belogue\/wp-content\/uploads\/2020\/04\/20200409.jpg?resize=350%2C200&ssl=1 1x, https:\/\/i0.wp.com\/www.wallendorff.com\/belogue\/wp-content\/uploads\/2020\/04\/20200409.jpg?resize=525%2C300&ssl=1 1.5x, https:\/\/i0.wp.com\/www.wallendorff.com\/belogue\/wp-content\/uploads\/2020\/04\/20200409.jpg?resize=700%2C400&ssl=1 2x, https:\/\/i0.wp.com\/www.wallendorff.com\/belogue\/wp-content\/uploads\/2020\/04\/20200409.jpg?resize=1050%2C600&ssl=1 3x"},"classes":[]},{"id":6561,"url":"https:\/\/www.wallendorff.com\/belogue\/2010\/02\/04\/quanesse-prisse-indes-en-cinq-oursins\/","url_meta":{"origin":127511,"position":5},"title":"[Qu&rsquo;]\u00c2nesses prissent Indes en cinq oursins.","author":"dpc","date":"4 f\u00e9vrier 2010","format":false,"excerpt":"Metz, 28 d\u00e9cembre 2009. \u00a0Air \u2013 Highschool Lover [Faudrait peut-\u00eatre penser \u00e0 arr\u00eater avec Metz, un peu.]","rel":"","context":"Dans &quot;DPC&quot;","block_context":{"text":"DPC","link":"https:\/\/www.wallendorff.com\/belogue\/category\/dpc\/"},"img":{"alt_text":"","src":"https:\/\/i0.wp.com\/www.wallendorff.com\/belogue\/wp-content\/uploads\/2015\/04\/201002041.jpg?resize=350%2C200&ssl=1","width":350,"height":200},"classes":[]}],"_links":{"self":[{"href":"https:\/\/www.wallendorff.com\/belogue\/wp-json\/wp\/v2\/posts\/127511","targetHints":{"allow":["GET"]}}],"collection":[{"href":"https:\/\/www.wallendorff.com\/belogue\/wp-json\/wp\/v2\/posts"}],"about":[{"href":"https:\/\/www.wallendorff.com\/belogue\/wp-json\/wp\/v2\/types\/post"}],"author":[{"embeddable":true,"href":"https:\/\/www.wallendorff.com\/belogue\/wp-json\/wp\/v2\/users\/1"}],"replies":[{"embeddable":true,"href":"https:\/\/www.wallendorff.com\/belogue\/wp-json\/wp\/v2\/comments?post=127511"}],"version-history":[{"count":9,"href":"https:\/\/www.wallendorff.com\/belogue\/wp-json\/wp\/v2\/posts\/127511\/revisions"}],"predecessor-version":[{"id":127521,"href":"https:\/\/www.wallendorff.com\/belogue\/wp-json\/wp\/v2\/posts\/127511\/revisions\/127521"}],"wp:featuredmedia":[{"embeddable":true,"href":"https:\/\/www.wallendorff.com\/belogue\/wp-json\/wp\/v2\/media\/127513"}],"wp:attachment":[{"href":"https:\/\/www.wallendorff.com\/belogue\/wp-json\/wp\/v2\/media?parent=127511"}],"wp:term":[{"taxonomy":"category","embeddable":true,"href":"https:\/\/www.wallendorff.com\/belogue\/wp-json\/wp\/v2\/categories?post=127511"},{"taxonomy":"post_tag","embeddable":true,"href":"https:\/\/www.wallendorff.com\/belogue\/wp-json\/wp\/v2\/tags?post=127511"}],"curies":[{"name":"wp","href":"https:\/\/api.w.org\/{rel}","templated":true}]}}