{"id":127482,"date":"2024-02-16T17:32:25","date_gmt":"2024-02-16T15:32:25","guid":{"rendered":"https:\/\/www.wallendorff.com\/belogue\/?p=127482"},"modified":"2024-02-16T17:36:15","modified_gmt":"2024-02-16T15:36:15","slug":"col-du-fier-mur","status":"publish","type":"post","link":"https:\/\/www.wallendorff.com\/belogue\/2024\/02\/16\/col-du-fier-mur\/","title":{"rendered":"Col du fier mur."},"content":{"rendered":"\t\t<div data-elementor-type=\"wp-post\" data-elementor-id=\"127482\" class=\"elementor elementor-127482\" data-elementor-post-type=\"post\">\n\t\t\t\t\t\t<section class=\"elementor-section elementor-top-section elementor-element elementor-element-4208e565 elementor-section-boxed elementor-section-height-default elementor-section-height-default\" data-id=\"4208e565\" data-element_type=\"section\" data-e-type=\"section\">\n\t\t\t\t\t\t<div class=\"elementor-container elementor-column-gap-default\">\n\t\t\t\t\t<div class=\"elementor-column elementor-col-100 elementor-top-column elementor-element elementor-element-a6dbf54\" data-id=\"a6dbf54\" data-element_type=\"column\" data-e-type=\"column\">\n\t\t\t<div class=\"elementor-widget-wrap elementor-element-populated\">\n\t\t\t\t\t\t<div class=\"elementor-element elementor-element-7167d5dc elementor-widget elementor-widget-text-editor\" data-id=\"7167d5dc\" data-element_type=\"widget\" data-e-type=\"widget\" data-widget_type=\"text-editor.default\">\n\t\t\t\t<div class=\"elementor-widget-container\">\n\t\t\t\t\t\t\t\t\t<div id=\"photo\">\n\n<img decoding=\"async\" src=\"https:\/\/www.wallendorff.com\/belogue\/wp-content\/uploads\/2024\/02\/20240216.jpg\" \/>\nVianden, 27 d\u00e9cembre 2023.\n\n<\/div>\t\t\t\t\t\t\t\t<\/div>\n\t\t\t\t<\/div>\n\t\t\t\t\t<\/div>\n\t\t<\/div>\n\t\t\t\t\t<\/div>\n\t\t<\/section>\n\t\t\t\t<\/div>\n\t\t","protected":false},"excerpt":{"rendered":"<p>Vianden, 27 d\u00e9cembre 2023.<\/p>\n","protected":false},"author":1,"featured_media":127486,"comment_status":"open","ping_status":"open","sticky":false,"template":"","format":"standard","meta":{"_acf_changed":false,"ngg_post_thumbnail":0,"jetpack_post_was_ever_published":false,"_jetpack_newsletter_access":"","_jetpack_dont_email_post_to_subs":false,"_jetpack_newsletter_tier_id":0,"_jetpack_memberships_contains_paywalled_content":false,"_jetpack_memberships_contains_paid_content":false,"footnotes":"","jetpack_publicize_message":"","jetpack_publicize_feature_enabled":true,"jetpack_social_post_already_shared":true,"jetpack_social_options":{"image_generator_settings":{"template":"highway","default_image_id":0,"font":"","enabled":false},"version":2}},"categories":[3],"tags":[19315,10633,5569,18290,14272,10985,10592,5566],"class_list":["post-127482","post","type-post","status-publish","format-standard","has-post-thumbnail","hentry","category-dpc","tag-canton-de-vianden","tag-chateau","tag-chateau-de-vianden","tag-fujifilm-x-t5","tag-fujinon-xf-18-55-mm-f2-8-4-r-lm-ois","tag-luxembourg","tag-pose-longue","tag-vianden"],"acf":[],"geo":{"latitude":49.9330101,"longitude":6.2019324,"description":"Vianden, Vianden, L-9411, LU"},"jetpack_publicize_connections":[],"jetpack_featured_media_url":"https:\/\/www.wallendorff.com\/belogue\/wp-content\/uploads\/2024\/02\/20240216.jpg","jetpack_shortlink":"https:\/\/wp.me\/p3b35P-xaa","jetpack_sharing_enabled":true,"jetpack-related-posts":[{"id":124628,"url":"https:\/\/www.wallendorff.com\/belogue\/2023\/06\/05\/into-the-wide-279\/","url_meta":{"origin":127482,"position":0},"title":"Into the wide #279.","author":"dpc","date":"5 juin 2023","format":false,"excerpt":"Pas la meilleure de la s\u00e9rie, d'accord, mais fichtre ! Elle a un ch\u00e2teau ET un arc-en-ciel. Ch\u00e2teau de la Roche-d'Al\u00e8s, Marray, 1er avril 2023.","rel":"","context":"Dans &quot;Into the wide&quot;","block_context":{"text":"Into the wide","link":"https:\/\/www.wallendorff.com\/belogue\/category\/into-the-wide\/"},"img":{"alt_text":"","src":"https:\/\/i0.wp.com\/www.wallendorff.com\/belogue\/wp-content\/uploads\/2023\/06\/20230605-03.jpg?resize=350%2C200&ssl=1","width":350,"height":200,"srcset":"https:\/\/i0.wp.com\/www.wallendorff.com\/belogue\/wp-content\/uploads\/2023\/06\/20230605-03.jpg?resize=350%2C200&ssl=1 1x, https:\/\/i0.wp.com\/www.wallendorff.com\/belogue\/wp-content\/uploads\/2023\/06\/20230605-03.jpg?resize=525%2C300&ssl=1 1.5x, https:\/\/i0.wp.com\/www.wallendorff.com\/belogue\/wp-content\/uploads\/2023\/06\/20230605-03.jpg?resize=700%2C400&ssl=1 2x, https:\/\/i0.wp.com\/www.wallendorff.com\/belogue\/wp-content\/uploads\/2023\/06\/20230605-03.jpg?resize=1050%2C600&ssl=1 3x"},"classes":[]},{"id":124641,"url":"https:\/\/www.wallendorff.com\/belogue\/2023\/06\/07\/barbre-a-papa\/","url_meta":{"origin":127482,"position":1},"title":"B&rsquo;arbre \u00e0 papa.","author":"dpc","date":"7 juin 2023","format":false,"excerpt":"Ce jeu de mot est nul. Marray, 1er avril 2023.","rel":"","context":"Dans &quot;DPC&quot;","block_context":{"text":"DPC","link":"https:\/\/www.wallendorff.com\/belogue\/category\/dpc-en\/"},"img":{"alt_text":"","src":"https:\/\/i0.wp.com\/www.wallendorff.com\/belogue\/wp-content\/uploads\/2023\/06\/20230607.jpg?resize=350%2C200&ssl=1","width":350,"height":200,"srcset":"https:\/\/i0.wp.com\/www.wallendorff.com\/belogue\/wp-content\/uploads\/2023\/06\/20230607.jpg?resize=350%2C200&ssl=1 1x, https:\/\/i0.wp.com\/www.wallendorff.com\/belogue\/wp-content\/uploads\/2023\/06\/20230607.jpg?resize=525%2C300&ssl=1 1.5x, https:\/\/i0.wp.com\/www.wallendorff.com\/belogue\/wp-content\/uploads\/2023\/06\/20230607.jpg?resize=700%2C400&ssl=1 2x"},"classes":[]},{"id":47800,"url":"https:\/\/www.wallendorff.com\/belogue\/2021\/02\/10\/into-the-wide-212\/","url_meta":{"origin":127482,"position":2},"title":"Into the wide #212.","author":"dpc","date":"10 f\u00e9vrier 2021","format":false,"excerpt":"Ch\u00e2teau d'Harou\u00e9, 25 octobre 2020. Quick Escape Pearl Jam","rel":"","context":"Dans &quot;Into the wide&quot;","block_context":{"text":"Into the wide","link":"https:\/\/www.wallendorff.com\/belogue\/category\/into-the-wide\/"},"img":{"alt_text":"","src":"https:\/\/i0.wp.com\/www.wallendorff.com\/belogue\/wp-content\/uploads\/2021\/02\/20210210.jpg?resize=350%2C200&ssl=1","width":350,"height":200,"srcset":"https:\/\/i0.wp.com\/www.wallendorff.com\/belogue\/wp-content\/uploads\/2021\/02\/20210210.jpg?resize=350%2C200&ssl=1 1x, https:\/\/i0.wp.com\/www.wallendorff.com\/belogue\/wp-content\/uploads\/2021\/02\/20210210.jpg?resize=525%2C300&ssl=1 1.5x, https:\/\/i0.wp.com\/www.wallendorff.com\/belogue\/wp-content\/uploads\/2021\/02\/20210210.jpg?resize=700%2C400&ssl=1 2x, https:\/\/i0.wp.com\/www.wallendorff.com\/belogue\/wp-content\/uploads\/2021\/02\/20210210.jpg?resize=1050%2C600&ssl=1 3x"},"classes":[]},{"id":5277,"url":"https:\/\/www.wallendorff.com\/belogue\/2009\/12\/10\/eteins-je-art-dun-est-ce-toi-aux-dix-nerfs\/","url_meta":{"origin":127482,"position":3},"title":"\u00c9teins-je art d&rsquo;un ? Est-ce toi aux dix nerfs ?","author":"dpc","date":"10 d\u00e9cembre 2009","format":false,"excerpt":"Ch\u00e2teau de F\u00e8re, F\u00e8re-en-Tardenois, 26 septembre. \u00a0U2 \u2013 A Sort of Homecoming (live) ... Puis tu d\u00e9cides un beau matin que tu es tomb\u00e9 sur le ch\u00e2teau de The Unforgettable Fire, et ce m\u00eame si Kikip\u00e9dia pr\u00e9tend qu'il s'agit en vrai d'un autre.","rel":"","context":"Dans &quot;DPC&quot;","block_context":{"text":"DPC","link":"https:\/\/www.wallendorff.com\/belogue\/category\/dpc\/"},"img":{"alt_text":"","src":"https:\/\/i0.wp.com\/www.wallendorff.com\/belogue\/wp-content\/uploads\/2015\/04\/200912101.jpg?resize=350%2C200&ssl=1","width":350,"height":200},"classes":[]},{"id":5321,"url":"https:\/\/www.wallendorff.com\/belogue\/2009\/12\/13\/retors-a-lents-voyeurs\/","url_meta":{"origin":127482,"position":4},"title":"Retors \u00e0 lents voyeurs.","author":"dpc","date":"13 d\u00e9cembre 2009","format":false,"excerpt":"Ch\u00e2teau de F\u00e8re, F\u00e8re-en-Tardenois, 26 septembre. \u00a0Flogging Molly \u2013 Us of Lesser Gods","rel":"","context":"Dans &quot;DPC&quot;","block_context":{"text":"DPC","link":"https:\/\/www.wallendorff.com\/belogue\/category\/dpc\/"},"img":{"alt_text":"","src":"https:\/\/i0.wp.com\/www.wallendorff.com\/belogue\/wp-content\/uploads\/2015\/04\/200912131.jpg?resize=350%2C200&ssl=1","width":350,"height":200},"classes":[]},{"id":7423,"url":"https:\/\/www.wallendorff.com\/belogue\/2010\/04\/23\/tous-chateaux-queut\/","url_meta":{"origin":127482,"position":5},"title":"Tous ch\u00e2teaux qu&rsquo;eut.","author":"dpc","date":"23 avril 2010","format":false,"excerpt":"Ch\u00e2teau de Dieppe, 21 mars. B\u00e2ti au XIIe si\u00e8cle, d\u00e9moli dans la foul\u00e9e, reb\u00e2ti au XIVe si\u00e8cle puis red\u00e9truit au XVIIe, le ch\u00e2teau de Dieppe, surplombant la ville de Dieppe au bord de la mer de Dieppe dans la r\u00e9gion de Dieppe, pr\u00e9sente la particularit\u00e9 d'\u00eatre l'un des rares ch\u00e2teaux\u2026","rel":"","context":"Dans &quot;DPC&quot;","block_context":{"text":"DPC","link":"https:\/\/www.wallendorff.com\/belogue\/category\/dpc\/"},"img":{"alt_text":"","src":"https:\/\/i0.wp.com\/www.wallendorff.com\/belogue\/wp-content\/uploads\/2015\/04\/201004231.jpg?resize=350%2C200&ssl=1","width":350,"height":200},"classes":[]}],"_links":{"self":[{"href":"https:\/\/www.wallendorff.com\/belogue\/wp-json\/wp\/v2\/posts\/127482","targetHints":{"allow":["GET"]}}],"collection":[{"href":"https:\/\/www.wallendorff.com\/belogue\/wp-json\/wp\/v2\/posts"}],"about":[{"href":"https:\/\/www.wallendorff.com\/belogue\/wp-json\/wp\/v2\/types\/post"}],"author":[{"embeddable":true,"href":"https:\/\/www.wallendorff.com\/belogue\/wp-json\/wp\/v2\/users\/1"}],"replies":[{"embeddable":true,"href":"https:\/\/www.wallendorff.com\/belogue\/wp-json\/wp\/v2\/comments?post=127482"}],"version-history":[{"count":6,"href":"https:\/\/www.wallendorff.com\/belogue\/wp-json\/wp\/v2\/posts\/127482\/revisions"}],"predecessor-version":[{"id":127489,"href":"https:\/\/www.wallendorff.com\/belogue\/wp-json\/wp\/v2\/posts\/127482\/revisions\/127489"}],"wp:featuredmedia":[{"embeddable":true,"href":"https:\/\/www.wallendorff.com\/belogue\/wp-json\/wp\/v2\/media\/127486"}],"wp:attachment":[{"href":"https:\/\/www.wallendorff.com\/belogue\/wp-json\/wp\/v2\/media?parent=127482"}],"wp:term":[{"taxonomy":"category","embeddable":true,"href":"https:\/\/www.wallendorff.com\/belogue\/wp-json\/wp\/v2\/categories?post=127482"},{"taxonomy":"post_tag","embeddable":true,"href":"https:\/\/www.wallendorff.com\/belogue\/wp-json\/wp\/v2\/tags?post=127482"}],"curies":[{"name":"wp","href":"https:\/\/api.w.org\/{rel}","templated":true}]}}