{"id":1274,"date":"2008-07-21T10:05:18","date_gmt":"2008-07-21T10:05:18","guid":{"rendered":"http:\/\/www.po-l.com\/wordpress\/?p=1274"},"modified":"2012-05-02T12:02:13","modified_gmt":"2012-05-02T10:02:13","slug":"et-lemans-terres-monts-kerouac-sonne","status":"publish","type":"post","link":"https:\/\/www.wallendorff.com\/belogue\/2008\/07\/21\/et-lemans-terres-monts-kerouac-sonne\/","title":{"rendered":"Et L\u00e9mans, terres, monts&#8230; Kerouac sonne."},"content":{"rendered":"<div id=\"photo\">\n<p><img decoding=\"async\" src=\"https:\/\/www.wallendorff.com\/belogue\/photo\/2008\/07\/20080721.jpg\" \/><br \/>\n Jardin des Tuileries, Paris, 23 juin. <\/p>\n<\/div>\n<p align=\"right\">Je r&ecirc;ve d&rsquo;un monde o&ugrave; il n&rsquo;y aurait plus de fronti&egrave;re, o&ugrave; l&rsquo;on fusionnerait tous les pays et o&ugrave; l&rsquo;on mettrait en commun  les jours f&eacute;ri&eacute;s du monde, ce qui me laisserait dormir ce matin en fredonnant une onirique Braban&ccedil;onne.<\/p>\n<div id=\"bandeson\">\n<p><img decoding=\"async\" src=\"https:\/\/www.wallendorff.com\/belogue\/photo\/pochettes\/w\/white_jack-the_cold_mountain_ep.jpg\" align=\"left\" \/>&nbsp; <a href=\"http:\/\/www.whitestripes.com\/\">Jack White<\/a> &ndash; <em>Great High Mountain<\/em><\/p>\n<\/p><\/div>\n","protected":false},"excerpt":{"rendered":"<p>Jardin des Tuileries, Paris, 23 juin. Je r&ecirc;ve d&rsquo;un monde o&ugrave; il n&rsquo;y aurait plus de fronti&egrave;re, o&ugrave; l&rsquo;on fusionnerait tous les pays et o&ugrave; l&rsquo;on mettrait en commun les jours f&eacute;ri&eacute;s du monde, ce qui me laisserait dormir ce matin en fredonnant une onirique Braban&ccedil;onne. &nbsp; Jack White &ndash; Great High Mountain<\/p>\n","protected":false},"author":1,"featured_media":25200,"comment_status":"open","ping_status":"open","sticky":false,"template":"","format":"standard","meta":{"_acf_changed":false,"ngg_post_thumbnail":0,"jetpack_post_was_ever_published":false,"_jetpack_newsletter_access":"","_jetpack_dont_email_post_to_subs":false,"_jetpack_newsletter_tier_id":0,"_jetpack_memberships_contains_paywalled_content":false,"_jetpack_memberships_contains_paid_content":false,"footnotes":"","jetpack_publicize_message":"","jetpack_publicize_feature_enabled":true,"jetpack_social_post_already_shared":false,"jetpack_social_options":{"image_generator_settings":{"template":"highway","default_image_id":0,"font":"","enabled":false},"version":2}},"categories":[3],"tags":[10182,142,132,10326,10484,10515,10120,2495,10121,10095,10299,10098],"class_list":["post-1274","post","type-post","status-publish","format-standard","has-post-thumbnail","hentry","category-dpc","tag-10182","tag-ef-s-10-22-mm-f35-45-usm","tag-eos-20d","tag-crepuscule","tag-eau","tag-fontaine","tag-france","tag-great-high-mountain","tag-ile-de-france","tag-jack-white","tag-jardin-des-tuileries","tag-paris"],"acf":[],"geo":{"latitude":48.8627739,"longitude":2.3295414,"description":null},"jetpack_publicize_connections":[],"jetpack_featured_media_url":"https:\/\/www.wallendorff.com\/belogue\/wp-content\/uploads\/2015\/04\/200807211.jpg","jetpack_shortlink":"https:\/\/wp.me\/p3b35P-ky","jetpack_sharing_enabled":true,"jetpack-related-posts":[{"id":201,"url":"https:\/\/www.wallendorff.com\/belogue\/2006\/01\/10\/gros-rhume-dans-l-abri\/","url_meta":{"origin":1274,"position":0},"title":"Gros rhume dans l&rsquo;abri.","author":"dpc","date":"10 janvier 2006","format":false,"excerpt":"Jardin des Tuileries, Paris, 5 janvier, 18h45. \u201cTin Tin tin tin Tin tin tin tin tiiiiiiiiiiin\u201d [C'est frustrant, de passer une heure \u00e0 chercher des paroles et de ne pas les trouver.] \u00a0The Warlocks \u2013 Inside Outside","rel":"","context":"Dans &quot;DPC&quot;","block_context":{"text":"DPC","link":"https:\/\/www.wallendorff.com\/belogue\/category\/dpc\/"},"img":{"alt_text":"","src":"https:\/\/i0.wp.com\/www.wallendorff.com\/belogue\/wp-content\/uploads\/2015\/04\/200601101.jpg?resize=350%2C200&ssl=1","width":350,"height":200},"classes":[]},{"id":14443,"url":"https:\/\/www.wallendorff.com\/belogue\/2011\/11\/10\/vites-et-bien\/","url_meta":{"origin":1274,"position":1},"title":"V\u00eetes [et bien].","author":"dpc","date":"10 novembre 2011","format":false,"excerpt":"Jardin des Tuileries, Paris, 30 ao\u00fbt. Florence and the Machine \u2013 No Light, No Light [youtube]http:\/\/www.youtube.com\/watch?v=qOB3G6WeZrQ[\/youtube]","rel":"","context":"Dans &quot;DPC&quot;","block_context":{"text":"DPC","link":"https:\/\/www.wallendorff.com\/belogue\/category\/dpc\/"},"img":{"alt_text":"","src":"https:\/\/i0.wp.com\/www.wallendorff.com\/belogue\/wp-content\/uploads\/2015\/04\/201111101.jpg?resize=350%2C200&ssl=1","width":350,"height":200,"srcset":"https:\/\/i0.wp.com\/www.wallendorff.com\/belogue\/wp-content\/uploads\/2015\/04\/201111101.jpg?resize=350%2C200&ssl=1 1x, https:\/\/i0.wp.com\/www.wallendorff.com\/belogue\/wp-content\/uploads\/2015\/04\/201111101.jpg?resize=525%2C300&ssl=1 1.5x, https:\/\/i0.wp.com\/www.wallendorff.com\/belogue\/wp-content\/uploads\/2015\/04\/201111101.jpg?resize=700%2C400&ssl=1 2x"},"classes":[]},{"id":21625,"url":"https:\/\/www.wallendorff.com\/belogue\/2013\/09\/18\/into-the-wide-20\/","url_meta":{"origin":1274,"position":2},"title":"Into the wide #20.","author":"dpc","date":"18 septembre 2013","format":false,"excerpt":"Jardin des Tuileries, Paris, 14 ao\u00fbt. The WireHaim","rel":"","context":"Dans &quot;Into the wide&quot;","block_context":{"text":"Into the wide","link":"https:\/\/www.wallendorff.com\/belogue\/category\/into-the-wide\/"},"img":{"alt_text":"","src":"https:\/\/i0.wp.com\/www.wallendorff.com\/belogue\/wp-content\/uploads\/2015\/04\/201309181.jpg?resize=350%2C200&ssl=1","width":350,"height":200,"srcset":"https:\/\/i0.wp.com\/www.wallendorff.com\/belogue\/wp-content\/uploads\/2015\/04\/201309181.jpg?resize=350%2C200&ssl=1 1x, https:\/\/i0.wp.com\/www.wallendorff.com\/belogue\/wp-content\/uploads\/2015\/04\/201309181.jpg?resize=525%2C300&ssl=1 1.5x, https:\/\/i0.wp.com\/www.wallendorff.com\/belogue\/wp-content\/uploads\/2015\/04\/201309181.jpg?resize=700%2C400&ssl=1 2x"},"classes":[]},{"id":322,"url":"https:\/\/www.wallendorff.com\/belogue\/2005\/07\/08\/maybe-jasper-does-the-aspro\/","url_meta":{"origin":1274,"position":3},"title":"&quot;Maybe Jasper does the Aspro&reg;&quot;.","author":"dpc","date":"8 juillet 2005","format":false,"excerpt":"Jardin des Tuileries, Paris, 17 juin. J'ai oubli\u00e9 mes lunettes. Dans 5 minutes, le mal de cr\u00e2ne va commencer \u00e0 m'envahir sournoisement. Ma journ\u00e9e sera un calvaire, et comme je ne suis pas myope, la douleur ne m'emp\u00eachera pas de voir ma chef1. Je lance un appel d\u00e9sesp\u00e9r\u00e9. Envoyez-moi des\u2026","rel":"","context":"Dans &quot;DPC&quot;","block_context":{"text":"DPC","link":"https:\/\/www.wallendorff.com\/belogue\/category\/dpc\/"},"img":{"alt_text":"","src":"https:\/\/i0.wp.com\/www.wallendorff.com\/belogue\/wp-content\/uploads\/2015\/04\/20050708.jpg?resize=350%2C200&ssl=1","width":350,"height":200},"classes":[]},{"id":21612,"url":"https:\/\/www.wallendorff.com\/belogue\/2013\/09\/17\/la-roue-quest-a-nu\/","url_meta":{"origin":1274,"position":4},"title":"La roue [qu&rsquo;est \u00e0 nu].","author":"dpc","date":"17 septembre 2013","format":false,"excerpt":"Jardin des Tuileries, Paris, 14 ao\u00fbt. MercyTV on the Radio \u00a0","rel":"","context":"Dans &quot;DPC&quot;","block_context":{"text":"DPC","link":"https:\/\/www.wallendorff.com\/belogue\/category\/dpc\/"},"img":{"alt_text":"","src":"https:\/\/i0.wp.com\/www.wallendorff.com\/belogue\/wp-content\/uploads\/2015\/04\/201309171.jpg?resize=350%2C200&ssl=1","width":350,"height":200},"classes":[]},{"id":174,"url":"https:\/\/www.wallendorff.com\/belogue\/2006\/06\/16\/all-is-quiet-now\/","url_meta":{"origin":1274,"position":5},"title":"All is quiet now.","author":"dpc","date":"16 juin 2006","format":false,"excerpt":"Jardin des Tuileries, Paris, 5 juin. Je ne sais pas pourquoi \u00e7a remarche1, mais \u00e7a remarche. \u00a0Ben Kweller \u2013 Down _____ 1 Tout comme je ne sais pas pourquoi \u00e7a ne marchait plus, d'ailleurs.","rel":"","context":"Dans &quot;DPC&quot;","block_context":{"text":"DPC","link":"https:\/\/www.wallendorff.com\/belogue\/category\/dpc\/"},"img":{"alt_text":"","src":"https:\/\/i0.wp.com\/www.wallendorff.com\/belogue\/wp-content\/uploads\/2015\/04\/200606161.jpg?resize=350%2C200&ssl=1","width":350,"height":200},"classes":[]}],"_links":{"self":[{"href":"https:\/\/www.wallendorff.com\/belogue\/wp-json\/wp\/v2\/posts\/1274","targetHints":{"allow":["GET"]}}],"collection":[{"href":"https:\/\/www.wallendorff.com\/belogue\/wp-json\/wp\/v2\/posts"}],"about":[{"href":"https:\/\/www.wallendorff.com\/belogue\/wp-json\/wp\/v2\/types\/post"}],"author":[{"embeddable":true,"href":"https:\/\/www.wallendorff.com\/belogue\/wp-json\/wp\/v2\/users\/1"}],"replies":[{"embeddable":true,"href":"https:\/\/www.wallendorff.com\/belogue\/wp-json\/wp\/v2\/comments?post=1274"}],"version-history":[{"count":1,"href":"https:\/\/www.wallendorff.com\/belogue\/wp-json\/wp\/v2\/posts\/1274\/revisions"}],"predecessor-version":[{"id":17148,"href":"https:\/\/www.wallendorff.com\/belogue\/wp-json\/wp\/v2\/posts\/1274\/revisions\/17148"}],"wp:featuredmedia":[{"embeddable":true,"href":"https:\/\/www.wallendorff.com\/belogue\/wp-json\/wp\/v2\/media\/25200"}],"wp:attachment":[{"href":"https:\/\/www.wallendorff.com\/belogue\/wp-json\/wp\/v2\/media?parent=1274"}],"wp:term":[{"taxonomy":"category","embeddable":true,"href":"https:\/\/www.wallendorff.com\/belogue\/wp-json\/wp\/v2\/categories?post=1274"},{"taxonomy":"post_tag","embeddable":true,"href":"https:\/\/www.wallendorff.com\/belogue\/wp-json\/wp\/v2\/tags?post=1274"}],"curies":[{"name":"wp","href":"https:\/\/api.w.org\/{rel}","templated":true}]}}