{"id":12739,"date":"2011-05-12T11:18:49","date_gmt":"2011-05-12T09:18:49","guid":{"rendered":"http:\/\/www.po-l.com\/belogue\/?p=12739"},"modified":"2012-02-28T11:01:55","modified_gmt":"2012-02-28T09:01:55","slug":"broken-records-le-divan-du-monde-paris","status":"publish","type":"post","link":"https:\/\/www.wallendorff.com\/belogue\/2011\/05\/12\/broken-records-le-divan-du-monde-paris\/","title":{"rendered":"Broken Records @ le Divan du Monde, Paris."},"content":{"rendered":"\n<div id=\"photo\">\n<p><img decoding=\"async\" src=\"https:\/\/www.wallendorff.com\/belogue\/photo\/2011\/05\/20110512.jpg\" \/><\/p>\n<\/p><\/div>\n<p>Les deux concerts les plus vides de ma vie &eacute;taient Gary Jules au Magic Stick le 23 mai 2004 &#8213;&nbsp;32 personnes dont deux barmen&nbsp;&#8213; et <a href=\"https:\/\/www.wallendorff.com\/belogue\/2010\/09\/22\/sad-day-for-puppets-the-yolks-la-boule-noire-paris\/\">Sad Day for Puppets en septembre dernier<\/a>. Jusqu&rsquo;&agrave; hier soir et ses 15 gens coll&eacute;s contre les murs du Divan du Monde. Tous les autres doivent &ecirc;tre all&eacute;s voir le Docteurouze jouer au Trianon. Bonjour l&rsquo;ambiance de boum de coll&egrave;ge. Broken Records ne se d&eacute;montent pas pour autant, jouent aussi fort que si la salle &eacute;tait pleine et y mettent toute l&rsquo;&eacute;nergie que peut inspirer une audience rest&eacute;e presque unanimement &agrave; 12&nbsp;m de la sc&egrave;ne. De prime abord, on penserait &agrave; Arcade Fire &#8213;&nbsp;depuis 2005, tout le monde pense &agrave; Arcade Fire d&egrave;s qu&rsquo;on voit la queue d&rsquo;un violon&nbsp;&#8213;, mais pour trouver un bon comparatif &agrave; Broken Records, il faut plut&ocirc;t aller chercher du c&ocirc;t&eacute; des Frames pour leur violon en flammes, leur v&eacute;n&eacute;ration assum&eacute;e pour Johnny Cash et leur plaisante propension &agrave; finir leurs morceaux dans le bordel le plus joyeux. L&rsquo;ambiance reste bizarre, &eacute;videmment, mais les efforts d&eacute;ploy&eacute;s par Jamie Sutherland pour chauffer l&rsquo;ambiance finissent par payer&nbsp;: on se parle, on &eacute;change, pour un peu on se pr&eacute;senterait un par un, on se concerte pour choisir le prochain morceau. Pas de rappel, &eacute;videmment, mais une fin de show dans la salle o&ugrave; le groupe descend pour serrer la main aux 19 personnes du public<sup>1<\/sup>. Si Broken Records finissent au Stade de France dans 10 ans, on pourra faire grave les malins.<\/p>\n<div id=\"bandeson\">\n<p><img decoding=\"async\" src=\"https:\/\/www.wallendorff.com\/belogue\/photo\/pochettes\/b\/broken_records-let_me_come_home.jpg\" align=\"left\" \/>&nbsp;<a href=\"http:\/\/brokenrecordsband.com\/\">Broken Records<\/a> &ndash; <em>A Darkness Rises Up<\/em><\/p>\n<\/p><\/div>ngg_shortcode_0_placeholder<div id=\"bas_note\">\n<p>_____ <\/p>\n<p><sup>1<\/sup> Soient les 15 du d&eacute;but plus quatre Ricains arriv&eacute;s en retard.<\/p>\n<\/div>\n","protected":false},"excerpt":{"rendered":"<p>Les deux concerts les plus vides de ma vie &eacute;taient Gary Jules au Magic Stick le 23 mai 2004 &#8213;&nbsp;32 personnes dont deux barmen&nbsp;&#8213; et Sad Day for Puppets en septembre dernier. Jusqu&rsquo;&agrave; hier soir et ses 15 gens coll&eacute;s contre les murs du Divan du Monde. Tous les autres doivent &ecirc;tre all&eacute;s voir le&hellip;<\/p>\n","protected":false},"author":1,"featured_media":26136,"comment_status":"open","ping_status":"open","sticky":false,"template":"","format":"standard","meta":{"_acf_changed":false,"ngg_post_thumbnail":0,"jetpack_post_was_ever_published":false,"_jetpack_newsletter_access":"","_jetpack_dont_email_post_to_subs":false,"_jetpack_newsletter_tier_id":0,"_jetpack_memberships_contains_paywalled_content":false,"_jetpack_memberships_contains_paid_content":false,"footnotes":"","jetpack_publicize_message":"","jetpack_publicize_feature_enabled":true,"jetpack_social_post_already_shared":false,"jetpack_social_options":{"image_generator_settings":{"template":"highway","default_image_id":0,"font":"","enabled":false},"version":2}},"categories":[7],"tags":[10840,10143,4893,10084,10888,2571,196,2615,10120,10121,10375,143,10098],"class_list":["post-12739","post","type-post","status-publish","format-standard","has-post-thumbnail","hentry","category-alive","tag-10840","tag-10143","tag-a-darkness-rises-up","tag-alive","tag-broken-records","tag-ef-16-35-mm-f28l-ii-usm","tag-ef-28-70-mm-f28l-usm","tag-eos-5d-mark-ii","tag-france","tag-ile-de-france","tag-le-divan-du-monde","tag-noir-et-blanc","tag-paris"],"acf":[],"geo":{"latitude":48.8824692,"longitude":2.3394871,"description":"75 Rue des Martyrs, 75018 Paris, France"},"jetpack_publicize_connections":[],"jetpack_featured_media_url":"https:\/\/www.wallendorff.com\/belogue\/wp-content\/uploads\/2015\/04\/201105121.jpg","jetpack_shortlink":"https:\/\/wp.me\/p3b35P-3jt","jetpack_sharing_enabled":true,"jetpack-related-posts":[{"id":23917,"url":"https:\/\/www.wallendorff.com\/belogue\/2015\/03\/26\/courtney-barnett-sallie-ford-le-divan-du-monde-paris\/","url_meta":{"origin":12739,"position":0},"title":"Courtney Barnett \/ Sallie Ford @ le Divan du Monde, Paris.","author":"dpc","date":"26 mars 2015","format":false,"excerpt":"Pedestrian at Best Courtney Barnett Courtney Barnett Sallie Ford \u00a0","rel":"","context":"Dans &quot;Alive&quot;","block_context":{"text":"Alive","link":"https:\/\/www.wallendorff.com\/belogue\/category\/alive\/"},"img":{"alt_text":"","src":"https:\/\/i0.wp.com\/www.wallendorff.com\/belogue\/wp-content\/uploads\/2015\/04\/201503261.jpg?resize=350%2C200&ssl=1","width":350,"height":200,"srcset":"https:\/\/i0.wp.com\/www.wallendorff.com\/belogue\/wp-content\/uploads\/2015\/04\/201503261.jpg?resize=350%2C200&ssl=1 1x, https:\/\/i0.wp.com\/www.wallendorff.com\/belogue\/wp-content\/uploads\/2015\/04\/201503261.jpg?resize=525%2C300&ssl=1 1.5x, https:\/\/i0.wp.com\/www.wallendorff.com\/belogue\/wp-content\/uploads\/2015\/04\/201503261.jpg?resize=700%2C400&ssl=1 2x"},"classes":[]},{"id":19027,"url":"https:\/\/www.wallendorff.com\/belogue\/2012\/09\/21\/torche-le-divan-du-monde-paris\/","url_meta":{"origin":12739,"position":1},"title":"Torche @ le Divan du Monde, Paris.","author":"dpc","date":"21 septembre 2012","format":false,"excerpt":"Torche \u2013 Kicking \u00a0","rel":"","context":"Dans &quot;Alive&quot;","block_context":{"text":"Alive","link":"https:\/\/www.wallendorff.com\/belogue\/category\/alive\/"},"img":{"alt_text":"","src":"https:\/\/i0.wp.com\/www.wallendorff.com\/belogue\/wp-content\/uploads\/2015\/04\/201209211.jpg?resize=350%2C200&ssl=1","width":350,"height":200,"srcset":"https:\/\/i0.wp.com\/www.wallendorff.com\/belogue\/wp-content\/uploads\/2015\/04\/201209211.jpg?resize=350%2C200&ssl=1 1x, https:\/\/i0.wp.com\/www.wallendorff.com\/belogue\/wp-content\/uploads\/2015\/04\/201209211.jpg?resize=525%2C300&ssl=1 1.5x, https:\/\/i0.wp.com\/www.wallendorff.com\/belogue\/wp-content\/uploads\/2015\/04\/201209211.jpg?resize=700%2C400&ssl=1 2x"},"classes":[]},{"id":16112,"url":"https:\/\/www.wallendorff.com\/belogue\/2012\/02\/28\/adam-cohen-adam-wood-le-divan-du-monde-paris\/","url_meta":{"origin":12739,"position":2},"title":"Adam Cohen + Adam Wood @ le Divan du Monde, Paris.","author":"dpc","date":"28 f\u00e9vrier 2012","format":false,"excerpt":"Lie Alone | Sweet Dominique | What Other Guy | Hey Jane | Matchbox | Like a Man | Stranger | What's Goin' on (Marvin Gaye) | Beautiful | Eleanor | So Long, Marianne (Leonard Cohen) || Nothing Compares 2 You (Prince) | Overrated | Out of Bed | Tower\u2026","rel":"","context":"Dans &quot;Alive&quot;","block_context":{"text":"Alive","link":"https:\/\/www.wallendorff.com\/belogue\/category\/alive\/"},"img":{"alt_text":"","src":"https:\/\/i0.wp.com\/www.wallendorff.com\/belogue\/wp-content\/uploads\/2015\/04\/201202281.jpg?resize=350%2C200&ssl=1","width":350,"height":200,"srcset":"https:\/\/i0.wp.com\/www.wallendorff.com\/belogue\/wp-content\/uploads\/2015\/04\/201202281.jpg?resize=350%2C200&ssl=1 1x, https:\/\/i0.wp.com\/www.wallendorff.com\/belogue\/wp-content\/uploads\/2015\/04\/201202281.jpg?resize=525%2C300&ssl=1 1.5x, https:\/\/i0.wp.com\/www.wallendorff.com\/belogue\/wp-content\/uploads\/2015\/04\/201202281.jpg?resize=700%2C400&ssl=1 2x"},"classes":[]},{"id":10353,"url":"https:\/\/www.wallendorff.com\/belogue\/2010\/12\/04\/ilis-le-divan-du-monde-paris\/","url_meta":{"origin":12739,"position":3},"title":"iLiS @ le Divan du Monde, Paris.","author":"dpc","date":"4 d\u00e9cembre 2010","format":false,"excerpt":"Tyvek \u2013 4312","rel":"","context":"Dans &quot;Alive&quot;","block_context":{"text":"Alive","link":"https:\/\/www.wallendorff.com\/belogue\/category\/alive\/"},"img":{"alt_text":"","src":"https:\/\/i0.wp.com\/www.wallendorff.com\/belogue\/wp-content\/uploads\/2015\/04\/201012041.jpg?resize=350%2C200&ssl=1","width":350,"height":200,"srcset":"https:\/\/i0.wp.com\/www.wallendorff.com\/belogue\/wp-content\/uploads\/2015\/04\/201012041.jpg?resize=350%2C200&ssl=1 1x, https:\/\/i0.wp.com\/www.wallendorff.com\/belogue\/wp-content\/uploads\/2015\/04\/201012041.jpg?resize=525%2C300&ssl=1 1.5x, https:\/\/i0.wp.com\/www.wallendorff.com\/belogue\/wp-content\/uploads\/2015\/04\/201012041.jpg?resize=700%2C400&ssl=1 2x"},"classes":[]},{"id":23498,"url":"https:\/\/www.wallendorff.com\/belogue\/2014\/10\/30\/the-asteroids-galaxy-tour-le-divan-du-monde-paris\/","url_meta":{"origin":12739,"position":4},"title":"The Asteroids Galaxy Tour @ le Divan du Monde, Paris.","author":"dpc","date":"30 octobre 2014","format":false,"excerpt":"Rock the Ride The Asteroids Galaxy Tour \u00a0","rel":"","context":"Dans &quot;Alive&quot;","block_context":{"text":"Alive","link":"https:\/\/www.wallendorff.com\/belogue\/category\/alive\/"},"img":{"alt_text":"","src":"https:\/\/i0.wp.com\/www.wallendorff.com\/belogue\/wp-content\/uploads\/2015\/04\/201410301.jpg?resize=350%2C200&ssl=1","width":350,"height":200,"srcset":"https:\/\/i0.wp.com\/www.wallendorff.com\/belogue\/wp-content\/uploads\/2015\/04\/201410301.jpg?resize=350%2C200&ssl=1 1x, https:\/\/i0.wp.com\/www.wallendorff.com\/belogue\/wp-content\/uploads\/2015\/04\/201410301.jpg?resize=525%2C300&ssl=1 1.5x, https:\/\/i0.wp.com\/www.wallendorff.com\/belogue\/wp-content\/uploads\/2015\/04\/201410301.jpg?resize=700%2C400&ssl=1 2x"},"classes":[]},{"id":3872,"url":"https:\/\/www.wallendorff.com\/belogue\/2009\/02\/03\/shooting-people-46\/","url_meta":{"origin":12739,"position":5},"title":"Shooting people #46.","author":"dpc","date":"3 f\u00e9vrier 2009","format":false,"excerpt":"Passage du Mont\u00e9n\u00e9gro, Paris, 5 janvier. Calexico \u2013 Ocean of Noise (Arcade Fire cover) \/Edit: Rh\u00e2 toute ma jeunesse.","rel":"","context":"Dans &quot;Portraits&quot;","block_context":{"text":"Portraits","link":"https:\/\/www.wallendorff.com\/belogue\/category\/portraits\/"},"img":{"alt_text":"","src":"https:\/\/i0.wp.com\/www.wallendorff.com\/belogue\/wp-content\/uploads\/2015\/04\/200902031.jpg?resize=350%2C200&ssl=1","width":350,"height":200,"srcset":"https:\/\/i0.wp.com\/www.wallendorff.com\/belogue\/wp-content\/uploads\/2015\/04\/200902031.jpg?resize=350%2C200&ssl=1 1x, https:\/\/i0.wp.com\/www.wallendorff.com\/belogue\/wp-content\/uploads\/2015\/04\/200902031.jpg?resize=525%2C300&ssl=1 1.5x"},"classes":[]}],"_links":{"self":[{"href":"https:\/\/www.wallendorff.com\/belogue\/wp-json\/wp\/v2\/posts\/12739","targetHints":{"allow":["GET"]}}],"collection":[{"href":"https:\/\/www.wallendorff.com\/belogue\/wp-json\/wp\/v2\/posts"}],"about":[{"href":"https:\/\/www.wallendorff.com\/belogue\/wp-json\/wp\/v2\/types\/post"}],"author":[{"embeddable":true,"href":"https:\/\/www.wallendorff.com\/belogue\/wp-json\/wp\/v2\/users\/1"}],"replies":[{"embeddable":true,"href":"https:\/\/www.wallendorff.com\/belogue\/wp-json\/wp\/v2\/comments?post=12739"}],"version-history":[{"count":3,"href":"https:\/\/www.wallendorff.com\/belogue\/wp-json\/wp\/v2\/posts\/12739\/revisions"}],"predecessor-version":[{"id":16111,"href":"https:\/\/www.wallendorff.com\/belogue\/wp-json\/wp\/v2\/posts\/12739\/revisions\/16111"}],"wp:featuredmedia":[{"embeddable":true,"href":"https:\/\/www.wallendorff.com\/belogue\/wp-json\/wp\/v2\/media\/26136"}],"wp:attachment":[{"href":"https:\/\/www.wallendorff.com\/belogue\/wp-json\/wp\/v2\/media?parent=12739"}],"wp:term":[{"taxonomy":"category","embeddable":true,"href":"https:\/\/www.wallendorff.com\/belogue\/wp-json\/wp\/v2\/categories?post=12739"},{"taxonomy":"post_tag","embeddable":true,"href":"https:\/\/www.wallendorff.com\/belogue\/wp-json\/wp\/v2\/tags?post=12739"}],"curies":[{"name":"wp","href":"https:\/\/api.w.org\/{rel}","templated":true}]}}