{"id":127185,"date":"2024-01-23T14:02:55","date_gmt":"2024-01-23T12:02:55","guid":{"rendered":"https:\/\/www.wallendorff.com\/belogue\/?p=127185"},"modified":"2024-01-23T15:33:39","modified_gmt":"2024-01-23T13:33:39","slug":"ni-lune-ni-deux","status":"publish","type":"post","link":"https:\/\/www.wallendorff.com\/belogue\/2024\/01\/23\/ni-lune-ni-deux\/","title":{"rendered":"Ni lune, ni deux."},"content":{"rendered":"\t\t<div data-elementor-type=\"wp-post\" data-elementor-id=\"127185\" class=\"elementor elementor-127185\" data-elementor-post-type=\"post\">\n\t\t\t\t\t\t<section class=\"elementor-section elementor-top-section elementor-element elementor-element-4208e565 elementor-section-boxed elementor-section-height-default elementor-section-height-default\" data-id=\"4208e565\" data-element_type=\"section\" data-e-type=\"section\">\n\t\t\t\t\t\t<div class=\"elementor-container elementor-column-gap-default\">\n\t\t\t\t\t<div class=\"elementor-column elementor-col-100 elementor-top-column elementor-element elementor-element-a6dbf54\" data-id=\"a6dbf54\" data-element_type=\"column\" data-e-type=\"column\">\n\t\t\t<div class=\"elementor-widget-wrap elementor-element-populated\">\n\t\t\t\t\t\t<div class=\"elementor-element elementor-element-7167d5dc elementor-widget elementor-widget-text-editor\" data-id=\"7167d5dc\" data-element_type=\"widget\" data-e-type=\"widget\" data-widget_type=\"text-editor.default\">\n\t\t\t\t<div class=\"elementor-widget-container\">\n\t\t\t\t\t\t\t\t\t<div id=\"photo\">\n\n<img decoding=\"async\" src=\"https:\/\/www.wallendorff.com\/belogue\/wp-content\/uploads\/2024\/01\/20240123.jpg\" \/>\nAvenue du Pr\u00e9sident-Kennedy, Paris, 27 novembre 2023.\n<\/div>\t\t\t\t\t\t\t\t<\/div>\n\t\t\t\t<\/div>\n\t\t\t\t<div class=\"elementor-element elementor-element-4c07288 elementor-widget elementor-widget-text-editor\" data-id=\"4c07288\" data-element_type=\"widget\" data-e-type=\"widget\" data-widget_type=\"text-editor.default\">\n\t\t\t\t<div class=\"elementor-widget-container\">\n\t\t\t\t\t\t\t\t\t<p>J&rsquo;\u00e9tais parti pour aller voir au Trocad\u00e9ro si j&rsquo;y \u00e9tais, en choisissant un soir bien froid, bien humide pour \u00e9ventuellement y trouver quelques touristes esseul\u00e9s et, peut-\u00eatre, une flaque adapt\u00e9e \u00e0 la photographie de reflet nocturne de tour m\u00e9tallique de grande envergure.<\/p><p>Passant sur le pont de Bir-Hakeim, je vis cette grosse Lune plant\u00e9e au milieu du vent, plac\u00e9e par le hasard des cycles astronomiques dans un angle tout \u00e0 fait propice \u00e0 une prise de vue dans le genre de <a href=\"https:\/\/www.wallendorff.com\/belogue\/2015\/09\/28\/4h-58\/\">celle que je fis voil\u00e0 \u2013 d\u00e9j\u00e0 \u2013 8 ans et demi<\/a>. Puisque j&rsquo;\u00e9tais muni d&rsquo;un t\u00e9l\u00e9objectif et d&rsquo;un petit tr\u00e9pied, je fis donc ni lune, ni deux<sup>1<\/sup> et sautai aussit\u00f4t du m\u00e9tropolitain \u00e0 Passy pour mettre mon plan \u00e0 ex\u00e9cution.<\/p><p>C&rsquo;est toujours int\u00e9ressant de revenir se confronter au m\u00eame sujet de temps \u00e0 autres. Cela permet de voir comment \u00e9volue son \u0153il, mais aussi comment on progresse techniquement. En cadrage, en couleur lunaire et en histoire associ\u00e9e, celle-ci rend bien s\u00fbr moins bien que sa grande s\u0153ur de 2015&#8230; Maiiiis je dois dire que je la trouve belle, ma lune, et que je suis content de vous la montrer.<\/p><p style=\"text-align: right;\">Mais \u00e0 part \u00e7a, rien.<\/p><p>Ah si, l&rsquo;aspect technique, si \u00e7a vous int\u00e9resse :<\/p><p>La lune photographi\u00e9e avec un autre bidule, c&rsquo;est toujours ardu. Je le savais, et j&rsquo;ai donc proc\u00e9d\u00e9 en combinant 9 poses lentes, en empilant le tout en HDR pour la tour et en fusionnant les 9 expos de la Lune \u00e0 la main (puisqu&rsquo;elle profite de la pose lente pour bouger dans le cadre, la fac\u00e9tieuse).<\/p><p style=\"text-align: right;\">Deux heures de Photoshop plus tard, on obtient \u00e7a.<\/p><p style=\"text-align: right;\">Et \u00e0 part \u00e7a, vraiment, rien.<\/p>\t\t\t\t\t\t\t\t<\/div>\n\t\t\t\t<\/div>\n\t\t\t\t<div class=\"elementor-element elementor-element-a59bb5b elementor-widget elementor-widget-text-editor\" data-id=\"a59bb5b\" data-element_type=\"widget\" data-e-type=\"widget\" data-widget_type=\"text-editor.default\">\n\t\t\t\t<div class=\"elementor-widget-container\">\n\t\t\t\t\t\t\t\t\t<div id=\"bas_note\"><p>_____<\/p>\n<p><sup>1<\/sup> R\u00e9f\u00e9rence au titre dans le texte ! C&rsquo;est que ce journal en deviendrait presque litt\u00e9raire, dites.<\/p><\/div>\t\t\t\t\t\t\t\t<\/div>\n\t\t\t\t<\/div>\n\t\t\t\t\t<\/div>\n\t\t<\/div>\n\t\t\t\t\t<\/div>\n\t\t<\/section>\n\t\t\t\t<\/div>\n\t\t","protected":false},"excerpt":{"rendered":"<p>Avenue du Pr\u00e9sident-Kennedy, Paris, 27 novembre 2023. J&rsquo;\u00e9tais parti pour aller voir au Trocad\u00e9ro si j&rsquo;y \u00e9tais, en choisissant un soir bien froid, bien humide pour \u00e9ventuellement y trouver quelques touristes esseul\u00e9s et, peut-\u00eatre, une flaque adapt\u00e9e \u00e0 la photographie de reflet nocturne de tour m\u00e9tallique de grande envergure. Passant sur le pont de Bir-Hakeim,&hellip;<\/p>\n","protected":false},"author":1,"featured_media":127186,"comment_status":"open","ping_status":"open","sticky":false,"template":"","format":"standard","meta":{"_acf_changed":false,"ngg_post_thumbnail":0,"jetpack_post_was_ever_published":false,"_jetpack_newsletter_access":"","_jetpack_dont_email_post_to_subs":false,"_jetpack_newsletter_tier_id":0,"_jetpack_memberships_contains_paywalled_content":false,"_jetpack_memberships_contains_paid_content":false,"footnotes":"","jetpack_publicize_message":"","jetpack_publicize_feature_enabled":true,"jetpack_social_post_already_shared":true,"jetpack_social_options":{"image_generator_settings":{"template":"highway","default_image_id":0,"font":"","enabled":false},"version":2}},"categories":[3],"tags":[10372,19264,13407,10144,10120,18290,19009,10121,10151,10147,10098,10592],"class_list":["post-127185","post","type-post","status-publish","format-standard","has-post-thumbnail","hentry","category-dpc","tag-10372","tag-astronomie","tag-avenue-du-president-kennedy","tag-ciel","tag-france","tag-fujifilm-x-t5","tag-fujinon-xf-70-300-mm-f-4-5-6-r-lm-ois-wr","tag-ile-de-france","tag-lune","tag-nuit","tag-paris","tag-pose-longue"],"acf":[],"geo":{"latitude":48.8573647,"longitude":2.2876132,"description":"Paris 16, \u00cele-de-France, 75116, FR"},"jetpack_publicize_connections":[],"jetpack_featured_media_url":"https:\/\/www.wallendorff.com\/belogue\/wp-content\/uploads\/2024\/01\/20240123.jpg","jetpack_shortlink":"https:\/\/wp.me\/p3b35P-x5n","jetpack_sharing_enabled":true,"jetpack-related-posts":[{"id":132422,"url":"https:\/\/www.wallendorff.com\/belogue\/2025\/06\/12\/jaunes-dombres\/","url_meta":{"origin":127185,"position":0},"title":"Jaunes d&rsquo;ombres.","author":"dpc","date":"12 juin 2025","format":false,"excerpt":"Tour Montparnasse, Paris, 18 avril 2024.Merci \u00e0 Lala mais pas \u00e0 Leffe\u00ae ni Twinuts\u00ae car j'ai sottement oubli\u00e9 de faire les commissions. Et \u00e0 part \u00e7a... Il y a vingt-et-un ans, les Pistons de D\u00e9troit \u00e9taient en finale NBA. Il y a vingt ans, les Pistons de D\u00e9troit \u00e9taient encore\u2026","rel":"","context":"Dans &quot;DPC&quot;","block_context":{"text":"DPC","link":"https:\/\/www.wallendorff.com\/belogue\/category\/dpc\/"},"img":{"alt_text":"","src":"https:\/\/i0.wp.com\/www.wallendorff.com\/belogue\/wp-content\/uploads\/2025\/06\/20250612-08.jpg?resize=350%2C200&ssl=1","width":350,"height":200,"srcset":"https:\/\/i0.wp.com\/www.wallendorff.com\/belogue\/wp-content\/uploads\/2025\/06\/20250612-08.jpg?resize=350%2C200&ssl=1 1x, https:\/\/i0.wp.com\/www.wallendorff.com\/belogue\/wp-content\/uploads\/2025\/06\/20250612-08.jpg?resize=525%2C300&ssl=1 1.5x, https:\/\/i0.wp.com\/www.wallendorff.com\/belogue\/wp-content\/uploads\/2025\/06\/20250612-08.jpg?resize=700%2C400&ssl=1 2x, https:\/\/i0.wp.com\/www.wallendorff.com\/belogue\/wp-content\/uploads\/2025\/06\/20250612-08.jpg?resize=1050%2C600&ssl=1 3x"},"classes":[]},{"id":7621,"url":"https:\/\/www.wallendorff.com\/belogue\/2010\/06\/03\/wheeeere-the-streeeeeets-have-a-naaaaame\/","url_meta":{"origin":127185,"position":1},"title":"Wheeeere the streeeeeets have a naaaaame.","author":"dpc","date":"3 juin 2010","format":false,"excerpt":"Rue des Chantres, Paris, 25 avril. Je n'arrive toujours pas \u00e0 savoir si c'est bien ou mal d'\u00e9couter des bouts de la BO de Twilight1 et si je vais me changer en loup-garou2 m\u00e9chant et baveur ou en vampire glabre si j'en abuse. L'\u0153uvre est \u00e9coutable en int\u00e9grale ici, pour\u2026","rel":"","context":"Dans &quot;DPC&quot;","block_context":{"text":"DPC","link":"https:\/\/www.wallendorff.com\/belogue\/category\/dpc\/"},"img":{"alt_text":"","src":"https:\/\/i0.wp.com\/www.wallendorff.com\/belogue\/wp-content\/uploads\/2015\/04\/201006031.jpg?resize=350%2C200&ssl=1","width":350,"height":200},"classes":[]},{"id":124649,"url":"https:\/\/www.wallendorff.com\/belogue\/2023\/06\/12\/servus-wien-6\/","url_meta":{"origin":127185,"position":2},"title":"Servus Wien.","author":"dpc","date":"12 juin 2023","format":false,"excerpt":"[La galerie compl\u00e8te vient apr\u00e8s ce looooong texte traditionnel dont l'origine se perd dans les pr\u00e9mices de ce mill\u00e9naires.] Vienne, 14 \u2013 15 avril 2023. Can't Even Tell Soul Asylum Il y a dix-neuf ans, les Pistons de D\u00e9troit \u00e9taient en finale NBA. Il y a dix-huit ans, les Pistons\u2026","rel":"","context":"Dans &quot;DPC&quot;","block_context":{"text":"DPC","link":"https:\/\/www.wallendorff.com\/belogue\/category\/dpc\/"},"img":{"alt_text":"","src":"https:\/\/i0.wp.com\/www.wallendorff.com\/belogue\/wp-content\/uploads\/2023\/06\/20230612-09.jpg?resize=350%2C200&ssl=1","width":350,"height":200,"srcset":"https:\/\/i0.wp.com\/www.wallendorff.com\/belogue\/wp-content\/uploads\/2023\/06\/20230612-09.jpg?resize=350%2C200&ssl=1 1x, https:\/\/i0.wp.com\/www.wallendorff.com\/belogue\/wp-content\/uploads\/2023\/06\/20230612-09.jpg?resize=525%2C300&ssl=1 1.5x, https:\/\/i0.wp.com\/www.wallendorff.com\/belogue\/wp-content\/uploads\/2023\/06\/20230612-09.jpg?resize=700%2C400&ssl=1 2x, https:\/\/i0.wp.com\/www.wallendorff.com\/belogue\/wp-content\/uploads\/2023\/06\/20230612-09.jpg?resize=1050%2C600&ssl=1 3x"},"classes":[]},{"id":132160,"url":"https:\/\/www.wallendorff.com\/belogue\/2025\/04\/23\/etoiles-filees-20\/","url_meta":{"origin":127185,"position":3},"title":"\u00c9toiles fil\u00e9es #20.","author":"dpc","date":"23 avril 2025","format":false,"excerpt":"\u00c9peign\u00e9-sur-D\u00eame, 14 f\u00e9vrier 2025.Aujourd'hui, 23 avril 2025, marque le 4e anniversaire de ma plus retentissante foirade photographique1, une photo qui me fait encore me r\u00e9veiller la nuit, le dos ruisselant de sueur froide, hurlant \u00ab ET MERDE ELLE EST SUREXPOS\u00c9E \u00bb dans le noir.L'occasion est belle pour vous publier ici\u2026","rel":"","context":"Dans &quot;DPC&quot;","block_context":{"text":"DPC","link":"https:\/\/www.wallendorff.com\/belogue\/category\/dpc\/"},"img":{"alt_text":"","src":"https:\/\/i0.wp.com\/www.wallendorff.com\/belogue\/wp-content\/uploads\/2025\/04\/20250423.jpg?resize=350%2C200&ssl=1","width":350,"height":200,"srcset":"https:\/\/i0.wp.com\/www.wallendorff.com\/belogue\/wp-content\/uploads\/2025\/04\/20250423.jpg?resize=350%2C200&ssl=1 1x, https:\/\/i0.wp.com\/www.wallendorff.com\/belogue\/wp-content\/uploads\/2025\/04\/20250423.jpg?resize=525%2C300&ssl=1 1.5x, https:\/\/i0.wp.com\/www.wallendorff.com\/belogue\/wp-content\/uploads\/2025\/04\/20250423.jpg?resize=700%2C400&ssl=1 2x"},"classes":[]},{"id":128261,"url":"https:\/\/www.wallendorff.com\/belogue\/2024\/06\/12\/cetait-2004\/","url_meta":{"origin":127185,"position":4},"title":"C&rsquo;\u00e9tait 2004.","author":"dpc","date":"12 juin 2024","format":false,"excerpt":"En ouvrant ce journal, il y a 20 ans, je n'aurais jamais pens\u00e9 qu'il durerait si longtemps. Mais il a tenu, d'abord sur feu 20six, puis en solitaire sur ce site, traversant les plateformes et les modes jusqu'\u00e0 aujourd'hui. MySpace, Flickr, Facebook, Instagram passent et disparaissent, mais reste ce site.Je\u2026","rel":"","context":"Dans &quot;DPC&quot;","block_context":{"text":"DPC","link":"https:\/\/www.wallendorff.com\/belogue\/category\/dpc\/"},"img":{"alt_text":"","src":"https:\/\/i0.wp.com\/www.wallendorff.com\/belogue\/wp-content\/uploads\/2024\/06\/20240612-03.jpg?resize=350%2C200&ssl=1","width":350,"height":200,"srcset":"https:\/\/i0.wp.com\/www.wallendorff.com\/belogue\/wp-content\/uploads\/2024\/06\/20240612-03.jpg?resize=350%2C200&ssl=1 1x, https:\/\/i0.wp.com\/www.wallendorff.com\/belogue\/wp-content\/uploads\/2024\/06\/20240612-03.jpg?resize=525%2C300&ssl=1 1.5x, https:\/\/i0.wp.com\/www.wallendorff.com\/belogue\/wp-content\/uploads\/2024\/06\/20240612-03.jpg?resize=700%2C400&ssl=1 2x, https:\/\/i0.wp.com\/www.wallendorff.com\/belogue\/wp-content\/uploads\/2024\/06\/20240612-03.jpg?resize=1050%2C600&ssl=1 3x"},"classes":[]},{"id":29323,"url":"https:\/\/www.wallendorff.com\/belogue\/2015\/09\/28\/4h-58\/","url_meta":{"origin":127185,"position":5},"title":"4&nbsp;h 58.","author":"dpc","date":"28 septembre 2015","format":false,"excerpt":"Champ de Mars, Paris, 28 septembre. Ce qui m'a frapp\u00e9, en traversant la ville, c'est le nombre de gens sur les trottoirs, plant\u00e9s \u00e7\u00e0 et l\u00e0 \u00e0 scruter le ciel. Je ne pensais pas qu'une grosse lune orange pourrait tirer autant de personnes de leurs lits \u00e0 4\u00a0h du matin,\u2026","rel":"","context":"Dans &quot;DPC&quot;","block_context":{"text":"DPC","link":"https:\/\/www.wallendorff.com\/belogue\/category\/dpc\/"},"img":{"alt_text":"","src":"https:\/\/i0.wp.com\/www.wallendorff.com\/belogue\/wp-content\/uploads\/2015\/09\/20150928.jpg?resize=350%2C200&ssl=1","width":350,"height":200,"srcset":"https:\/\/i0.wp.com\/www.wallendorff.com\/belogue\/wp-content\/uploads\/2015\/09\/20150928.jpg?resize=350%2C200&ssl=1 1x, https:\/\/i0.wp.com\/www.wallendorff.com\/belogue\/wp-content\/uploads\/2015\/09\/20150928.jpg?resize=525%2C300&ssl=1 1.5x, https:\/\/i0.wp.com\/www.wallendorff.com\/belogue\/wp-content\/uploads\/2015\/09\/20150928.jpg?resize=700%2C400&ssl=1 2x"},"classes":[]}],"_links":{"self":[{"href":"https:\/\/www.wallendorff.com\/belogue\/wp-json\/wp\/v2\/posts\/127185","targetHints":{"allow":["GET"]}}],"collection":[{"href":"https:\/\/www.wallendorff.com\/belogue\/wp-json\/wp\/v2\/posts"}],"about":[{"href":"https:\/\/www.wallendorff.com\/belogue\/wp-json\/wp\/v2\/types\/post"}],"author":[{"embeddable":true,"href":"https:\/\/www.wallendorff.com\/belogue\/wp-json\/wp\/v2\/users\/1"}],"replies":[{"embeddable":true,"href":"https:\/\/www.wallendorff.com\/belogue\/wp-json\/wp\/v2\/comments?post=127185"}],"version-history":[{"count":9,"href":"https:\/\/www.wallendorff.com\/belogue\/wp-json\/wp\/v2\/posts\/127185\/revisions"}],"predecessor-version":[{"id":127195,"href":"https:\/\/www.wallendorff.com\/belogue\/wp-json\/wp\/v2\/posts\/127185\/revisions\/127195"}],"wp:featuredmedia":[{"embeddable":true,"href":"https:\/\/www.wallendorff.com\/belogue\/wp-json\/wp\/v2\/media\/127186"}],"wp:attachment":[{"href":"https:\/\/www.wallendorff.com\/belogue\/wp-json\/wp\/v2\/media?parent=127185"}],"wp:term":[{"taxonomy":"category","embeddable":true,"href":"https:\/\/www.wallendorff.com\/belogue\/wp-json\/wp\/v2\/categories?post=127185"},{"taxonomy":"post_tag","embeddable":true,"href":"https:\/\/www.wallendorff.com\/belogue\/wp-json\/wp\/v2\/tags?post=127185"}],"curies":[{"name":"wp","href":"https:\/\/api.w.org\/{rel}","templated":true}]}}