{"id":12708,"date":"2011-05-04T11:39:04","date_gmt":"2011-05-04T09:39:04","guid":{"rendered":"http:\/\/www.po-l.com\/belogue\/?p=12708"},"modified":"2012-01-10T12:16:11","modified_gmt":"2012-01-10T10:16:11","slug":"va-de-paire-poutre","status":"publish","type":"post","link":"https:\/\/www.wallendorff.com\/belogue\/2011\/05\/04\/va-de-paire-poutre\/","title":{"rendered":"Va de paire, poutre."},"content":{"rendered":"\n<div id=\"photo\">\n<p><img decoding=\"async\" src=\"https:\/\/www.wallendorff.com\/belogue\/photo\/2011\/05\/20110504.jpg\" \/><br \/>\nHierges, 9 avril.<\/p>\n<\/p><\/div>\n<p>Oh et il fallait que je vous dise que <a href=\"http:\/\/www.lolify.org\">lolify.org<\/a>, &ccedil;a marche super bien avec le texte de l&rsquo;article L313-14 de la loi du 2 janvier 2002&nbsp;:<\/p>\n<p>&laquo;&nbsp;Lol  Dan d&eacute; kondition fix&eacute; par d&eacute;kret en Conseil d&rsquo;Etat &eacute; san pr&eacute;judice   d&eacute; disposition 2 lartikle L XD 331-7 lol d&egrave; ke sont konstaT dan   l&eacute;tablissement ou le service d&eacute; 1fraktion aux loi &eacute; r&egrave;glements ou d&eacute;   dysfonktionements dan la gestion ou l&rsquo;organisation susceptible d&rsquo;afekt&eacute;   la prise en charj ou lakompagnement d&eacute; usagers ou le respekt 2 leurs   droits XD lautoriT ki a d&eacute;livr&eacute; lautorisation adresse au gestion&egrave;re 2   l&eacute;tablissement ou du service une 1jonktion d&rsquo;y rem&eacute;di&eacute; lol dan 1 d&eacute;lai   kL fixe XD Ce d&eacute;lai doit &ecirc;tre raisonable &eacute; adapT &agrave; l&rsquo;objektif recherch&eacute;   mdr Elle en 1forme l&eacute; repr&eacute;sentants d&eacute; usagers XD d&eacute; famille &eacute; du   personel &eacute; mdr le kas &eacute;ch&eacute;ant mdr le repr&eacute;sentant 2 l&rsquo;Etat dan le   d&eacute;partement XD    Cette 1jonktion peut 1klure d&eacute; mesure 2 r&eacute;organisation &eacute; lol le kas   &eacute;ch&eacute;ant lol d&eacute; mesure 1dividuL konservatoire XD dan l&eacute; kondition pr&eacute;vue   par le code du travail ou par l&eacute; akords collektifs XD    S&rsquo;il n&rsquo;est pas satisf&eacute; &agrave; l&rsquo;1jonktion XD lautoriT comp&eacute;tente peut d&eacute;sign&eacute;   1 administrateur provisoire 2 l&eacute;tablissement pour une dur&eacute; ki ne peut   &ecirc;tre sup&eacute;rieure &agrave; six moi renouvelable une foi mdr Celui-ci akomplit mdr   au nom 2 lautoriT comp&eacute;tente &eacute; pour le compte 2 l&eacute;tablissement ou du   service mdr l&eacute; akT d&rsquo;administration urgents ou n&eacute;cess&egrave;re pour mettre f1   aux dysfonktionements ou irr&eacute;gulariT konstaT XD    Dan le kas d&eacute; &eacute;tablissements &eacute; service soumi &agrave; autorisation konjo1te mdr   la proc&eacute;dure pr&eacute;vue aux deu al1&eacute;as pr&eacute;c&eacute;dents &egrave; engag&eacute; &agrave; l&rsquo;initiative 2   l&rsquo;une ou 2 lautre d&eacute; autoriT comp&eacute;tenT mdr&nbsp;&raquo;.<\/p>\n<p style=\"text-align:right\">Mais &agrave; part &ccedil;a, rien.<\/p>\n<div id=\"bandeson\">\n<p><img decoding=\"async\" src=\"https:\/\/www.wallendorff.com\/belogue\/photo\/pochettes\/w\/white_stripes_the-conquest.jpg\" align=\"left\">&nbsp;<a href=\"http:\/\/www.whitestripes.com\/\">The White Stripes<\/a> &mdash; <em>It&rsquo;s My Fault for Being Famous<\/em><\/p>\n<\/p><\/div>\n","protected":false},"excerpt":{"rendered":"<p>Hierges, 9 avril. Oh et il fallait que je vous dise que lolify.org, &ccedil;a marche super bien avec le texte de l&rsquo;article L313-14 de la loi du 2 janvier 2002&nbsp;: &laquo;&nbsp;Lol Dan d&eacute; kondition fix&eacute; par d&eacute;kret en Conseil d&rsquo;Etat &eacute; san pr&eacute;judice d&eacute; disposition 2 lartikle L XD 331-7 lol d&egrave; ke sont konstaT&hellip;<\/p>\n","protected":false},"author":1,"featured_media":26148,"comment_status":"open","ping_status":"open","sticky":false,"template":"","format":"standard","meta":{"_acf_changed":false,"ngg_post_thumbnail":0,"jetpack_post_was_ever_published":false,"_jetpack_newsletter_access":"","_jetpack_dont_email_post_to_subs":false,"_jetpack_newsletter_tier_id":0,"_jetpack_memberships_contains_paywalled_content":false,"_jetpack_memberships_contains_paid_content":false,"footnotes":"","jetpack_publicize_message":"","jetpack_publicize_feature_enabled":true,"jetpack_social_post_already_shared":false,"jetpack_social_options":{"image_generator_settings":{"template":"highway","default_image_id":0,"font":"","enabled":false},"version":2}},"categories":[3],"tags":[10255,2571,2615,10254,10120,1579,10309,4878,10323,143,4877,10097],"class_list":["post-12708","post","type-post","status-publish","format-standard","has-post-thumbnail","hentry","category-dpc","tag-ardenne","tag-ef-16-35-mm-f28l-ii-usm","tag-eos-5d-mark-ii","tag-champagne-ardenne","tag-france","tag-hierges","tag-horloge","tag-its-my-fault-for-being-famous","tag-livres","tag-noir-et-blanc","tag-poutre","tag-the-white-stripes"],"acf":[],"geo":{"latitude":50.1055336,"longitude":4.740963,"description":"Mairie, Rue Roger Renard, 08320 Hierges, France"},"jetpack_publicize_connections":[],"jetpack_featured_media_url":"https:\/\/www.wallendorff.com\/belogue\/wp-content\/uploads\/2015\/04\/201105041.jpg","jetpack_shortlink":"https:\/\/wp.me\/p3b35P-3iY","jetpack_sharing_enabled":true,"jetpack-related-posts":[{"id":144,"url":"https:\/\/www.wallendorff.com\/belogue\/2006\/05\/07\/lapin-compris\/","url_meta":{"origin":12708,"position":0},"title":"Lapin compris.","author":"dpc","date":"7 mai 2006","format":false,"excerpt":"Hierges, 07 mai. \u00catre rock en 2006, c'est passer la nuit dans un atelier de peinture, arbitrer un match de karaoke mettant aux prises 11 quinquag\u00e9naires, un jack russell, 16 boutanches de vin et une de myrthe, en apprendre de belles sur sa pr\u00e9histoire sur les coups de 3\u00a0g du\u2026","rel":"","context":"Dans &quot;DPC&quot;","block_context":{"text":"DPC","link":"https:\/\/www.wallendorff.com\/belogue\/category\/dpc\/"},"img":{"alt_text":"","src":"https:\/\/i0.wp.com\/www.wallendorff.com\/belogue\/wp-content\/uploads\/2015\/04\/200605071.jpg?resize=350%2C200&ssl=1","width":350,"height":200},"classes":[]},{"id":413,"url":"https:\/\/www.wallendorff.com\/belogue\/2005\/04\/07\/tous-leches-mains-menent-aromes\/","url_meta":{"origin":12708,"position":1},"title":"Tous l&egrave;ches-mains m&egrave;nent ar&ocirc;mes.","author":"dpc","date":"7 avril 2005","format":false,"excerpt":"Hierges, 5 avril. \"But each night, I bury my Love around you.\" \u00a0Interpol \u2013 Say Hello to the Angels","rel":"","context":"Dans &quot;DPC&quot;","block_context":{"text":"DPC","link":"https:\/\/www.wallendorff.com\/belogue\/category\/dpc\/"},"img":{"alt_text":"","src":"https:\/\/i0.wp.com\/www.wallendorff.com\/belogue\/wp-content\/uploads\/2015\/04\/200504071.jpg?resize=350%2C200&ssl=1","width":350,"height":200},"classes":[]},{"id":30,"url":"https:\/\/www.wallendorff.com\/belogue\/2006\/02\/12\/ton-beau-ou-vert\/","url_meta":{"origin":12708,"position":2},"title":"&Agrave; ton beau o&ugrave; vert.","author":"dpc","date":"12 f\u00e9vrier 2006","format":false,"excerpt":"L'Ardenne, 12 f\u00e9vrier, 16h01. (... And I still don't like Mondays.) \u00a0Isobel Campbell & Mark Lanegan \u2013 Revolver","rel":"","context":"Dans &quot;DPC&quot;","block_context":{"text":"DPC","link":"https:\/\/www.wallendorff.com\/belogue\/category\/dpc\/"},"img":{"alt_text":"","src":"https:\/\/i0.wp.com\/www.wallendorff.com\/belogue\/wp-content\/uploads\/2015\/04\/200602121.jpg?resize=350%2C200&ssl=1","width":350,"height":200},"classes":[]},{"id":32222,"url":"https:\/\/www.wallendorff.com\/belogue\/2016\/08\/31\/aout-2016\/","url_meta":{"origin":12708,"position":3},"title":"Ao\u00fbt 2016.","author":"dpc","date":"31 ao\u00fbt 2016","format":false,"excerpt":"Du vin et des jeux, des gratteurs de fen\u00eatres et des meuh-meuhs, un ch\u00e2teau, une toilette surpeupl\u00e9e, un jardin, un mus\u00e9e, une passerelle, un bateau Mouche, un mim\u00e9tisme, un cr\u00e9puscule, un train, une bi\u00e8re, un fauteuil, un extra-terrestre qui beuque, des frontons, un canal, un bateau, des basquettes, un Dark\u2026","rel":"","context":"Dans &quot;Blog-note&quot;","block_context":{"text":"Blog-note","link":"https:\/\/www.wallendorff.com\/belogue\/category\/blog-note\/"},"img":{"alt_text":"","src":"https:\/\/i0.wp.com\/www.wallendorff.com\/belogue\/wp-content\/uploads\/2016\/09\/20160901-51.jpg?resize=350%2C200&ssl=1","width":350,"height":200,"srcset":"https:\/\/i0.wp.com\/www.wallendorff.com\/belogue\/wp-content\/uploads\/2016\/09\/20160901-51.jpg?resize=350%2C200&ssl=1 1x, https:\/\/i0.wp.com\/www.wallendorff.com\/belogue\/wp-content\/uploads\/2016\/09\/20160901-51.jpg?resize=525%2C300&ssl=1 1.5x, https:\/\/i0.wp.com\/www.wallendorff.com\/belogue\/wp-content\/uploads\/2016\/09\/20160901-51.jpg?resize=700%2C400&ssl=1 2x"},"classes":[]},{"id":39310,"url":"https:\/\/www.wallendorff.com\/belogue\/2018\/06\/30\/juin-2018\/","url_meta":{"origin":12708,"position":4},"title":"Juin 2018.","author":"dpc","date":"30 juin 2018","format":false,"excerpt":"Un avion, un num\u00e9ro, un m\u00e9morial, un m\u00e9tro, un guitariste, une expo, un bar, une toilette, un beau plafond, des graffiti, une chaise, une fen\u00eatre, un feu rouge, un quai, une \u00e9glise, une gare, un bar, un m\u00e9tro, une porte, une \u00e9chope, un tas de photoapparate, un spectacle, un mur,\u2026","rel":"","context":"Dans &quot;Blog-note&quot;","block_context":{"text":"Blog-note","link":"https:\/\/www.wallendorff.com\/belogue\/category\/blog-note\/"},"img":{"alt_text":"","src":"https:\/\/i0.wp.com\/www.wallendorff.com\/belogue\/wp-content\/uploads\/2018\/07\/20180727-82.jpg?resize=350%2C200&ssl=1","width":350,"height":200,"srcset":"https:\/\/i0.wp.com\/www.wallendorff.com\/belogue\/wp-content\/uploads\/2018\/07\/20180727-82.jpg?resize=350%2C200&ssl=1 1x, https:\/\/i0.wp.com\/www.wallendorff.com\/belogue\/wp-content\/uploads\/2018\/07\/20180727-82.jpg?resize=525%2C300&ssl=1 1.5x, https:\/\/i0.wp.com\/www.wallendorff.com\/belogue\/wp-content\/uploads\/2018\/07\/20180727-82.jpg?resize=700%2C400&ssl=1 2x, https:\/\/i0.wp.com\/www.wallendorff.com\/belogue\/wp-content\/uploads\/2018\/07\/20180727-82.jpg?resize=1050%2C600&ssl=1 3x"},"classes":[]},{"id":16487,"url":"https:\/\/www.wallendorff.com\/belogue\/2012\/03\/22\/lucarnes-aval1\/","url_meta":{"origin":12708,"position":5},"title":"Lucarnes aval1.","author":"dpc","date":"22 mars 2012","format":false,"excerpt":"Parvis des droits de l'homme, Paris, 2 f\u00e9vrier. \u00c7a se voit pas dessus, mais j'avais pas eu aussi froid en prenant une photo depuis les bus de Macomb. Et puisqu'il faut bien le noter quelque part\u00a0: cette nuit j'ai r\u00eav\u00e9 qu'un bracelet mal\u00e9fique \u2013\u00a0du genre de celui qui pi\u00e8ge le\u2026","rel":"","context":"Dans &quot;DPC&quot;","block_context":{"text":"DPC","link":"https:\/\/www.wallendorff.com\/belogue\/category\/dpc\/"},"img":{"alt_text":"","src":"https:\/\/i0.wp.com\/www.wallendorff.com\/belogue\/wp-content\/uploads\/2015\/04\/201203221.jpg?resize=350%2C200&ssl=1","width":350,"height":200,"srcset":"https:\/\/i0.wp.com\/www.wallendorff.com\/belogue\/wp-content\/uploads\/2015\/04\/201203221.jpg?resize=350%2C200&ssl=1 1x, https:\/\/i0.wp.com\/www.wallendorff.com\/belogue\/wp-content\/uploads\/2015\/04\/201203221.jpg?resize=525%2C300&ssl=1 1.5x, https:\/\/i0.wp.com\/www.wallendorff.com\/belogue\/wp-content\/uploads\/2015\/04\/201203221.jpg?resize=700%2C400&ssl=1 2x"},"classes":[]}],"_links":{"self":[{"href":"https:\/\/www.wallendorff.com\/belogue\/wp-json\/wp\/v2\/posts\/12708","targetHints":{"allow":["GET"]}}],"collection":[{"href":"https:\/\/www.wallendorff.com\/belogue\/wp-json\/wp\/v2\/posts"}],"about":[{"href":"https:\/\/www.wallendorff.com\/belogue\/wp-json\/wp\/v2\/types\/post"}],"author":[{"embeddable":true,"href":"https:\/\/www.wallendorff.com\/belogue\/wp-json\/wp\/v2\/users\/1"}],"replies":[{"embeddable":true,"href":"https:\/\/www.wallendorff.com\/belogue\/wp-json\/wp\/v2\/comments?post=12708"}],"version-history":[{"count":2,"href":"https:\/\/www.wallendorff.com\/belogue\/wp-json\/wp\/v2\/posts\/12708\/revisions"}],"predecessor-version":[{"id":15293,"href":"https:\/\/www.wallendorff.com\/belogue\/wp-json\/wp\/v2\/posts\/12708\/revisions\/15293"}],"wp:featuredmedia":[{"embeddable":true,"href":"https:\/\/www.wallendorff.com\/belogue\/wp-json\/wp\/v2\/media\/26148"}],"wp:attachment":[{"href":"https:\/\/www.wallendorff.com\/belogue\/wp-json\/wp\/v2\/media?parent=12708"}],"wp:term":[{"taxonomy":"category","embeddable":true,"href":"https:\/\/www.wallendorff.com\/belogue\/wp-json\/wp\/v2\/categories?post=12708"},{"taxonomy":"post_tag","embeddable":true,"href":"https:\/\/www.wallendorff.com\/belogue\/wp-json\/wp\/v2\/tags?post=12708"}],"curies":[{"name":"wp","href":"https:\/\/api.w.org\/{rel}","templated":true}]}}