{"id":12701,"date":"2011-05-03T11:20:05","date_gmt":"2011-05-03T09:20:05","guid":{"rendered":"http:\/\/www.po-l.com\/belogue\/?p=12701"},"modified":"2018-05-23T08:15:54","modified_gmt":"2018-05-23T06:15:54","slug":"guillemots-le-cafe-de-la-danse-paris","status":"publish","type":"post","link":"https:\/\/www.wallendorff.com\/belogue\/2011\/05\/03\/guillemots-le-cafe-de-la-danse-paris\/","title":{"rendered":"Guillemots @ le Caf\u00e9 de la Danse, Paris."},"content":{"rendered":"\n<div id=\"photo\">\n<p><img decoding=\"async\" src=\"https:\/\/www.wallendorff.com\/belogue\/photo\/2011\/05\/20110503.jpg\" \/><\/p>\n<\/p><\/div>\n<p>Ou comment une soir&eacute;e qui d&eacute;marre mollement devant une salle assise et un pied de sc&egrave;ne d&eacute;sert peut subitement d&eacute;coller &agrave; partir de <em>Train to Brazil<\/em>. On se l&egrave;ve, on descend, on s&rsquo;approche. Un <em>Made-Up Lovesong #43<\/em> magique et un <em>Blue Would Still Be Blue<\/em> intime par un Fyfe Dangerfield en solo, arm&eacute; de son seul Casio Tone Bank SA-1 plus tard, le revirement de situation est accompli. Groupe enchanteur, Caf&eacute; de la Danse conquis.<\/p>\n<div id=\"bandeson\">\n<p><img decoding=\"async\" src=\"https:\/\/www.wallendorff.com\/belogue\/photo\/pochettes\/g\/guillemots-through_the_windowpane.jpg\" align=\"left\">&nbsp;<a href=\"http:\/\/www.guillemots.com\">Guillemots<\/a> &mdash; <em>Trains to Brazil<\/em><\/p>\n<\/p><\/div>ngg_shortcode_0_placeholder","protected":false},"excerpt":{"rendered":"<p>Ou comment une soir&eacute;e qui d&eacute;marre mollement devant une salle assise et un pied de sc&egrave;ne d&eacute;sert peut subitement d&eacute;coller &agrave; partir de Train to Brazil. On se l&egrave;ve, on descend, on s&rsquo;approche. Un Made-Up Lovesong #43 magique et un Blue Would Still Be Blue intime par un Fyfe Dangerfield en solo, arm&eacute; de son&hellip;<\/p>\n","protected":false},"author":1,"featured_media":26166,"comment_status":"open","ping_status":"open","sticky":false,"template":"","format":"standard","meta":{"_acf_changed":false,"ngg_post_thumbnail":0,"jetpack_post_was_ever_published":false,"_jetpack_newsletter_access":"","_jetpack_dont_email_post_to_subs":false,"_jetpack_newsletter_tier_id":0,"_jetpack_memberships_contains_paywalled_content":false,"_jetpack_memberships_contains_paid_content":false,"footnotes":"","jetpack_publicize_message":"","jetpack_publicize_feature_enabled":true,"jetpack_social_post_already_shared":false,"jetpack_social_options":{"image_generator_settings":{"template":"highway","default_image_id":0,"font":"","enabled":false},"version":2}},"categories":[7],"tags":[10840,10183,10084,4875,2571,196,1438,181,2615,10082,10120,10402,10121,10598,10098,10085,4818,4876],"class_list":["post-12701","post","type-post","status-publish","format-standard","has-post-thumbnail","hentry","category-alive","tag-10840","tag-10183","tag-alive","tag-ben-ricour","tag-ef-16-35-mm-f28l-ii-usm","tag-ef-28-70-mm-f28l-usm","tag-ef-50-mm-f14-usm","tag-ef-70-200-mm-f28l-usm","tag-eos-5d-mark-ii","tag-dpc","tag-france","tag-guillemots","tag-ile-de-france","tag-le-cafe-de-la-danse","tag-paris","tag-photo","tag-photographie","tag-trains-to-brazil"],"acf":[],"geo":{"latitude":48.8540955,"longitude":2.3728526,"description":"3-13 Passage Louis Philippe, 75011 Paris, France"},"jetpack_publicize_connections":[],"jetpack_featured_media_url":"https:\/\/www.wallendorff.com\/belogue\/wp-content\/uploads\/2015\/04\/201105031.jpg","jetpack_shortlink":"https:\/\/wp.me\/p3b35P-3iR","jetpack_sharing_enabled":true,"jetpack-related-posts":[{"id":3853,"url":"https:\/\/www.wallendorff.com\/belogue\/2009\/01\/30\/et-des-livraie-nous-dumes-halles\/","url_meta":{"origin":12701,"position":0},"title":"Et d\u00e8s l&rsquo;ivraie nous d\u00fbmes halles.","author":"dpc","date":"30 janvier 2009","format":false,"excerpt":"Galerie V\u00e9ro-Dodat, Paris, 4 janvier. \u00a0CSS \u2013 Jager Yoga Yeah yeah yeah.","rel":"","context":"Dans &quot;DPC&quot;","block_context":{"text":"DPC","link":"https:\/\/www.wallendorff.com\/belogue\/category\/dpc\/"},"img":{"alt_text":"","src":"https:\/\/i0.wp.com\/www.wallendorff.com\/belogue\/wp-content\/uploads\/2015\/04\/200901301.jpg?resize=350%2C200&ssl=1","width":350,"height":200},"classes":[]},{"id":3845,"url":"https:\/\/www.wallendorff.com\/belogue\/2009\/01\/27\/so-it-past-you-by-so-youll-fate-away\/","url_meta":{"origin":12701,"position":1},"title":"So it past you by, so you&rsquo;ll fate away.","author":"dpc","date":"27 janvier 2009","format":false,"excerpt":"Columbarium du P\u00e8re-Lachaise, Paris, 4 janvier. The Black Box Revelation \u2013 I Don't Want It","rel":"","context":"Dans &quot;DPC&quot;","block_context":{"text":"DPC","link":"https:\/\/www.wallendorff.com\/belogue\/category\/dpc\/"},"img":{"alt_text":"","src":"https:\/\/i0.wp.com\/www.wallendorff.com\/belogue\/wp-content\/uploads\/2015\/04\/200901271.jpg?resize=350%2C200&ssl=1","width":350,"height":200},"classes":[]},{"id":3858,"url":"https:\/\/www.wallendorff.com\/belogue\/2009\/01\/31\/when-i-grow-up-ill-be-stable\/","url_meta":{"origin":12701,"position":2},"title":"When I grow up I&rsquo;ll be stable.","author":"dpc","date":"31 janvier 2009","format":false,"excerpt":"Plan\u00e8te Mars, Paris, 30 janvier. There's d\u00e9cid\u00e9ment no place like les toilettes de bars. Garbage \u2013 When I Grow Up","rel":"","context":"Dans &quot;DPC&quot;","block_context":{"text":"DPC","link":"https:\/\/www.wallendorff.com\/belogue\/category\/dpc\/"},"img":{"alt_text":"","src":"https:\/\/i0.wp.com\/www.wallendorff.com\/belogue\/wp-content\/uploads\/2015\/04\/200901311.jpg?resize=350%2C200&ssl=1","width":350,"height":200},"classes":[]},{"id":30597,"url":"https:\/\/www.wallendorff.com\/belogue\/2016\/04\/02\/puggy-le-cafe-de-la-danse-paris-29-mars\/","url_meta":{"origin":12701,"position":3},"title":"Puggy @ le Caf\u00e9 de la Danse, Paris, 29 mars.","author":"dpc","date":"2 avril 2016","format":false,"excerpt":"","rel":"","context":"Dans &quot;Alive&quot;","block_context":{"text":"Alive","link":"https:\/\/www.wallendorff.com\/belogue\/category\/alive\/"},"img":{"alt_text":"","src":"https:\/\/i0.wp.com\/www.wallendorff.com\/belogue\/wp-content\/uploads\/2016\/04\/20160401-20-1.jpg?resize=350%2C200&ssl=1","width":350,"height":200,"srcset":"https:\/\/i0.wp.com\/www.wallendorff.com\/belogue\/wp-content\/uploads\/2016\/04\/20160401-20-1.jpg?resize=350%2C200&ssl=1 1x, https:\/\/i0.wp.com\/www.wallendorff.com\/belogue\/wp-content\/uploads\/2016\/04\/20160401-20-1.jpg?resize=525%2C300&ssl=1 1.5x, https:\/\/i0.wp.com\/www.wallendorff.com\/belogue\/wp-content\/uploads\/2016\/04\/20160401-20-1.jpg?resize=700%2C400&ssl=1 2x"},"classes":[]},{"id":3851,"url":"https:\/\/www.wallendorff.com\/belogue\/2009\/01\/29\/les-bons-cons-te-font-les-bons-ennemis\/","url_meta":{"origin":12701,"position":4},"title":"Les bons cons te font les bons ennemis.","author":"dpc","date":"29 janvier 2009","format":false,"excerpt":"Galerie Vivienne, Paris, 4 janvier. Allez, il fait beau, y a des lapins dans la for\u00eat et de la joie dans l'herbe, alors chantons tous en ch\u0153ur\u00a0: The Mae-Shi \u2013 Divine Harvest","rel":"","context":"Dans &quot;DPC&quot;","block_context":{"text":"DPC","link":"https:\/\/www.wallendorff.com\/belogue\/category\/dpc\/"},"img":{"alt_text":"","src":"https:\/\/i0.wp.com\/www.wallendorff.com\/belogue\/wp-content\/uploads\/2015\/04\/200901291.jpg?resize=350%2C200&ssl=1","width":350,"height":200},"classes":[]},{"id":23644,"url":"https:\/\/www.wallendorff.com\/belogue\/2014\/12\/10\/alb-le-cafe-de-la-danse-paris\/","url_meta":{"origin":12701,"position":5},"title":"ALB @ le Caf\u00e9 de la Danse, Paris.","author":"dpc","date":"10 d\u00e9cembre 2014","format":false,"excerpt":"\u00a0","rel":"","context":"Dans &quot;Alive&quot;","block_context":{"text":"Alive","link":"https:\/\/www.wallendorff.com\/belogue\/category\/alive\/"},"img":{"alt_text":"","src":"https:\/\/i0.wp.com\/www.wallendorff.com\/belogue\/wp-content\/uploads\/2015\/04\/201412101.jpg?resize=350%2C200&ssl=1","width":350,"height":200,"srcset":"https:\/\/i0.wp.com\/www.wallendorff.com\/belogue\/wp-content\/uploads\/2015\/04\/201412101.jpg?resize=350%2C200&ssl=1 1x, https:\/\/i0.wp.com\/www.wallendorff.com\/belogue\/wp-content\/uploads\/2015\/04\/201412101.jpg?resize=525%2C300&ssl=1 1.5x, https:\/\/i0.wp.com\/www.wallendorff.com\/belogue\/wp-content\/uploads\/2015\/04\/201412101.jpg?resize=700%2C400&ssl=1 2x"},"classes":[]}],"_links":{"self":[{"href":"https:\/\/www.wallendorff.com\/belogue\/wp-json\/wp\/v2\/posts\/12701","targetHints":{"allow":["GET"]}}],"collection":[{"href":"https:\/\/www.wallendorff.com\/belogue\/wp-json\/wp\/v2\/posts"}],"about":[{"href":"https:\/\/www.wallendorff.com\/belogue\/wp-json\/wp\/v2\/types\/post"}],"author":[{"embeddable":true,"href":"https:\/\/www.wallendorff.com\/belogue\/wp-json\/wp\/v2\/users\/1"}],"replies":[{"embeddable":true,"href":"https:\/\/www.wallendorff.com\/belogue\/wp-json\/wp\/v2\/comments?post=12701"}],"version-history":[{"count":4,"href":"https:\/\/www.wallendorff.com\/belogue\/wp-json\/wp\/v2\/posts\/12701\/revisions"}],"predecessor-version":[{"id":21049,"href":"https:\/\/www.wallendorff.com\/belogue\/wp-json\/wp\/v2\/posts\/12701\/revisions\/21049"}],"wp:featuredmedia":[{"embeddable":true,"href":"https:\/\/www.wallendorff.com\/belogue\/wp-json\/wp\/v2\/media\/26166"}],"wp:attachment":[{"href":"https:\/\/www.wallendorff.com\/belogue\/wp-json\/wp\/v2\/media?parent=12701"}],"wp:term":[{"taxonomy":"category","embeddable":true,"href":"https:\/\/www.wallendorff.com\/belogue\/wp-json\/wp\/v2\/categories?post=12701"},{"taxonomy":"post_tag","embeddable":true,"href":"https:\/\/www.wallendorff.com\/belogue\/wp-json\/wp\/v2\/tags?post=12701"}],"curies":[{"name":"wp","href":"https:\/\/api.w.org\/{rel}","templated":true}]}}