{"id":12698,"date":"2011-05-02T11:59:53","date_gmt":"2011-05-02T09:59:53","guid":{"rendered":"http:\/\/www.po-l.com\/belogue\/?p=12698"},"modified":"2016-05-23T15:57:22","modified_gmt":"2016-05-23T13:57:22","slug":"devian-droit-banne-art","status":"publish","type":"post","link":"https:\/\/www.wallendorff.com\/belogue\/2011\/05\/02\/devian-droit-banne-art\/","title":{"rendered":"D&rsquo;\u00c9vian droit banne art."},"content":{"rendered":"\n<div id=\"photo\">\n<p><img decoding=\"async\" src=\"https:\/\/www.wallendorff.com\/belogue\/photo\/2011\/05\/20110502.jpg\" \/><br \/>\n  Lausanne, 3 avril.<\/p>\n<\/p><\/div>\n<div id=\"bandeson\">\n<p><img decoding=\"async\" src=\"https:\/\/www.wallendorff.com\/belogue\/photo\/pochettes\/b\/bathgate_chris-salt_year.jpg\" align=\"left\">&nbsp;<a href=\"http:\/\/www.chrisbathgate.org\/\">Chris Bathgate<\/a> &mdash; <em>No Silver<\/em><\/p>\n<\/p><\/div>\n","protected":false},"excerpt":{"rendered":"<p>Lausanne, 3 avril. &nbsp;Chris Bathgate &mdash; No Silver<\/p>\n","protected":false},"author":1,"featured_media":25291,"comment_status":"open","ping_status":"open","sticky":false,"template":"","format":"standard","meta":{"_acf_changed":false,"ngg_post_thumbnail":0,"jetpack_post_was_ever_published":false,"_jetpack_newsletter_access":"","_jetpack_dont_email_post_to_subs":false,"_jetpack_newsletter_tier_id":0,"_jetpack_memberships_contains_paywalled_content":false,"_jetpack_memberships_contains_paid_content":false,"footnotes":"","jetpack_publicize_message":"","jetpack_publicize_feature_enabled":true,"jetpack_social_post_already_shared":false,"jetpack_social_options":{"image_generator_settings":{"template":"highway","default_image_id":0,"font":"","enabled":false},"version":2}},"categories":[3],"tags":[2615,10887,4868,10359,10484,10667,11041,10885,10426,4869,170,4870,10886],"class_list":["post-12698","post","type-post","status-publish","format-standard","has-post-thumbnail","hentry","category-dpc","tag-eos-5d-mark-ii","tag-canton-de-vaud","tag-chris-bathgate","tag-couple","tag-eau","tag-lac","tag-lac-leman","tag-lausanne","tag-montagne","tag-no-silver","tag-sigma-70-300-mm-f4-56-dg-apo-macro","tag-sous-gareouchy","tag-suisse"],"acf":[],"geo":{"latitude":46.5101357,"longitude":6.6145849,"description":"Quai du Vent-Blanc, 1007 Lausanne, Switzerland"},"jetpack_publicize_connections":[],"jetpack_featured_media_url":"https:\/\/www.wallendorff.com\/belogue\/wp-content\/uploads\/2015\/04\/201105021.jpg","jetpack_shortlink":"https:\/\/wp.me\/p3b35P-3iO","jetpack_sharing_enabled":true,"jetpack-related-posts":[{"id":50122,"url":"https:\/\/www.wallendorff.com\/belogue\/2021\/12\/01\/au-lac-etale\/","url_meta":{"origin":12698,"position":0},"title":"Au lac, \u00e9tale.","author":"dpc","date":"1 d\u00e9cembre 2021","format":false,"excerpt":"Port d'Ouchy, Lausanne, 3 octobre 2021. Waiting 17 03 IDER\u00a0","rel":"","context":"Dans &quot;DPC&quot;","block_context":{"text":"DPC","link":"https:\/\/www.wallendorff.com\/belogue\/category\/dpc\/"},"img":{"alt_text":"","src":"https:\/\/i0.wp.com\/www.wallendorff.com\/belogue\/wp-content\/uploads\/2021\/12\/20211201.jpg?resize=350%2C200&ssl=1","width":350,"height":200,"srcset":"https:\/\/i0.wp.com\/www.wallendorff.com\/belogue\/wp-content\/uploads\/2021\/12\/20211201.jpg?resize=350%2C200&ssl=1 1x, https:\/\/i0.wp.com\/www.wallendorff.com\/belogue\/wp-content\/uploads\/2021\/12\/20211201.jpg?resize=525%2C300&ssl=1 1.5x, https:\/\/i0.wp.com\/www.wallendorff.com\/belogue\/wp-content\/uploads\/2021\/12\/20211201.jpg?resize=700%2C400&ssl=1 2x, https:\/\/i0.wp.com\/www.wallendorff.com\/belogue\/wp-content\/uploads\/2021\/12\/20211201.jpg?resize=1050%2C600&ssl=1 3x"},"classes":[]},{"id":31021,"url":"https:\/\/www.wallendorff.com\/belogue\/2016\/05\/25\/etape-sur-des-bancs-bouees-aisselles-nues-mer-au-loin-2\/","url_meta":{"origin":12698,"position":1},"title":"\u00c9tape sur des bancs-bou\u00e9es, aisselles nues, mer au loin.","author":"dpc","date":"25 mai 2016","format":false,"excerpt":"Port d'Ouchy, Lausanne, 19 mars. Clearest Blue CHVRCHES","rel":"","context":"Dans &quot;DPC&quot;","block_context":{"text":"DPC","link":"https:\/\/www.wallendorff.com\/belogue\/category\/dpc\/"},"img":{"alt_text":"","src":"https:\/\/i0.wp.com\/www.wallendorff.com\/belogue\/wp-content\/uploads\/2016\/05\/20160525.jpg?resize=350%2C200&ssl=1","width":350,"height":200,"srcset":"https:\/\/i0.wp.com\/www.wallendorff.com\/belogue\/wp-content\/uploads\/2016\/05\/20160525.jpg?resize=350%2C200&ssl=1 1x, https:\/\/i0.wp.com\/www.wallendorff.com\/belogue\/wp-content\/uploads\/2016\/05\/20160525.jpg?resize=525%2C300&ssl=1 1.5x, https:\/\/i0.wp.com\/www.wallendorff.com\/belogue\/wp-content\/uploads\/2016\/05\/20160525.jpg?resize=700%2C400&ssl=1 2x"},"classes":[]},{"id":126922,"url":"https:\/\/www.wallendorff.com\/belogue\/2023\/12\/14\/tcho-lausanne\/","url_meta":{"origin":12698,"position":2},"title":"Tch\u00f4 Lausanne.","author":"dpc","date":"14 d\u00e9cembre 2023","format":false,"excerpt":"","rel":"","context":"Dans &quot;DPC&quot;","block_context":{"text":"DPC","link":"https:\/\/www.wallendorff.com\/belogue\/category\/dpc\/"},"img":{"alt_text":"","src":"https:\/\/i0.wp.com\/www.wallendorff.com\/belogue\/wp-content\/uploads\/2023\/12\/20231214-09.jpg?resize=350%2C200&ssl=1","width":350,"height":200,"srcset":"https:\/\/i0.wp.com\/www.wallendorff.com\/belogue\/wp-content\/uploads\/2023\/12\/20231214-09.jpg?resize=350%2C200&ssl=1 1x, https:\/\/i0.wp.com\/www.wallendorff.com\/belogue\/wp-content\/uploads\/2023\/12\/20231214-09.jpg?resize=525%2C300&ssl=1 1.5x, https:\/\/i0.wp.com\/www.wallendorff.com\/belogue\/wp-content\/uploads\/2023\/12\/20231214-09.jpg?resize=700%2C400&ssl=1 2x, https:\/\/i0.wp.com\/www.wallendorff.com\/belogue\/wp-content\/uploads\/2023\/12\/20231214-09.jpg?resize=1050%2C600&ssl=1 3x"},"classes":[]},{"id":30651,"url":"https:\/\/www.wallendorff.com\/belogue\/2016\/03\/31\/mars-2016\/","url_meta":{"origin":12698,"position":3},"title":"Mars 2016.","author":"dpc","date":"31 mars 2016","format":false,"excerpt":"Un concert, une soir\u00e9e \u00ab\u00a0vin et litt\u00e9rature sanitaire\u00a0\u00bb, un week-end enneig\u00e9, un concert, un Alhambra \u00e0 l'envers, une coulisse, un concert, une place vide, des chaises, des cadres, un grand nid, un d\u00e9m\u00e9nagement, une vue imprenable, un anniversaire, un num\u00e9ro, une fen\u00eatre, un spectacle, un vernissage, un concert, un train,\u2026","rel":"","context":"Dans &quot;Blog-note&quot;","block_context":{"text":"Blog-note","link":"https:\/\/www.wallendorff.com\/belogue\/category\/blog-note\/"},"img":{"alt_text":"","src":"https:\/\/i0.wp.com\/www.wallendorff.com\/belogue\/wp-content\/uploads\/2016\/04\/20160417-67.jpg?resize=350%2C200&ssl=1","width":350,"height":200,"srcset":"https:\/\/i0.wp.com\/www.wallendorff.com\/belogue\/wp-content\/uploads\/2016\/04\/20160417-67.jpg?resize=350%2C200&ssl=1 1x, https:\/\/i0.wp.com\/www.wallendorff.com\/belogue\/wp-content\/uploads\/2016\/04\/20160417-67.jpg?resize=525%2C300&ssl=1 1.5x, https:\/\/i0.wp.com\/www.wallendorff.com\/belogue\/wp-content\/uploads\/2016\/04\/20160417-67.jpg?resize=700%2C400&ssl=1 2x"},"classes":[]},{"id":22133,"url":"https:\/\/www.wallendorff.com\/belogue\/2013\/11\/30\/novembre-2013\/","url_meta":{"origin":12698,"position":4},"title":"Novembre 2013.","author":"dpc","date":"30 novembre 2013","format":false,"excerpt":"Un train, une fondue, un lac, un train, un lac, un bar, des montres, un grand reretour, un train, une tour, des bras, des chaises, des bi\u00e8res, des photos, des burg\u00e8res, encore un train, encore une fondue, un mus\u00e9e, des phares, des bi\u00e8res et du p\u00e2t\u00e9, un gros chien, une\u2026","rel":"","context":"Dans &quot;Blog-note&quot;","block_context":{"text":"Blog-note","link":"https:\/\/www.wallendorff.com\/belogue\/category\/blog-note\/"},"img":{"alt_text":"","src":"https:\/\/i0.wp.com\/www.wallendorff.com\/belogue\/wp-content\/uploads\/2015\/04\/20131205-321.jpg?resize=350%2C200&ssl=1","width":350,"height":200,"srcset":"https:\/\/i0.wp.com\/www.wallendorff.com\/belogue\/wp-content\/uploads\/2015\/04\/20131205-321.jpg?resize=350%2C200&ssl=1 1x, https:\/\/i0.wp.com\/www.wallendorff.com\/belogue\/wp-content\/uploads\/2015\/04\/20131205-321.jpg?resize=525%2C300&ssl=1 1.5x, https:\/\/i0.wp.com\/www.wallendorff.com\/belogue\/wp-content\/uploads\/2015\/04\/20131205-321.jpg?resize=700%2C400&ssl=1 2x"},"classes":[]},{"id":18248,"url":"https:\/\/www.wallendorff.com\/belogue\/2012\/07\/17\/fate-dont-fail-me-now\/","url_meta":{"origin":12698,"position":5},"title":"Fate don&rsquo;t fail me now.","author":"dpc","date":"17 juillet 2012","format":false,"excerpt":"Gare CFF, Lausanne, 25 mai. Metric \u2013 Speed the Collapse","rel":"","context":"Dans &quot;DPC&quot;","block_context":{"text":"DPC","link":"https:\/\/www.wallendorff.com\/belogue\/category\/dpc\/"},"img":{"alt_text":"","src":"https:\/\/i0.wp.com\/www.wallendorff.com\/belogue\/wp-content\/uploads\/2015\/04\/201207171.jpg?resize=350%2C200&ssl=1","width":350,"height":200},"classes":[]}],"_links":{"self":[{"href":"https:\/\/www.wallendorff.com\/belogue\/wp-json\/wp\/v2\/posts\/12698","targetHints":{"allow":["GET"]}}],"collection":[{"href":"https:\/\/www.wallendorff.com\/belogue\/wp-json\/wp\/v2\/posts"}],"about":[{"href":"https:\/\/www.wallendorff.com\/belogue\/wp-json\/wp\/v2\/types\/post"}],"author":[{"embeddable":true,"href":"https:\/\/www.wallendorff.com\/belogue\/wp-json\/wp\/v2\/users\/1"}],"replies":[{"embeddable":true,"href":"https:\/\/www.wallendorff.com\/belogue\/wp-json\/wp\/v2\/comments?post=12698"}],"version-history":[{"count":1,"href":"https:\/\/www.wallendorff.com\/belogue\/wp-json\/wp\/v2\/posts\/12698\/revisions"}],"predecessor-version":[{"id":30977,"href":"https:\/\/www.wallendorff.com\/belogue\/wp-json\/wp\/v2\/posts\/12698\/revisions\/30977"}],"wp:featuredmedia":[{"embeddable":true,"href":"https:\/\/www.wallendorff.com\/belogue\/wp-json\/wp\/v2\/media\/25291"}],"wp:attachment":[{"href":"https:\/\/www.wallendorff.com\/belogue\/wp-json\/wp\/v2\/media?parent=12698"}],"wp:term":[{"taxonomy":"category","embeddable":true,"href":"https:\/\/www.wallendorff.com\/belogue\/wp-json\/wp\/v2\/categories?post=12698"},{"taxonomy":"post_tag","embeddable":true,"href":"https:\/\/www.wallendorff.com\/belogue\/wp-json\/wp\/v2\/tags?post=12698"}],"curies":[{"name":"wp","href":"https:\/\/api.w.org\/{rel}","templated":true}]}}