{"id":12690,"date":"2011-04-29T10:46:43","date_gmt":"2011-04-29T08:46:43","guid":{"rendered":"http:\/\/www.po-l.com\/belogue\/?p=12690"},"modified":"2012-02-21T12:34:25","modified_gmt":"2012-02-21T10:34:25","slug":"up-in-the-hair","status":"publish","type":"post","link":"https:\/\/www.wallendorff.com\/belogue\/2011\/04\/29\/up-in-the-hair\/","title":{"rendered":"Up in the Hair."},"content":{"rendered":"\n<div id=\"photo\">\n<p><img decoding=\"async\" src=\"https:\/\/www.wallendorff.com\/belogue\/photo\/2011\/04\/20110429.jpg\" \/><br \/>\nVoie du Chariot, Lausanne, 3 avril.<\/p>\n<\/p><\/div>\n<p style=\"text-align:right\">C&rsquo;t&rsquo;un hommage &agrave; <a href=\"https:\/\/www.wallendorff.com\/belogue\/2006\/08\/21\/stairway-to-event\/\">celle-ci<\/a>.<\/p>\n<div id=\"bandeson\">\n<p><img decoding=\"async\" src=\"https:\/\/www.wallendorff.com\/belogue\/photo\/pochettes\/b\/bellrays_the-black_lightning.jpg\" align=\"left\">&nbsp;<a href=\"http:\/\/www.thebellrays.com\/\">The BellRays<\/a> &mdash; <em>On Top<\/em><\/p>\n<\/p><\/div>\n","protected":false},"excerpt":{"rendered":"<p>Voie du Chariot, Lausanne, 3 avril. C&rsquo;t&rsquo;un hommage &agrave; celle-ci. &nbsp;The BellRays &mdash; On Top<\/p>\n","protected":false},"author":1,"featured_media":26164,"comment_status":"open","ping_status":"open","sticky":false,"template":"","format":"standard","meta":{"_acf_changed":false,"ngg_post_thumbnail":0,"jetpack_post_was_ever_published":false,"_jetpack_newsletter_access":"","_jetpack_dont_email_post_to_subs":false,"_jetpack_newsletter_tier_id":0,"_jetpack_memberships_contains_paywalled_content":false,"_jetpack_memberships_contains_paid_content":false,"footnotes":"","jetpack_publicize_message":"","jetpack_publicize_feature_enabled":true,"jetpack_social_post_already_shared":false,"jetpack_social_options":{"image_generator_settings":{"template":"highway","default_image_id":0,"font":"","enabled":false},"version":2}},"categories":[3],"tags":[2615,10887,10210,4864,10885,4863,4865,4866,10104,170,10886,10391,4867],"class_list":["post-12690","post","type-post","status-publish","format-standard","has-post-thumbnail","hentry","category-dpc","tag-eos-5d-mark-ii","tag-canton-de-vaud","tag-escalier","tag-fleche","tag-lausanne","tag-le-flon","tag-mad","tag-on-top","tag-panneau","tag-sigma-70-300-mm-f4-56-dg-apo-macro","tag-suisse","tag-the-bellrays","tag-voie-du-chariot"],"acf":[],"geo":{"latitude":46.5217133,"longitude":6.6269979,"description":"Rue du Port-Franc 16, 1003 Lausanne, Switzerland"},"jetpack_publicize_connections":[],"jetpack_featured_media_url":"https:\/\/www.wallendorff.com\/belogue\/wp-content\/uploads\/2015\/04\/201104291.jpg","jetpack_shortlink":"https:\/\/wp.me\/p3b35P-3iG","jetpack_sharing_enabled":true,"jetpack-related-posts":[{"id":126922,"url":"https:\/\/www.wallendorff.com\/belogue\/2023\/12\/14\/tcho-lausanne\/","url_meta":{"origin":12690,"position":0},"title":"Tch\u00f4 Lausanne.","author":"dpc","date":"14 d\u00e9cembre 2023","format":false,"excerpt":"","rel":"","context":"Dans &quot;DPC&quot;","block_context":{"text":"DPC","link":"https:\/\/www.wallendorff.com\/belogue\/category\/dpc\/"},"img":{"alt_text":"","src":"https:\/\/i0.wp.com\/www.wallendorff.com\/belogue\/wp-content\/uploads\/2023\/12\/20231214-09.jpg?resize=350%2C200&ssl=1","width":350,"height":200,"srcset":"https:\/\/i0.wp.com\/www.wallendorff.com\/belogue\/wp-content\/uploads\/2023\/12\/20231214-09.jpg?resize=350%2C200&ssl=1 1x, https:\/\/i0.wp.com\/www.wallendorff.com\/belogue\/wp-content\/uploads\/2023\/12\/20231214-09.jpg?resize=525%2C300&ssl=1 1.5x, https:\/\/i0.wp.com\/www.wallendorff.com\/belogue\/wp-content\/uploads\/2023\/12\/20231214-09.jpg?resize=700%2C400&ssl=1 2x, https:\/\/i0.wp.com\/www.wallendorff.com\/belogue\/wp-content\/uploads\/2023\/12\/20231214-09.jpg?resize=1050%2C600&ssl=1 3x"},"classes":[]},{"id":129919,"url":"https:\/\/www.wallendorff.com\/belogue\/2024\/07\/31\/juillet-2024\/","url_meta":{"origin":12690,"position":1},"title":"Juillet 2024.","author":"dpc","date":"31 juillet 2024","format":false,"excerpt":"Un graffiti, un festival, un match de fote, un orage, un train, un scrabble, un village, un train, un coucher de soleil, une limousine, un match de fote, un chantier, des barri\u00e8res, des chim\u00e8res, un match de fote, une tribune, une cath\u00e9drale, un escalier, un miroir, une flaque, un coucher\u2026","rel":"","context":"Dans &quot;Blog-note&quot;","block_context":{"text":"Blog-note","link":"https:\/\/www.wallendorff.com\/belogue\/category\/blog-note\/"},"img":{"alt_text":"","src":"https:\/\/i0.wp.com\/www.wallendorff.com\/belogue\/wp-content\/uploads\/2024\/08\/20240814-32.jpg?resize=350%2C200&ssl=1","width":350,"height":200,"srcset":"https:\/\/i0.wp.com\/www.wallendorff.com\/belogue\/wp-content\/uploads\/2024\/08\/20240814-32.jpg?resize=350%2C200&ssl=1 1x, https:\/\/i0.wp.com\/www.wallendorff.com\/belogue\/wp-content\/uploads\/2024\/08\/20240814-32.jpg?resize=525%2C300&ssl=1 1.5x, https:\/\/i0.wp.com\/www.wallendorff.com\/belogue\/wp-content\/uploads\/2024\/08\/20240814-32.jpg?resize=700%2C400&ssl=1 2x, https:\/\/i0.wp.com\/www.wallendorff.com\/belogue\/wp-content\/uploads\/2024\/08\/20240814-32.jpg?resize=1050%2C600&ssl=1 3x"},"classes":[]},{"id":826,"url":"https:\/\/www.wallendorff.com\/belogue\/2006\/11\/11\/the-bellrays-le-bataclan-paris\/","url_meta":{"origin":12690,"position":2},"title":"The BellRays @ le Bataclan, Paris.","author":"dpc","date":"11 novembre 2006","format":false,"excerpt":"Derri\u00e8re Flash Express, s\u00e9duisant sans \u00eatre novateur, puis Tokyo Sex Destruction, survolt\u00e9 mais un peu brouillon, les BellRays y vont comme la derni\u00e8re fois avec un m\u00e9lange irr\u00e9sisitible de soul, de garage et de funk, devant un Bataclan \u00e0 moiti\u00e9 vide pour cause de concurrence du festival des Inroques. Le\u2026","rel":"","context":"Dans &quot;Alive&quot;","block_context":{"text":"Alive","link":"https:\/\/www.wallendorff.com\/belogue\/category\/alive\/"},"img":{"alt_text":"","src":"https:\/\/i0.wp.com\/www.wallendorff.com\/belogue\/wp-content\/uploads\/2015\/04\/200611111.jpg?resize=350%2C200&ssl=1","width":350,"height":200},"classes":[]},{"id":168,"url":"https:\/\/www.wallendorff.com\/belogue\/2006\/06\/08\/the-bell-rays-la-maroquinerie-paris-6-juin\/","url_meta":{"origin":12690,"position":3},"title":"The BellRays @ la Maroquinerie, Paris, 6 juin.","author":"dpc","date":"8 juin 2006","format":false,"excerpt":"\u00ab\u00a0On ne pouvait pas r\u00eaver mieux pour clore une tourn\u00e9e\u00a0\u00bb. Sourire aux l\u00e8vres, fl\u00fbte de champagne \u00e0 la main, Lisa Kekaula remercie la Maro qui vient d\u2019exiger un deuxi\u00e8me rappel. Un vrai rappel, arrach\u00e9 \u00e0 la force du gosier par une audience assoiff\u00e9e, malgr\u00e9 les lumi\u00e8res revenues, la sono rallum\u00e9e\u2026","rel":"","context":"Dans &quot;Alive&quot;","block_context":{"text":"Alive","link":"https:\/\/www.wallendorff.com\/belogue\/category\/alive\/"},"img":{"alt_text":"","src":"https:\/\/i0.wp.com\/www.wallendorff.com\/belogue\/wp-content\/uploads\/2015\/04\/200606081.jpg?resize=350%2C200&ssl=1","width":350,"height":200},"classes":[]},{"id":128849,"url":"https:\/\/www.wallendorff.com\/belogue\/2024\/07\/01\/cetait-2023\/","url_meta":{"origin":12690,"position":4},"title":"C&rsquo;\u00e9tait 2023.","author":"dpc","date":"1 juillet 2024","format":false,"excerpt":"2023, envols. Paris, 26 janvier 2023. Paris, 9 f\u00e9vrier 2023. Paris, 21 f\u00e9vrier 2023. Paris, 30 mars 2023. Paris, 10 mai 2023. Sainte-Genevi\u00e8ve-des-Bois, 20 mai 2023. A\u00e9roport du Bourget, 20 juin 2023. Les Eurock\u00e9ennes, Belfort, 29 juin 2023 Baie de Naples, 8 juillet 2023. Bourgogne, 15 juillet 2023. Sigur R\u00f3s,\u2026","rel":"","context":"Dans &quot;DPC&quot;","block_context":{"text":"DPC","link":"https:\/\/www.wallendorff.com\/belogue\/category\/dpc\/"},"img":{"alt_text":"","src":"https:\/\/i0.wp.com\/www.wallendorff.com\/belogue\/wp-content\/uploads\/2024\/07\/20240701-07.jpg?resize=350%2C200&ssl=1","width":350,"height":200,"srcset":"https:\/\/i0.wp.com\/www.wallendorff.com\/belogue\/wp-content\/uploads\/2024\/07\/20240701-07.jpg?resize=350%2C200&ssl=1 1x, https:\/\/i0.wp.com\/www.wallendorff.com\/belogue\/wp-content\/uploads\/2024\/07\/20240701-07.jpg?resize=525%2C300&ssl=1 1.5x, https:\/\/i0.wp.com\/www.wallendorff.com\/belogue\/wp-content\/uploads\/2024\/07\/20240701-07.jpg?resize=700%2C400&ssl=1 2x, https:\/\/i0.wp.com\/www.wallendorff.com\/belogue\/wp-content\/uploads\/2024\/07\/20240701-07.jpg?resize=1050%2C600&ssl=1 3x"},"classes":[]},{"id":13072,"url":"https:\/\/www.wallendorff.com\/belogue\/2011\/08\/02\/guitare-en-scene-saint-julien-en-genevois-29-31-juillet\/","url_meta":{"origin":12690,"position":5},"title":"Guitare en Sc\u00e8ne, Saint-Julien-en-Genevois, 29 &#038; 31 juillet.","author":"dpc","date":"2 ao\u00fbt 2011","format":false,"excerpt":"\u00a0The BellRays \u2013 Black Lightning 29 juillet The Rambling Wheels, chapiteau, 20h15 En retard sur sc\u00e8ne pour cause d'incendie de stand \u00e0 churros. Set \u00e9court\u00e9 mais groupe d\u00e9cid\u00e9ment \u00e0 suivre. Allez voir leur site, on peut y jouer au flipp\u00e8re en \u00e9coutant l'alboume. Keziah Jones, chapiteau, 21h05 Bertignac, chapiteau, 23h20\u2026","rel":"","context":"Dans &quot;Alive&quot;","block_context":{"text":"Alive","link":"https:\/\/www.wallendorff.com\/belogue\/category\/alive\/"},"img":{"alt_text":"","src":"https:\/\/i0.wp.com\/www.wallendorff.com\/belogue\/wp-content\/uploads\/2015\/04\/201108021.jpg?resize=350%2C200&ssl=1","width":350,"height":200,"srcset":"https:\/\/i0.wp.com\/www.wallendorff.com\/belogue\/wp-content\/uploads\/2015\/04\/201108021.jpg?resize=350%2C200&ssl=1 1x, https:\/\/i0.wp.com\/www.wallendorff.com\/belogue\/wp-content\/uploads\/2015\/04\/201108021.jpg?resize=525%2C300&ssl=1 1.5x, https:\/\/i0.wp.com\/www.wallendorff.com\/belogue\/wp-content\/uploads\/2015\/04\/201108021.jpg?resize=700%2C400&ssl=1 2x"},"classes":[]}],"_links":{"self":[{"href":"https:\/\/www.wallendorff.com\/belogue\/wp-json\/wp\/v2\/posts\/12690","targetHints":{"allow":["GET"]}}],"collection":[{"href":"https:\/\/www.wallendorff.com\/belogue\/wp-json\/wp\/v2\/posts"}],"about":[{"href":"https:\/\/www.wallendorff.com\/belogue\/wp-json\/wp\/v2\/types\/post"}],"author":[{"embeddable":true,"href":"https:\/\/www.wallendorff.com\/belogue\/wp-json\/wp\/v2\/users\/1"}],"replies":[{"embeddable":true,"href":"https:\/\/www.wallendorff.com\/belogue\/wp-json\/wp\/v2\/comments?post=12690"}],"version-history":[{"count":1,"href":"https:\/\/www.wallendorff.com\/belogue\/wp-json\/wp\/v2\/posts\/12690\/revisions"}],"predecessor-version":[{"id":16010,"href":"https:\/\/www.wallendorff.com\/belogue\/wp-json\/wp\/v2\/posts\/12690\/revisions\/16010"}],"wp:featuredmedia":[{"embeddable":true,"href":"https:\/\/www.wallendorff.com\/belogue\/wp-json\/wp\/v2\/media\/26164"}],"wp:attachment":[{"href":"https:\/\/www.wallendorff.com\/belogue\/wp-json\/wp\/v2\/media?parent=12690"}],"wp:term":[{"taxonomy":"category","embeddable":true,"href":"https:\/\/www.wallendorff.com\/belogue\/wp-json\/wp\/v2\/categories?post=12690"},{"taxonomy":"post_tag","embeddable":true,"href":"https:\/\/www.wallendorff.com\/belogue\/wp-json\/wp\/v2\/tags?post=12690"}],"curies":[{"name":"wp","href":"https:\/\/api.w.org\/{rel}","templated":true}]}}