{"id":1269,"date":"2008-07-15T11:57:30","date_gmt":"2008-07-15T11:57:30","guid":{"rendered":"http:\/\/www.po-l.com\/wordpress\/?p=1269"},"modified":"2012-09-25T13:51:43","modified_gmt":"2012-09-25T11:51:43","slug":"a-bon-an-tant-d-heures","status":"publish","type":"post","link":"https:\/\/www.wallendorff.com\/belogue\/2008\/07\/15\/a-bon-an-tant-d-heures\/","title":{"rendered":"\u00c0 bon an, tant d&rsquo;heures."},"content":{"rendered":"<div id=\"photo\">\n<p><img decoding=\"async\" src=\"https:\/\/www.wallendorff.com\/belogue\/photo\/2008\/07\/20080715.jpg\" \/><br \/>\nGare de l&rsquo;Est, Paris, 18 juin.<\/p>\n<\/div>\n<p style=\"text-align:right\">Et de me faire pr&eacute;f&eacute;rer l&rsquo;en-train.<\/p>\n<div id=\"bandeson\">\n<p><img decoding=\"async\" src=\"https:\/\/www.wallendorff.com\/belogue\/photo\/pochettes\/c\/campbell_isobel-mark_lanegan-sunday_at_devil_dirt.jpg\" align=\"left\" \/>&nbsp;<a href=\"http:\/\/www.myspace.com\/isobelcampbell\">Isobel Campbell<\/a> &amp; <a href=\"http:\/\/www.myspace.com\/marklanegan\">Mark Lanegan<\/a> &ndash; <em>Trouble<\/em><\/p>\n<\/div>\n<div id=\"bas_note\">\n<p>_____<\/p>\n<p><sup>1<\/sup> Je sais que &ccedil;a fait redite de <a href=\"https:\/\/www.wallendorff.com\/belogue\/2005\/11\/27\/mes-nils-mon-temps\">cette photo-ci<\/a> et j&rsquo;assume mes fixettes.<\/p>\n<\/div>\n","protected":false},"excerpt":{"rendered":"<p>Gare de l&rsquo;Est, Paris, 18 juin. Et de me faire pr&eacute;f&eacute;rer l&rsquo;en-train. &nbsp;Isobel Campbell &amp; Mark Lanegan &ndash; Trouble _____ 1 Je sais que &ccedil;a fait redite de cette photo-ci et j&rsquo;assume mes fixettes.<\/p>\n","protected":false},"author":1,"featured_media":25194,"comment_status":"open","ping_status":"open","sticky":false,"template":"","format":"standard","meta":{"_acf_changed":false,"ngg_post_thumbnail":0,"jetpack_post_was_ever_published":false,"_jetpack_newsletter_access":"","_jetpack_dont_email_post_to_subs":false,"_jetpack_newsletter_tier_id":0,"_jetpack_memberships_contains_paywalled_content":false,"_jetpack_memberships_contains_paid_content":false,"footnotes":"","jetpack_publicize_message":"","jetpack_publicize_feature_enabled":true,"jetpack_social_post_already_shared":false,"jetpack_social_options":{"image_generator_settings":{"template":"highway","default_image_id":0,"font":"","enabled":false},"version":2}},"categories":[3],"tags":[10267,142,132,10120,10247,982,10309,10121,10362,10363,10147,10098,10287,10150,2485],"class_list":["post-1269","post","type-post","status-publish","format-standard","has-post-thumbnail","hentry","category-dpc","tag-10267","tag-ef-s-10-22-mm-f35-45-usm","tag-eos-20d","tag-france","tag-gare","tag-gare-de-lest","tag-horloge","tag-ile-de-france","tag-isobel-campbell","tag-mark-lanegan","tag-nuit","tag-paris","tag-quai","tag-train","tag-trouble"],"acf":[],"geo":{"latitude":48.8777428,"longitude":2.3594642,"description":null},"jetpack_publicize_connections":[],"jetpack_featured_media_url":"https:\/\/www.wallendorff.com\/belogue\/wp-content\/uploads\/2015\/04\/200807151.jpg","jetpack_shortlink":"https:\/\/wp.me\/p3b35P-kt","jetpack_sharing_enabled":true,"jetpack-related-posts":[{"id":837,"url":"https:\/\/www.wallendorff.com\/belogue\/2006\/11\/26\/ces-rails-et-la-voie\/","url_meta":{"origin":1269,"position":0},"title":"Ces rails et la voie.","author":"dpc","date":"26 novembre 2006","format":false,"excerpt":"Gare Saint-Lazare, Paris, 25 novembre. \u201cNow after all, don't feel like nothing Like walking away Like a mouth full of rain At twelve o'clock The bell starts ringing A dog starts barking And you're still missing Still missing something You've never known what it was And I'm not one for\u2026","rel":"","context":"Dans &quot;DPC&quot;","block_context":{"text":"DPC","link":"https:\/\/www.wallendorff.com\/belogue\/category\/dpc\/"},"img":{"alt_text":"","src":"https:\/\/i0.wp.com\/www.wallendorff.com\/belogue\/wp-content\/uploads\/2015\/04\/200611261.jpg?resize=350%2C200&ssl=1","width":350,"height":200,"srcset":"https:\/\/i0.wp.com\/www.wallendorff.com\/belogue\/wp-content\/uploads\/2015\/04\/200611261.jpg?resize=350%2C200&ssl=1 1x, https:\/\/i0.wp.com\/www.wallendorff.com\/belogue\/wp-content\/uploads\/2015\/04\/200611261.jpg?resize=525%2C300&ssl=1 1.5x, https:\/\/i0.wp.com\/www.wallendorff.com\/belogue\/wp-content\/uploads\/2015\/04\/200611261.jpg?resize=700%2C400&ssl=1 2x"},"classes":[]},{"id":1244,"url":"https:\/\/www.wallendorff.com\/belogue\/2008\/06\/07\/isobel-campbell-mark-lanegan-la-cigale-paris\/","url_meta":{"origin":1269,"position":1},"title":"Isobel Campbell &amp; Mark Lanegan @ la Cigale, Paris.","author":"dpc","date":"7 juin 2008","format":false,"excerpt":"Puisque c'est de saison\u00a0: \u00a0Isobel Campbell & Mark Lanegan \u2013 Honeychild, What Can I Do?","rel":"","context":"Dans &quot;Alive&quot;","block_context":{"text":"Alive","link":"https:\/\/www.wallendorff.com\/belogue\/category\/alive\/"},"img":{"alt_text":"","src":"https:\/\/i0.wp.com\/www.wallendorff.com\/belogue\/wp-content\/uploads\/2015\/04\/200806071.jpg?resize=350%2C200&ssl=1","width":350,"height":200,"srcset":"https:\/\/i0.wp.com\/www.wallendorff.com\/belogue\/wp-content\/uploads\/2015\/04\/200806071.jpg?resize=350%2C200&ssl=1 1x, https:\/\/i0.wp.com\/www.wallendorff.com\/belogue\/wp-content\/uploads\/2015\/04\/200806071.jpg?resize=525%2C300&ssl=1 1.5x, https:\/\/i0.wp.com\/www.wallendorff.com\/belogue\/wp-content\/uploads\/2015\/04\/200806071.jpg?resize=700%2C400&ssl=1 2x"},"classes":[]},{"id":3649,"url":"https:\/\/www.wallendorff.com\/belogue\/2008\/12\/04\/isobel-campbell-mark-lanegan-le-trabendo-paris\/","url_meta":{"origin":1269,"position":2},"title":"Isobel Campbell &#038; Mark Lanegan @ le Trabendo, Paris.","author":"dpc","date":"4 d\u00e9cembre 2008","format":false,"excerpt":"Isobel Campbell & Mark Lanegan \u2013 Ramblin' Man (Hank William cover) Le truc le plus dingue \u00e0 retenir de la soir\u00e9e, \u00e7a reste que le Mark Lanegan, il porte les m\u00eames pompes que moi, ce qui montre bien qu'il est rock en 2008. \u00c0 part \u00e7a ce Trabendo aura \u00e9t\u00e9\u2026","rel":"","context":"Dans &quot;Alive&quot;","block_context":{"text":"Alive","link":"https:\/\/www.wallendorff.com\/belogue\/category\/alive\/"},"img":{"alt_text":"","src":"https:\/\/i0.wp.com\/www.wallendorff.com\/belogue\/wp-content\/uploads\/2015\/04\/200812041.jpg?resize=350%2C200&ssl=1","width":350,"height":200,"srcset":"https:\/\/i0.wp.com\/www.wallendorff.com\/belogue\/wp-content\/uploads\/2015\/04\/200812041.jpg?resize=350%2C200&ssl=1 1x, https:\/\/i0.wp.com\/www.wallendorff.com\/belogue\/wp-content\/uploads\/2015\/04\/200812041.jpg?resize=525%2C300&ssl=1 1.5x, https:\/\/i0.wp.com\/www.wallendorff.com\/belogue\/wp-content\/uploads\/2015\/04\/200812041.jpg?resize=700%2C400&ssl=1 2x"},"classes":[]},{"id":8904,"url":"https:\/\/www.wallendorff.com\/belogue\/2010\/09\/12\/isobel-campbell-mark-lanegan-damien-jurado-willy-mason-le-cafe-de-la-danse-paris\/","url_meta":{"origin":1269,"position":3},"title":"Isobel Campbell &#038; Mark Lanegan + Damien Jurado + Willy Mason @ le Caf\u00e9 de la Danse, Paris.","author":"dpc","date":"12 septembre 2010","format":false,"excerpt":"La formule a \u00e9volu\u00e9 en deux ans. C'est une bonne chose, d'ailleurs, quand on consid\u00e8re ce Sunday at Devil's Dirt qui, en 2008, laissait un arri\u00e8re-go\u00fbt de redite pas vraiment \u00e0 la hauteur de Ballads of the Broken Seas. Sur Hawk, Campbell et Lanegan ont vari\u00e9 les plaisirs, invitant du\u2026","rel":"","context":"Dans &quot;Alive&quot;","block_context":{"text":"Alive","link":"https:\/\/www.wallendorff.com\/belogue\/category\/alive\/"},"img":{"alt_text":"","src":"https:\/\/i0.wp.com\/www.wallendorff.com\/belogue\/wp-content\/uploads\/2015\/04\/201009121.jpg?resize=350%2C200&ssl=1","width":350,"height":200,"srcset":"https:\/\/i0.wp.com\/www.wallendorff.com\/belogue\/wp-content\/uploads\/2015\/04\/201009121.jpg?resize=350%2C200&ssl=1 1x, https:\/\/i0.wp.com\/www.wallendorff.com\/belogue\/wp-content\/uploads\/2015\/04\/201009121.jpg?resize=525%2C300&ssl=1 1.5x, https:\/\/i0.wp.com\/www.wallendorff.com\/belogue\/wp-content\/uploads\/2015\/04\/201009121.jpg?resize=700%2C400&ssl=1 2x"},"classes":[]},{"id":12726,"url":"https:\/\/www.wallendorff.com\/belogue\/2011\/05\/10\/follow-ii\/","url_meta":{"origin":1269,"position":4},"title":"Follow [II].","author":"dpc","date":"10 mai 2011","format":false,"excerpt":"Rue Andr\u00e9-Antoine, Paris, 20 avril. \u00a0Isobel Campbell & Mark Lanegan \u2013 Something to Believe","rel":"","context":"Dans &quot;DPC&quot;","block_context":{"text":"DPC","link":"https:\/\/www.wallendorff.com\/belogue\/category\/dpc\/"},"img":{"alt_text":"","src":"https:\/\/i0.wp.com\/www.wallendorff.com\/belogue\/wp-content\/uploads\/2015\/04\/201105101.jpg?resize=350%2C200&ssl=1","width":350,"height":200},"classes":[]},{"id":13351,"url":"https:\/\/www.wallendorff.com\/belogue\/2011\/10\/10\/retour-de-flane\/","url_meta":{"origin":1269,"position":5},"title":"Retour de fl\u00e2ne.","author":"dpc","date":"10 octobre 2011","format":false,"excerpt":"Tr\u00e8s Grosse Biblioth\u00e8que, Paris, 12 ao\u00fbt. Isobel Campbell & Mark Lanegan \u2013 Further into the Night","rel":"","context":"Dans &quot;DPC&quot;","block_context":{"text":"DPC","link":"https:\/\/www.wallendorff.com\/belogue\/category\/dpc\/"},"img":{"alt_text":"","src":"https:\/\/i0.wp.com\/www.wallendorff.com\/belogue\/wp-content\/uploads\/2015\/04\/201110101.jpg?resize=350%2C200&ssl=1","width":350,"height":200,"srcset":"https:\/\/i0.wp.com\/www.wallendorff.com\/belogue\/wp-content\/uploads\/2015\/04\/201110101.jpg?resize=350%2C200&ssl=1 1x, https:\/\/i0.wp.com\/www.wallendorff.com\/belogue\/wp-content\/uploads\/2015\/04\/201110101.jpg?resize=525%2C300&ssl=1 1.5x, https:\/\/i0.wp.com\/www.wallendorff.com\/belogue\/wp-content\/uploads\/2015\/04\/201110101.jpg?resize=700%2C400&ssl=1 2x"},"classes":[]}],"_links":{"self":[{"href":"https:\/\/www.wallendorff.com\/belogue\/wp-json\/wp\/v2\/posts\/1269","targetHints":{"allow":["GET"]}}],"collection":[{"href":"https:\/\/www.wallendorff.com\/belogue\/wp-json\/wp\/v2\/posts"}],"about":[{"href":"https:\/\/www.wallendorff.com\/belogue\/wp-json\/wp\/v2\/types\/post"}],"author":[{"embeddable":true,"href":"https:\/\/www.wallendorff.com\/belogue\/wp-json\/wp\/v2\/users\/1"}],"replies":[{"embeddable":true,"href":"https:\/\/www.wallendorff.com\/belogue\/wp-json\/wp\/v2\/comments?post=1269"}],"version-history":[{"count":2,"href":"https:\/\/www.wallendorff.com\/belogue\/wp-json\/wp\/v2\/posts\/1269\/revisions"}],"predecessor-version":[{"id":19056,"href":"https:\/\/www.wallendorff.com\/belogue\/wp-json\/wp\/v2\/posts\/1269\/revisions\/19056"}],"wp:featuredmedia":[{"embeddable":true,"href":"https:\/\/www.wallendorff.com\/belogue\/wp-json\/wp\/v2\/media\/25194"}],"wp:attachment":[{"href":"https:\/\/www.wallendorff.com\/belogue\/wp-json\/wp\/v2\/media?parent=1269"}],"wp:term":[{"taxonomy":"category","embeddable":true,"href":"https:\/\/www.wallendorff.com\/belogue\/wp-json\/wp\/v2\/categories?post=1269"},{"taxonomy":"post_tag","embeddable":true,"href":"https:\/\/www.wallendorff.com\/belogue\/wp-json\/wp\/v2\/tags?post=1269"}],"curies":[{"name":"wp","href":"https:\/\/api.w.org\/{rel}","templated":true}]}}