{"id":126806,"date":"2023-11-29T18:51:40","date_gmt":"2023-11-29T16:51:40","guid":{"rendered":"https:\/\/www.wallendorff.com\/belogue\/?p=126806"},"modified":"2023-11-29T18:58:50","modified_gmt":"2023-11-29T16:58:50","slug":"into-the-wide-285","status":"publish","type":"post","link":"https:\/\/www.wallendorff.com\/belogue\/2023\/11\/29\/into-the-wide-285\/","title":{"rendered":"Into the wide #285."},"content":{"rendered":"\t\t<div data-elementor-type=\"wp-post\" data-elementor-id=\"126806\" class=\"elementor elementor-126806\" data-elementor-post-type=\"post\">\n\t\t\t\t\t\t<section class=\"elementor-section elementor-top-section elementor-element elementor-element-7bbd62f elementor-section-boxed elementor-section-height-default elementor-section-height-default\" data-id=\"7bbd62f\" data-element_type=\"section\" data-e-type=\"section\">\n\t\t\t\t\t\t<div class=\"elementor-container elementor-column-gap-default\">\n\t\t\t\t\t<div class=\"elementor-column elementor-col-100 elementor-top-column elementor-element elementor-element-7a479fb\" data-id=\"7a479fb\" data-element_type=\"column\" data-e-type=\"column\">\n\t\t\t<div class=\"elementor-widget-wrap elementor-element-populated\">\n\t\t\t\t\t\t<div class=\"elementor-element elementor-element-145561a elementor-widget elementor-widget-text-editor\" data-id=\"145561a\" data-element_type=\"widget\" data-e-type=\"widget\" data-widget_type=\"text-editor.default\">\n\t\t\t\t<div class=\"elementor-widget-container\">\n\t\t\t\t\t\t\t\t\t<div id=\"photo\">\n\n<img decoding=\"async\" src=\"https:\/\/www.wallendorff.com\/belogue\/wp-content\/uploads\/2023\/11\/20231129.jpg\" \/>\nChapelle fun\u00e9raire du W\u00fcrtemberg, 23 septembre 2023.\n\n<\/div>\n<div id=\"photo2\">\n\n<img decoding=\"async\" src=\"https:\/\/www.wallendorff.com\/belogue\/wp-content\/uploads\/2023\/11\/20231129-01.jpg\" \/>\n\n<\/div>\t\t\t\t\t\t\t\t<\/div>\n\t\t\t\t<\/div>\n\t\t\t\t\t<\/div>\n\t\t<\/div>\n\t\t\t\t\t<\/div>\n\t\t<\/section>\n\t\t\t\t<\/div>\n\t\t","protected":false},"excerpt":{"rendered":"<p>Chapelle fun\u00e9raire du W\u00fcrtemberg, 23 septembre 2023.<\/p>\n","protected":false},"author":1,"featured_media":126813,"comment_status":"open","ping_status":"open","sticky":false,"template":"","format":"standard","meta":{"_acf_changed":false,"ngg_post_thumbnail":0,"jetpack_post_was_ever_published":false,"_jetpack_newsletter_access":"","_jetpack_dont_email_post_to_subs":false,"_jetpack_newsletter_tier_id":0,"_jetpack_memberships_contains_paywalled_content":false,"_jetpack_memberships_contains_paid_content":false,"footnotes":"","jetpack_publicize_message":"","jetpack_publicize_feature_enabled":true,"jetpack_social_post_already_shared":true,"jetpack_social_options":{"image_generator_settings":{"template":"highway","default_image_id":0,"font":"","enabled":false},"version":2}},"categories":[7356],"tags":[10953,3912,12955,10788,19183,10238,18290,11323,18621,14274,16081],"class_list":["post-126806","post","type-post","status-publish","format-standard","has-post-thumbnail","hentry","category-into-the-wide","tag-allemagne","tag-architecture","tag-bade-wurtemberg","tag-chapelle","tag-chapelle-funeraire-du-wurtemberg","tag-eglise","tag-fujifilm-x-t5","tag-panoramique","tag-patrimoine","tag-samyang-8-mm-f2-8-umc-fisheye-ii","tag-stuttgart"],"acf":[],"geo":{"latitude":48.7820396,"longitude":9.2688618,"description":"Stuttgart Rotenberg, Baden-W\u00fcrttemberg, 70327, DE"},"jetpack_publicize_connections":[],"jetpack_featured_media_url":"https:\/\/www.wallendorff.com\/belogue\/wp-content\/uploads\/2023\/11\/20231129.jpg","jetpack_shortlink":"https:\/\/wp.me\/p3b35P-wZg","jetpack_sharing_enabled":true,"jetpack-related-posts":[{"id":53900,"url":"https:\/\/www.wallendorff.com\/belogue\/2022\/12\/15\/cube-a-livres\/","url_meta":{"origin":126806,"position":0},"title":"Cube \u00e0 livres.","author":"dpc","date":"15 d\u00e9cembre 2022","format":false,"excerpt":"","rel":"","context":"Dans &quot;Into the wide&quot;","block_context":{"text":"Into the wide","link":"https:\/\/www.wallendorff.com\/belogue\/category\/into-the-wide\/"},"img":{"alt_text":"","src":"https:\/\/i0.wp.com\/www.wallendorff.com\/belogue\/wp-content\/uploads\/2022\/12\/20221215-01.jpg?resize=350%2C200&ssl=1","width":350,"height":200,"srcset":"https:\/\/i0.wp.com\/www.wallendorff.com\/belogue\/wp-content\/uploads\/2022\/12\/20221215-01.jpg?resize=350%2C200&ssl=1 1x, https:\/\/i0.wp.com\/www.wallendorff.com\/belogue\/wp-content\/uploads\/2022\/12\/20221215-01.jpg?resize=525%2C300&ssl=1 1.5x, https:\/\/i0.wp.com\/www.wallendorff.com\/belogue\/wp-content\/uploads\/2022\/12\/20221215-01.jpg?resize=700%2C400&ssl=1 2x, https:\/\/i0.wp.com\/www.wallendorff.com\/belogue\/wp-content\/uploads\/2022\/12\/20221215-01.jpg?resize=1050%2C600&ssl=1 3x"},"classes":[]},{"id":53281,"url":"https:\/\/www.wallendorff.com\/belogue\/2022\/09\/30\/septembre-2022\/","url_meta":{"origin":126806,"position":1},"title":"Septembre 2022.","author":"dpc","date":"30 septembre 2022","format":false,"excerpt":"Un chantier, une patrouille, un mikado, une promenade, un vernissage, une gare, un anniversaire, une chemin\u00e9e, un ap\u00e9ro, un escalator, un trio de voitures, une pizza, une porte, un train, un miroir, un z\u00e8bre, un bar, un cr\u00e9puscule, une licorne, une boule \u00e0 facettes, un concert, un ch\u00e2teau, une boule\u2026","rel":"","context":"Dans &quot;Blog-note&quot;","block_context":{"text":"Blog-note","link":"https:\/\/www.wallendorff.com\/belogue\/category\/blog-note\/"},"img":{"alt_text":"","src":"https:\/\/i0.wp.com\/www.wallendorff.com\/belogue\/wp-content\/uploads\/2022\/10\/20221017-29.jpg?resize=350%2C200&ssl=1","width":350,"height":200,"srcset":"https:\/\/i0.wp.com\/www.wallendorff.com\/belogue\/wp-content\/uploads\/2022\/10\/20221017-29.jpg?resize=350%2C200&ssl=1 1x, https:\/\/i0.wp.com\/www.wallendorff.com\/belogue\/wp-content\/uploads\/2022\/10\/20221017-29.jpg?resize=525%2C300&ssl=1 1.5x, https:\/\/i0.wp.com\/www.wallendorff.com\/belogue\/wp-content\/uploads\/2022\/10\/20221017-29.jpg?resize=700%2C400&ssl=1 2x, https:\/\/i0.wp.com\/www.wallendorff.com\/belogue\/wp-content\/uploads\/2022\/10\/20221017-29.jpg?resize=1050%2C600&ssl=1 3x"},"classes":[]},{"id":53914,"url":"https:\/\/www.wallendorff.com\/belogue\/2022\/12\/22\/prost-stuttgart-2\/","url_meta":{"origin":126806,"position":2},"title":"Prost Stuttgart.","author":"dpc","date":"22 d\u00e9cembre 2022","format":false,"excerpt":"","rel":"","context":"Dans &quot;DPC&quot;","block_context":{"text":"DPC","link":"https:\/\/www.wallendorff.com\/belogue\/category\/dpc\/"},"img":{"alt_text":"","src":"https:\/\/i0.wp.com\/www.wallendorff.com\/belogue\/wp-content\/uploads\/2022\/12\/20221222-15.jpg?resize=350%2C200&ssl=1","width":350,"height":200,"srcset":"https:\/\/i0.wp.com\/www.wallendorff.com\/belogue\/wp-content\/uploads\/2022\/12\/20221222-15.jpg?resize=350%2C200&ssl=1 1x, https:\/\/i0.wp.com\/www.wallendorff.com\/belogue\/wp-content\/uploads\/2022\/12\/20221222-15.jpg?resize=525%2C300&ssl=1 1.5x, https:\/\/i0.wp.com\/www.wallendorff.com\/belogue\/wp-content\/uploads\/2022\/12\/20221222-15.jpg?resize=700%2C400&ssl=1 2x, https:\/\/i0.wp.com\/www.wallendorff.com\/belogue\/wp-content\/uploads\/2022\/12\/20221222-15.jpg?resize=1050%2C600&ssl=1 3x"},"classes":[]},{"id":44227,"url":"https:\/\/www.wallendorff.com\/belogue\/2019\/10\/31\/octobre-2019\/","url_meta":{"origin":126806,"position":3},"title":"Octobre 2019.","author":"dpc","date":"31 octobre 2019","format":false,"excerpt":"Un anniversaire, une ombre, un anniversaire, un num\u00e9ro, un quai de m\u00e9tro, un canap\u00e9, un chat pas tr\u00e8s content, une ruelle, une terrasse, un immeuble, un blocage, un coucher de soleil, un train, un anniversaire \u00e0 la bi\u00e8re, une grande roue, une pelouse, une fontaine, un festival, un pub, une\u2026","rel":"","context":"Dans &quot;Blog-note&quot;","block_context":{"text":"Blog-note","link":"https:\/\/www.wallendorff.com\/belogue\/category\/blog-note\/"},"img":{"alt_text":"","src":"https:\/\/i0.wp.com\/www.wallendorff.com\/belogue\/wp-content\/uploads\/2019\/11\/20191125-89.jpg?resize=350%2C200&ssl=1","width":350,"height":200,"srcset":"https:\/\/i0.wp.com\/www.wallendorff.com\/belogue\/wp-content\/uploads\/2019\/11\/20191125-89.jpg?resize=350%2C200&ssl=1 1x, https:\/\/i0.wp.com\/www.wallendorff.com\/belogue\/wp-content\/uploads\/2019\/11\/20191125-89.jpg?resize=525%2C300&ssl=1 1.5x, https:\/\/i0.wp.com\/www.wallendorff.com\/belogue\/wp-content\/uploads\/2019\/11\/20191125-89.jpg?resize=700%2C400&ssl=1 2x, https:\/\/i0.wp.com\/www.wallendorff.com\/belogue\/wp-content\/uploads\/2019\/11\/20191125-89.jpg?resize=1050%2C600&ssl=1 3x"},"classes":[]},{"id":135047,"url":"https:\/\/www.wallendorff.com\/belogue\/2026\/01\/12\/prost-stuttgart-5\/","url_meta":{"origin":126806,"position":4},"title":"Prost Stuttgart.","author":"dpc","date":"12 janvier 2026","format":false,"excerpt":"","rel":"","context":"Dans &quot;DPC&quot;","block_context":{"text":"DPC","link":"https:\/\/www.wallendorff.com\/belogue\/category\/dpc\/"},"img":{"alt_text":"","src":"https:\/\/i0.wp.com\/www.wallendorff.com\/belogue\/wp-content\/uploads\/2026\/01\/20260112-19.jpg?resize=350%2C200&ssl=1","width":350,"height":200,"srcset":"https:\/\/i0.wp.com\/www.wallendorff.com\/belogue\/wp-content\/uploads\/2026\/01\/20260112-19.jpg?resize=350%2C200&ssl=1 1x, https:\/\/i0.wp.com\/www.wallendorff.com\/belogue\/wp-content\/uploads\/2026\/01\/20260112-19.jpg?resize=525%2C300&ssl=1 1.5x, https:\/\/i0.wp.com\/www.wallendorff.com\/belogue\/wp-content\/uploads\/2026\/01\/20260112-19.jpg?resize=700%2C400&ssl=1 2x, https:\/\/i0.wp.com\/www.wallendorff.com\/belogue\/wp-content\/uploads\/2026\/01\/20260112-19.jpg?resize=1050%2C600&ssl=1 3x"},"classes":[]},{"id":13318,"url":"https:\/\/www.wallendorff.com\/belogue\/2011\/09\/28\/chapelle-chapelle\/","url_meta":{"origin":126806,"position":5},"title":"Chapelle chapelle.","author":"dpc","date":"28 septembre 2011","format":false,"excerpt":"Chapelle Notre-Dame de Tr\u00e9mor, Riec-sur-Belon, 8 ao\u00fbt. Et demain on arr\u00eate. Le Corps Mince de Fran\u00e7oise \u2013 Cool and Bored [youtube]http:\/\/www.youtube.com\/watch?v=9Xj4UJr0_Sk[\/youtube]","rel":"","context":"Dans &quot;DPC&quot;","block_context":{"text":"DPC","link":"https:\/\/www.wallendorff.com\/belogue\/category\/dpc\/"},"img":{"alt_text":"","src":"https:\/\/i0.wp.com\/www.wallendorff.com\/belogue\/wp-content\/uploads\/2015\/04\/201109281.jpg?resize=350%2C200&ssl=1","width":350,"height":200},"classes":[]}],"_links":{"self":[{"href":"https:\/\/www.wallendorff.com\/belogue\/wp-json\/wp\/v2\/posts\/126806","targetHints":{"allow":["GET"]}}],"collection":[{"href":"https:\/\/www.wallendorff.com\/belogue\/wp-json\/wp\/v2\/posts"}],"about":[{"href":"https:\/\/www.wallendorff.com\/belogue\/wp-json\/wp\/v2\/types\/post"}],"author":[{"embeddable":true,"href":"https:\/\/www.wallendorff.com\/belogue\/wp-json\/wp\/v2\/users\/1"}],"replies":[{"embeddable":true,"href":"https:\/\/www.wallendorff.com\/belogue\/wp-json\/wp\/v2\/comments?post=126806"}],"version-history":[{"count":15,"href":"https:\/\/www.wallendorff.com\/belogue\/wp-json\/wp\/v2\/posts\/126806\/revisions"}],"predecessor-version":[{"id":126823,"href":"https:\/\/www.wallendorff.com\/belogue\/wp-json\/wp\/v2\/posts\/126806\/revisions\/126823"}],"wp:featuredmedia":[{"embeddable":true,"href":"https:\/\/www.wallendorff.com\/belogue\/wp-json\/wp\/v2\/media\/126813"}],"wp:attachment":[{"href":"https:\/\/www.wallendorff.com\/belogue\/wp-json\/wp\/v2\/media?parent=126806"}],"wp:term":[{"taxonomy":"category","embeddable":true,"href":"https:\/\/www.wallendorff.com\/belogue\/wp-json\/wp\/v2\/categories?post=126806"},{"taxonomy":"post_tag","embeddable":true,"href":"https:\/\/www.wallendorff.com\/belogue\/wp-json\/wp\/v2\/tags?post=126806"}],"curies":[{"name":"wp","href":"https:\/\/api.w.org\/{rel}","templated":true}]}}