{"id":126749,"date":"2023-11-22T16:33:40","date_gmt":"2023-11-22T14:33:40","guid":{"rendered":"https:\/\/www.wallendorff.com\/belogue\/?p=126749"},"modified":"2023-11-22T16:57:13","modified_gmt":"2023-11-22T14:57:13","slug":"ca-des-pins-ca-depasse","status":"publish","type":"post","link":"https:\/\/www.wallendorff.com\/belogue\/2023\/11\/22\/ca-des-pins-ca-depasse\/","title":{"rendered":"\u00c7a, des pins \u00e7a d\u00e9passe."},"content":{"rendered":"\t\t<div data-elementor-type=\"wp-post\" data-elementor-id=\"126749\" class=\"elementor elementor-126749\" data-elementor-post-type=\"post\">\n\t\t\t\t\t\t<section class=\"elementor-section elementor-top-section elementor-element elementor-element-4208e565 elementor-section-boxed elementor-section-height-default elementor-section-height-default\" data-id=\"4208e565\" data-element_type=\"section\" data-e-type=\"section\">\n\t\t\t\t\t\t<div class=\"elementor-container elementor-column-gap-default\">\n\t\t\t\t\t<div class=\"elementor-column elementor-col-100 elementor-top-column elementor-element elementor-element-a6dbf54\" data-id=\"a6dbf54\" data-element_type=\"column\" data-e-type=\"column\">\n\t\t\t<div class=\"elementor-widget-wrap elementor-element-populated\">\n\t\t\t\t\t\t<div class=\"elementor-element elementor-element-7167d5dc elementor-widget elementor-widget-text-editor\" data-id=\"7167d5dc\" data-element_type=\"widget\" data-e-type=\"widget\" data-widget_type=\"text-editor.default\">\n\t\t\t\t<div class=\"elementor-widget-container\">\n\t\t\t\t\t\t\t\t\t<div id=\"photo\">\n\n<img decoding=\"async\" src=\"https:\/\/www.wallendorff.com\/belogue\/wp-content\/uploads\/2023\/11\/20231122.jpg\" \/>\nStuttgart, 22 septembre 2023.\n<\/div>\t\t\t\t\t\t\t\t<\/div>\n\t\t\t\t<\/div>\n\t\t\t\t\t<\/div>\n\t\t<\/div>\n\t\t\t\t\t<\/div>\n\t\t<\/section>\n\t\t\t\t<\/div>\n\t\t","protected":false},"excerpt":{"rendered":"<p>Stuttgart, 22 septembre 2023.<\/p>\n","protected":false},"author":1,"featured_media":126751,"comment_status":"open","ping_status":"open","sticky":false,"template":"","format":"standard","meta":{"_acf_changed":false,"ngg_post_thumbnail":0,"jetpack_post_was_ever_published":false,"_jetpack_newsletter_access":"","_jetpack_dont_email_post_to_subs":false,"_jetpack_newsletter_tier_id":0,"_jetpack_memberships_contains_paywalled_content":false,"_jetpack_memberships_contains_paid_content":false,"footnotes":"","jetpack_publicize_message":"","jetpack_publicize_feature_enabled":true,"jetpack_social_post_already_shared":true,"jetpack_social_options":{"image_generator_settings":{"template":"highway","default_image_id":0,"font":"","enabled":false},"version":2}},"categories":[3],"tags":[10953,12955,18290,14272,10592,16081,10851,18173,18172],"class_list":["post-126749","post","type-post","status-publish","format-standard","has-post-thumbnail","hentry","category-dpc","tag-allemagne","tag-bade-wurtemberg","tag-fujifilm-x-t5","tag-fujinon-xf-18-55-mm-f2-8-4-r-lm-ois","tag-pose-longue","tag-stuttgart","tag-tour","tag-tour-de-television","tag-tour-de-television-de-stuttgart"],"acf":[],"geo":{"latitude":48.7668419,"longitude":9.1943789,"description":"Stuttgart, Baden-W\u00fcrttemberg, 70629, DE"},"jetpack_publicize_connections":[],"jetpack_featured_media_url":"https:\/\/www.wallendorff.com\/belogue\/wp-content\/uploads\/2023\/11\/20231122.jpg","jetpack_shortlink":"https:\/\/wp.me\/p3b35P-wYl","jetpack_sharing_enabled":true,"jetpack-related-posts":[{"id":126387,"url":"https:\/\/www.wallendorff.com\/belogue\/2023\/09\/30\/septembre-2023\/","url_meta":{"origin":126749,"position":0},"title":"Septembre 2023.","author":"dpc","date":"30 septembre 2023","format":false,"excerpt":"Un dodo, une gare, un train, un fleuve, une bi\u00e8re, une flamiche, une couque, une ferme, un quouize, un RER en panne, un rayon de soleil, un chien \u00e0 bi\u00e8re, une terrasse, un immeuble, un v\u00e9lo, une grimpette, une vitrine, une visite priv\u00e9e, une vitrine, un caf\u00e9, un fauteuil, un\u2026","rel":"","context":"Dans &quot;Blog-note&quot;","block_context":{"text":"Blog-note","link":"https:\/\/www.wallendorff.com\/belogue\/category\/blog-note\/"},"img":{"alt_text":"","src":"https:\/\/i0.wp.com\/www.wallendorff.com\/belogue\/wp-content\/uploads\/2023\/10\/20231024-81.jpg?resize=350%2C200&ssl=1","width":350,"height":200,"srcset":"https:\/\/i0.wp.com\/www.wallendorff.com\/belogue\/wp-content\/uploads\/2023\/10\/20231024-81.jpg?resize=350%2C200&ssl=1 1x, https:\/\/i0.wp.com\/www.wallendorff.com\/belogue\/wp-content\/uploads\/2023\/10\/20231024-81.jpg?resize=525%2C300&ssl=1 1.5x, https:\/\/i0.wp.com\/www.wallendorff.com\/belogue\/wp-content\/uploads\/2023\/10\/20231024-81.jpg?resize=700%2C400&ssl=1 2x, https:\/\/i0.wp.com\/www.wallendorff.com\/belogue\/wp-content\/uploads\/2023\/10\/20231024-81.jpg?resize=1050%2C600&ssl=1 3x"},"classes":[]},{"id":135047,"url":"https:\/\/www.wallendorff.com\/belogue\/2026\/01\/12\/prost-stuttgart-5\/","url_meta":{"origin":126749,"position":1},"title":"Prost Stuttgart.","author":"dpc","date":"12 janvier 2026","format":false,"excerpt":"","rel":"","context":"Dans &quot;DPC&quot;","block_context":{"text":"DPC","link":"https:\/\/www.wallendorff.com\/belogue\/category\/dpc\/"},"img":{"alt_text":"","src":"https:\/\/i0.wp.com\/www.wallendorff.com\/belogue\/wp-content\/uploads\/2026\/01\/20260112-19.jpg?resize=350%2C200&ssl=1","width":350,"height":200,"srcset":"https:\/\/i0.wp.com\/www.wallendorff.com\/belogue\/wp-content\/uploads\/2026\/01\/20260112-19.jpg?resize=350%2C200&ssl=1 1x, https:\/\/i0.wp.com\/www.wallendorff.com\/belogue\/wp-content\/uploads\/2026\/01\/20260112-19.jpg?resize=525%2C300&ssl=1 1.5x, https:\/\/i0.wp.com\/www.wallendorff.com\/belogue\/wp-content\/uploads\/2026\/01\/20260112-19.jpg?resize=700%2C400&ssl=1 2x, https:\/\/i0.wp.com\/www.wallendorff.com\/belogue\/wp-content\/uploads\/2026\/01\/20260112-19.jpg?resize=1050%2C600&ssl=1 3x"},"classes":[]},{"id":126769,"url":"https:\/\/www.wallendorff.com\/belogue\/2023\/11\/27\/prost-stuttgart-3\/","url_meta":{"origin":126749,"position":2},"title":"Prost Stuttgart.","author":"dpc","date":"27 novembre 2023","format":false,"excerpt":"","rel":"","context":"Dans &quot;DPC&quot;","block_context":{"text":"DPC","link":"https:\/\/www.wallendorff.com\/belogue\/category\/dpc\/"},"img":{"alt_text":"","src":"https:\/\/i0.wp.com\/www.wallendorff.com\/belogue\/wp-content\/uploads\/2023\/11\/20231127-18.jpg?resize=350%2C200&ssl=1","width":350,"height":200,"srcset":"https:\/\/i0.wp.com\/www.wallendorff.com\/belogue\/wp-content\/uploads\/2023\/11\/20231127-18.jpg?resize=350%2C200&ssl=1 1x, https:\/\/i0.wp.com\/www.wallendorff.com\/belogue\/wp-content\/uploads\/2023\/11\/20231127-18.jpg?resize=525%2C300&ssl=1 1.5x, https:\/\/i0.wp.com\/www.wallendorff.com\/belogue\/wp-content\/uploads\/2023\/11\/20231127-18.jpg?resize=700%2C400&ssl=1 2x, https:\/\/i0.wp.com\/www.wallendorff.com\/belogue\/wp-content\/uploads\/2023\/11\/20231127-18.jpg?resize=1050%2C600&ssl=1 3x"},"classes":[]},{"id":131361,"url":"https:\/\/www.wallendorff.com\/belogue\/2024\/12\/13\/prost-stuttgart-4\/","url_meta":{"origin":126749,"position":3},"title":"Prost Stuttgart.","author":"dpc","date":"13 d\u00e9cembre 2024","format":false,"excerpt":"","rel":"","context":"Dans &quot;DPC&quot;","block_context":{"text":"DPC","link":"https:\/\/www.wallendorff.com\/belogue\/category\/dpc\/"},"img":{"alt_text":"","src":"https:\/\/i0.wp.com\/www.wallendorff.com\/belogue\/wp-content\/uploads\/2024\/12\/20241212-30.jpg?resize=350%2C200&ssl=1","width":350,"height":200,"srcset":"https:\/\/i0.wp.com\/www.wallendorff.com\/belogue\/wp-content\/uploads\/2024\/12\/20241212-30.jpg?resize=350%2C200&ssl=1 1x, https:\/\/i0.wp.com\/www.wallendorff.com\/belogue\/wp-content\/uploads\/2024\/12\/20241212-30.jpg?resize=525%2C300&ssl=1 1.5x, https:\/\/i0.wp.com\/www.wallendorff.com\/belogue\/wp-content\/uploads\/2024\/12\/20241212-30.jpg?resize=700%2C400&ssl=1 2x, https:\/\/i0.wp.com\/www.wallendorff.com\/belogue\/wp-content\/uploads\/2024\/12\/20241212-30.jpg?resize=1050%2C600&ssl=1 3x"},"classes":[]},{"id":53914,"url":"https:\/\/www.wallendorff.com\/belogue\/2022\/12\/22\/prost-stuttgart-2\/","url_meta":{"origin":126749,"position":4},"title":"Prost Stuttgart.","author":"dpc","date":"22 d\u00e9cembre 2022","format":false,"excerpt":"","rel":"","context":"Dans &quot;DPC&quot;","block_context":{"text":"DPC","link":"https:\/\/www.wallendorff.com\/belogue\/category\/dpc\/"},"img":{"alt_text":"","src":"https:\/\/i0.wp.com\/www.wallendorff.com\/belogue\/wp-content\/uploads\/2022\/12\/20221222-15.jpg?resize=350%2C200&ssl=1","width":350,"height":200,"srcset":"https:\/\/i0.wp.com\/www.wallendorff.com\/belogue\/wp-content\/uploads\/2022\/12\/20221222-15.jpg?resize=350%2C200&ssl=1 1x, https:\/\/i0.wp.com\/www.wallendorff.com\/belogue\/wp-content\/uploads\/2022\/12\/20221222-15.jpg?resize=525%2C300&ssl=1 1.5x, https:\/\/i0.wp.com\/www.wallendorff.com\/belogue\/wp-content\/uploads\/2022\/12\/20221222-15.jpg?resize=700%2C400&ssl=1 2x, https:\/\/i0.wp.com\/www.wallendorff.com\/belogue\/wp-content\/uploads\/2022\/12\/20221222-15.jpg?resize=1050%2C600&ssl=1 3x"},"classes":[]},{"id":133958,"url":"https:\/\/www.wallendorff.com\/belogue\/2025\/09\/30\/septembre-2025\/","url_meta":{"origin":126749,"position":5},"title":"Septembre 2025.","author":"dpc","date":"30 septembre 2025","format":false,"excerpt":"Un m\u00e9tro, un coucher de soleil, une tour en bois, une grosse boule, une tour en fer, un coup de balai, un parapluie, une sieste, un bi(f)tek, une ruine de jour, un ch\u00e2teau, un coucher de soleil, une page de bouquin, une \u00e9clipse de lune, un CNPE, une enseigne, une\u2026","rel":"","context":"Dans &quot;Blog-note&quot;","block_context":{"text":"Blog-note","link":"https:\/\/www.wallendorff.com\/belogue\/category\/blog-note\/"},"img":{"alt_text":"","src":"https:\/\/i0.wp.com\/www.wallendorff.com\/belogue\/wp-content\/uploads\/2025\/10\/20251013-15.jpg?resize=350%2C200&ssl=1","width":350,"height":200,"srcset":"https:\/\/i0.wp.com\/www.wallendorff.com\/belogue\/wp-content\/uploads\/2025\/10\/20251013-15.jpg?resize=350%2C200&ssl=1 1x, https:\/\/i0.wp.com\/www.wallendorff.com\/belogue\/wp-content\/uploads\/2025\/10\/20251013-15.jpg?resize=525%2C300&ssl=1 1.5x, https:\/\/i0.wp.com\/www.wallendorff.com\/belogue\/wp-content\/uploads\/2025\/10\/20251013-15.jpg?resize=700%2C400&ssl=1 2x, https:\/\/i0.wp.com\/www.wallendorff.com\/belogue\/wp-content\/uploads\/2025\/10\/20251013-15.jpg?resize=1050%2C600&ssl=1 3x"},"classes":[]}],"_links":{"self":[{"href":"https:\/\/www.wallendorff.com\/belogue\/wp-json\/wp\/v2\/posts\/126749","targetHints":{"allow":["GET"]}}],"collection":[{"href":"https:\/\/www.wallendorff.com\/belogue\/wp-json\/wp\/v2\/posts"}],"about":[{"href":"https:\/\/www.wallendorff.com\/belogue\/wp-json\/wp\/v2\/types\/post"}],"author":[{"embeddable":true,"href":"https:\/\/www.wallendorff.com\/belogue\/wp-json\/wp\/v2\/users\/1"}],"replies":[{"embeddable":true,"href":"https:\/\/www.wallendorff.com\/belogue\/wp-json\/wp\/v2\/comments?post=126749"}],"version-history":[{"count":14,"href":"https:\/\/www.wallendorff.com\/belogue\/wp-json\/wp\/v2\/posts\/126749\/revisions"}],"predecessor-version":[{"id":126764,"href":"https:\/\/www.wallendorff.com\/belogue\/wp-json\/wp\/v2\/posts\/126749\/revisions\/126764"}],"wp:featuredmedia":[{"embeddable":true,"href":"https:\/\/www.wallendorff.com\/belogue\/wp-json\/wp\/v2\/media\/126751"}],"wp:attachment":[{"href":"https:\/\/www.wallendorff.com\/belogue\/wp-json\/wp\/v2\/media?parent=126749"}],"wp:term":[{"taxonomy":"category","embeddable":true,"href":"https:\/\/www.wallendorff.com\/belogue\/wp-json\/wp\/v2\/categories?post=126749"},{"taxonomy":"post_tag","embeddable":true,"href":"https:\/\/www.wallendorff.com\/belogue\/wp-json\/wp\/v2\/tags?post=126749"}],"curies":[{"name":"wp","href":"https:\/\/api.w.org\/{rel}","templated":true}]}}