{"id":12672,"date":"2011-04-26T10:18:32","date_gmt":"2011-04-26T08:18:32","guid":{"rendered":"http:\/\/www.po-l.com\/belogue\/?p=12672"},"modified":"2012-05-04T11:20:30","modified_gmt":"2012-05-04T09:20:30","slug":"let-it-burn-let-it-burn","status":"publish","type":"post","link":"https:\/\/www.wallendorff.com\/belogue\/2011\/04\/26\/let-it-burn-let-it-burn\/","title":{"rendered":"Let it burn, let it burn."},"content":{"rendered":"\n<div id=\"photo\">\n<p><img decoding=\"async\" src=\"https:\/\/www.wallendorff.com\/belogue\/photo\/2011\/04\/20110426.jpg\" \/><\/p>\n<\/p><\/div>\n<div id=\"photo2\">\n<p><img decoding=\"async\" src=\"https:\/\/www.wallendorff.com\/belogue\/photo\/2011\/04\/20110426-01.jpg\" \/><br \/>\nAvoriaz, 1<sup>er<\/sup> avril.<\/p>\n<\/p><\/div>\n<div id=\"bandeson\">\n<p><img decoding=\"async\" src=\"https:\/\/www.wallendorff.com\/belogue\/photo\/pochettes\/h\/harvey_pj-let_england_shake.jpg\" align=\"left\">&nbsp;<a href=\"http:\/\/www.pjharvey.net\" >PJ Harvey<\/a> &mdash; <em>Written on the Forehead<\/em><br \/>[youtube]http:\/\/www.youtube.com\/watch?v=fUWp1iBeOS0[\/youtube]\n        <\/p>\n<\/p><\/div>\n","protected":false},"excerpt":{"rendered":"<p>Avoriaz, 1er avril. &nbsp;PJ Harvey &mdash; Written on the Forehead[youtube]http:\/\/www.youtube.com\/watch?v=fUWp1iBeOS0[\/youtube]<\/p>\n","protected":false},"author":1,"featured_media":26169,"comment_status":"open","ping_status":"open","sticky":false,"template":"","format":"standard","meta":{"_acf_changed":false,"ngg_post_thumbnail":0,"jetpack_post_was_ever_published":false,"_jetpack_newsletter_access":"","_jetpack_dont_email_post_to_subs":false,"_jetpack_newsletter_tier_id":0,"_jetpack_memberships_contains_paywalled_content":false,"_jetpack_memberships_contains_paid_content":false,"footnotes":"","jetpack_publicize_message":"","jetpack_publicize_feature_enabled":true,"jetpack_social_post_already_shared":false,"jetpack_social_options":{"image_generator_settings":{"template":"highway","default_image_id":0,"font":"","enabled":false},"version":2}},"categories":[3],"tags":[4836,2615,10144,10246,11022,10326,10120,10433,5450,10426,4834,10599,793,10180,10293,170,10324,4847],"class_list":["post-12672","post","type-post","status-publish","format-standard","has-post-thumbnail","hentry","category-dpc","tag-avoriaz","tag-eos-5d-mark-ii","tag-ciel","tag-contre-jour","tag-coucher-de-soleil","tag-crepuscule","tag-france","tag-haute-savoie","tag-let-england-shake","tag-montagne","tag-morzine","tag-nuage","tag-orange","tag-pj-harvey","tag-rhone-alpes","tag-sigma-70-300-mm-f4-56-dg-apo-macro","tag-soleil","tag-written-on-the-forehead"],"acf":[],"geo":{"latitude":46.1895905,"longitude":6.7757211,"description":"89-261 Promenade des Ardoisi\u00e8res, 74110 Morzine, France"},"jetpack_publicize_connections":[],"jetpack_featured_media_url":"https:\/\/www.wallendorff.com\/belogue\/wp-content\/uploads\/2015\/04\/201104262.jpg","jetpack_shortlink":"https:\/\/wp.me\/p3b35P-3io","jetpack_sharing_enabled":true,"jetpack-related-posts":[{"id":22937,"url":"https:\/\/www.wallendorff.com\/belogue\/2014\/06\/10\/dix-ans-dans-les-mines-de-ciel\/","url_meta":{"origin":12672,"position":0},"title":"Dix ans dans les mines de ciel.","author":"dpc","date":"10 juin 2014","format":false,"excerpt":"Dix ans \u00e0 regarder le ciel qui rougeoie, les nuages qui passoient, le soleil qui se couchoie et le vent qui souffloie. Un an je passe #2. Auburn Road, Pontiac, 17 septembre 2004. \u00a0 There is a light that never goes out. Paris, 13 juillet 2008. \u00a0 Time ain't gonna\u2026","rel":"","context":"Dans &quot;DPC&quot;","block_context":{"text":"DPC","link":"https:\/\/www.wallendorff.com\/belogue\/category\/dpc\/"},"img":{"alt_text":"","src":"https:\/\/i0.wp.com\/www.wallendorff.com\/belogue\/wp-content\/uploads\/2015\/04\/201104263.jpg?resize=350%2C200&ssl=1","width":350,"height":200,"srcset":"https:\/\/i0.wp.com\/www.wallendorff.com\/belogue\/wp-content\/uploads\/2015\/04\/201104263.jpg?resize=350%2C200&ssl=1 1x, https:\/\/i0.wp.com\/www.wallendorff.com\/belogue\/wp-content\/uploads\/2015\/04\/201104263.jpg?resize=525%2C300&ssl=1 1.5x, https:\/\/i0.wp.com\/www.wallendorff.com\/belogue\/wp-content\/uploads\/2015\/04\/201104263.jpg?resize=700%2C400&ssl=1 2x"},"classes":[]},{"id":20314,"url":"https:\/\/www.wallendorff.com\/belogue\/2007\/09\/12\/pj-harvey-album-de-la-semaine-aubervilliers\/","url_meta":{"origin":12672,"position":1},"title":"PJ Harvey @ Album de la semaine, Aubervilliers.","author":"dpc","date":"12 septembre 2007","format":false,"excerpt":"The Devil | Grow Grow Grow | When Under Ether | White Chalk | Silence | The Piano | The Mountain || The Devil | White Chalk | Silence Avec un album si intime, pas \u00e9tonnant que PJ Harvey se pr\u00e9sente seule sur le plateau de Canal. La sc\u00e8ne est\u2026","rel":"","context":"Dans &quot;Alive&quot;","block_context":{"text":"Alive","link":"https:\/\/www.wallendorff.com\/belogue\/category\/alive\/"},"img":{"alt_text":"","src":"","width":0,"height":0},"classes":[]},{"id":128484,"url":"https:\/\/www.wallendorff.com\/belogue\/2024\/06\/19\/cetait-2011\/","url_meta":{"origin":12672,"position":2},"title":"C&rsquo;\u00e9tait 2011.","author":"dpc","date":"19 juin 2024","format":false,"excerpt":"2011, tentatives. Paris, 8 janvier 2011. Paris, 29 janvier 2011. Metz, 13 f\u00e9vrier 2011. Avoriaz, 1er avril 2011. Avoriaz, 1er avril 2011. Lausanne, 3 avril 2011. Paris, 20 avril 2011. Paris, 7 mai 2011. Paris, 17 mai 2011. Black Lips @ le Centquatre, Paris, 17 mai 2011 Paris, 26 mai\u2026","rel":"","context":"Dans &quot;DPC&quot;","block_context":{"text":"DPC","link":"https:\/\/www.wallendorff.com\/belogue\/category\/dpc\/"},"img":{"alt_text":"","src":"https:\/\/i0.wp.com\/www.wallendorff.com\/belogue\/wp-content\/uploads\/2024\/06\/20240619-10.jpg?resize=350%2C200&ssl=1","width":350,"height":200,"srcset":"https:\/\/i0.wp.com\/www.wallendorff.com\/belogue\/wp-content\/uploads\/2024\/06\/20240619-10.jpg?resize=350%2C200&ssl=1 1x, https:\/\/i0.wp.com\/www.wallendorff.com\/belogue\/wp-content\/uploads\/2024\/06\/20240619-10.jpg?resize=525%2C300&ssl=1 1.5x, https:\/\/i0.wp.com\/www.wallendorff.com\/belogue\/wp-content\/uploads\/2024\/06\/20240619-10.jpg?resize=700%2C400&ssl=1 2x, https:\/\/i0.wp.com\/www.wallendorff.com\/belogue\/wp-content\/uploads\/2024\/06\/20240619-10.jpg?resize=1050%2C600&ssl=1 3x"},"classes":[]},{"id":611,"url":"https:\/\/www.wallendorff.com\/belogue\/2004\/10\/18\/pieds-beaux\/","url_meta":{"origin":12672,"position":3},"title":"Pieds beaux.","author":"dpc","date":"18 octobre 2004","format":false,"excerpt":"PJ Harvey, State Theater, 14 octobre 2004. \u00a0Ben Kweller \u2013 On My Way","rel":"","context":"Dans &quot;DPC&quot;","block_context":{"text":"DPC","link":"https:\/\/www.wallendorff.com\/belogue\/category\/dpc\/"},"img":{"alt_text":"","src":"https:\/\/i0.wp.com\/www.wallendorff.com\/belogue\/wp-content\/uploads\/2015\/04\/200410181.jpg?resize=350%2C200&ssl=1","width":350,"height":200},"classes":[]},{"id":30322,"url":"https:\/\/www.wallendorff.com\/belogue\/2016\/03\/01\/into-the-wide-62\/","url_meta":{"origin":12672,"position":4},"title":"Into the wide #62.","author":"dpc","date":"1 mars 2016","format":false,"excerpt":"Porte des Allemands, Metz, 27 d\u00e9cembre 2015. The Wheel PJ Harvey","rel":"","context":"Dans &quot;Into the wide&quot;","block_context":{"text":"Into the wide","link":"https:\/\/www.wallendorff.com\/belogue\/category\/into-the-wide\/"},"img":{"alt_text":"","src":"https:\/\/i0.wp.com\/www.wallendorff.com\/belogue\/wp-content\/uploads\/2016\/03\/20160301.jpg?resize=350%2C200&ssl=1","width":350,"height":200,"srcset":"https:\/\/i0.wp.com\/www.wallendorff.com\/belogue\/wp-content\/uploads\/2016\/03\/20160301.jpg?resize=350%2C200&ssl=1 1x, https:\/\/i0.wp.com\/www.wallendorff.com\/belogue\/wp-content\/uploads\/2016\/03\/20160301.jpg?resize=525%2C300&ssl=1 1.5x, https:\/\/i0.wp.com\/www.wallendorff.com\/belogue\/wp-content\/uploads\/2016\/03\/20160301.jpg?resize=700%2C400&ssl=1 2x"},"classes":[]},{"id":22563,"url":"https:\/\/www.wallendorff.com\/belogue\/2014\/03\/05\/iii\/","url_meta":{"origin":12672,"position":5},"title":"[III]","author":"dpc","date":"5 mars 2014","format":false,"excerpt":"H\u00f4tel Bloom, Bruxelles, 22 f\u00e9vrier. I Think I'm a Mother PJ Harvey","rel":"","context":"Dans &quot;DPC&quot;","block_context":{"text":"DPC","link":"https:\/\/www.wallendorff.com\/belogue\/category\/dpc\/"},"img":{"alt_text":"","src":"https:\/\/i0.wp.com\/www.wallendorff.com\/belogue\/wp-content\/uploads\/2015\/04\/201403051.jpg?resize=350%2C200&ssl=1","width":350,"height":200,"srcset":"https:\/\/i0.wp.com\/www.wallendorff.com\/belogue\/wp-content\/uploads\/2015\/04\/201403051.jpg?resize=350%2C200&ssl=1 1x, https:\/\/i0.wp.com\/www.wallendorff.com\/belogue\/wp-content\/uploads\/2015\/04\/201403051.jpg?resize=525%2C300&ssl=1 1.5x, https:\/\/i0.wp.com\/www.wallendorff.com\/belogue\/wp-content\/uploads\/2015\/04\/201403051.jpg?resize=700%2C400&ssl=1 2x"},"classes":[]}],"_links":{"self":[{"href":"https:\/\/www.wallendorff.com\/belogue\/wp-json\/wp\/v2\/posts\/12672","targetHints":{"allow":["GET"]}}],"collection":[{"href":"https:\/\/www.wallendorff.com\/belogue\/wp-json\/wp\/v2\/posts"}],"about":[{"href":"https:\/\/www.wallendorff.com\/belogue\/wp-json\/wp\/v2\/types\/post"}],"author":[{"embeddable":true,"href":"https:\/\/www.wallendorff.com\/belogue\/wp-json\/wp\/v2\/users\/1"}],"replies":[{"embeddable":true,"href":"https:\/\/www.wallendorff.com\/belogue\/wp-json\/wp\/v2\/comments?post=12672"}],"version-history":[{"count":4,"href":"https:\/\/www.wallendorff.com\/belogue\/wp-json\/wp\/v2\/posts\/12672\/revisions"}],"predecessor-version":[{"id":17190,"href":"https:\/\/www.wallendorff.com\/belogue\/wp-json\/wp\/v2\/posts\/12672\/revisions\/17190"}],"wp:featuredmedia":[{"embeddable":true,"href":"https:\/\/www.wallendorff.com\/belogue\/wp-json\/wp\/v2\/media\/26169"}],"wp:attachment":[{"href":"https:\/\/www.wallendorff.com\/belogue\/wp-json\/wp\/v2\/media?parent=12672"}],"wp:term":[{"taxonomy":"category","embeddable":true,"href":"https:\/\/www.wallendorff.com\/belogue\/wp-json\/wp\/v2\/categories?post=12672"},{"taxonomy":"post_tag","embeddable":true,"href":"https:\/\/www.wallendorff.com\/belogue\/wp-json\/wp\/v2\/tags?post=12672"}],"curies":[{"name":"wp","href":"https:\/\/api.w.org\/{rel}","templated":true}]}}