{"id":126625,"date":"2023-11-14T16:43:18","date_gmt":"2023-11-14T14:43:18","guid":{"rendered":"https:\/\/www.wallendorff.com\/belogue\/?p=126625"},"modified":"2023-11-14T16:56:14","modified_gmt":"2023-11-14T14:56:14","slug":"into-the-wide-283","status":"publish","type":"post","link":"https:\/\/www.wallendorff.com\/belogue\/2023\/11\/14\/into-the-wide-283\/","title":{"rendered":"Into the wide #283."},"content":{"rendered":"\t\t<div data-elementor-type=\"wp-post\" data-elementor-id=\"126625\" class=\"elementor elementor-126625\" data-elementor-post-type=\"post\">\n\t\t\t\t\t\t<section class=\"elementor-section elementor-top-section elementor-element elementor-element-7bbd62f elementor-section-boxed elementor-section-height-default elementor-section-height-default\" data-id=\"7bbd62f\" data-element_type=\"section\" data-e-type=\"section\">\n\t\t\t\t\t\t<div class=\"elementor-container elementor-column-gap-default\">\n\t\t\t\t\t<div class=\"elementor-column elementor-col-100 elementor-top-column elementor-element elementor-element-7a479fb\" data-id=\"7a479fb\" data-element_type=\"column\" data-e-type=\"column\">\n\t\t\t<div class=\"elementor-widget-wrap elementor-element-populated\">\n\t\t\t\t\t\t<div class=\"elementor-element elementor-element-145561a elementor-widget elementor-widget-text-editor\" data-id=\"145561a\" data-element_type=\"widget\" data-e-type=\"widget\" data-widget_type=\"text-editor.default\">\n\t\t\t\t<div class=\"elementor-widget-container\">\n\t\t\t\t\t\t\t\t\t<div id=\"photo\">\n\n<img decoding=\"async\" src=\"https:\/\/www.wallendorff.com\/belogue\/wp-content\/uploads\/2023\/11\/20231114.jpg\" \/>\nCit\u00e9 de l&rsquo;\u00c9conomie, Paris, 16 septembre 2023.\n\n<\/div>\n<div id=\"photo2\">\n\n<img decoding=\"async\" src=\"https:\/\/www.wallendorff.com\/belogue\/wp-content\/uploads\/2023\/11\/20231114-02.jpg\" \/>\n<\/div>\t\t\t\t\t\t\t\t<\/div>\n\t\t\t\t<\/div>\n\t\t\t\t\t<\/div>\n\t\t<\/div>\n\t\t\t\t\t<\/div>\n\t\t<\/section>\n\t\t\t\t<\/div>\n\t\t","protected":false},"excerpt":{"rendered":"<p>Cit\u00e9 de l&rsquo;\u00c9conomie, Paris, 16 septembre 2023.<\/p>\n","protected":false},"author":1,"featured_media":126627,"comment_status":"open","ping_status":"open","sticky":false,"template":"","format":"standard","meta":{"_acf_changed":false,"ngg_post_thumbnail":0,"jetpack_post_was_ever_published":false,"_jetpack_newsletter_access":"","_jetpack_dont_email_post_to_subs":false,"_jetpack_newsletter_tier_id":0,"_jetpack_memberships_contains_paywalled_content":false,"_jetpack_memberships_contains_paid_content":false,"footnotes":"","jetpack_publicize_message":"","jetpack_publicize_feature_enabled":true,"jetpack_social_post_already_shared":true,"jetpack_social_options":{"image_generator_settings":{"template":"highway","default_image_id":0,"font":"","enabled":false},"version":2}},"categories":[7356],"tags":[10414,19122,10120,18290,19123,10121,13335,19041,10232,11323,10098,19124,14274],"class_list":["post-126625","post","type-post","status-publish","format-standard","has-post-thumbnail","hentry","category-into-the-wide","tag-10414","tag-cite-de-leconomie","tag-france","tag-fujifilm-x-t5","tag-hotel-gaillard","tag-ile-de-france","tag-journees-europeennes-du-patrimoine","tag-journees-europeennes-du-patrimoine-2023","tag-musee","tag-panoramique","tag-paris","tag-place-du-general-catroux","tag-samyang-8-mm-f2-8-umc-fisheye-ii"],"acf":[],"geo":{"latitude":48.8817863,"longitude":2.3103745,"description":"Paris 08, \u00cele-de-France, 75008, FR"},"jetpack_publicize_connections":[],"jetpack_featured_media_url":"https:\/\/www.wallendorff.com\/belogue\/wp-content\/uploads\/2023\/11\/20231114.jpg","jetpack_shortlink":"https:\/\/wp.me\/p3b35P-wWl","jetpack_sharing_enabled":true,"jetpack-related-posts":[{"id":126635,"url":"https:\/\/www.wallendorff.com\/belogue\/2023\/11\/16\/into-the-wide-284\/","url_meta":{"origin":126625,"position":0},"title":"Into the wide #284.","author":"dpc","date":"16 novembre 2023","format":false,"excerpt":"Cit\u00e9 de l'\u00c9conomie, Paris, 16 septembre 2023.","rel":"","context":"Dans &quot;Into the wide&quot;","block_context":{"text":"Into the wide","link":"https:\/\/www.wallendorff.com\/belogue\/category\/into-the-wide\/"},"img":{"alt_text":"","src":"https:\/\/i0.wp.com\/www.wallendorff.com\/belogue\/wp-content\/uploads\/2023\/11\/20231116-01.jpg?resize=350%2C200&ssl=1","width":350,"height":200,"srcset":"https:\/\/i0.wp.com\/www.wallendorff.com\/belogue\/wp-content\/uploads\/2023\/11\/20231116-01.jpg?resize=350%2C200&ssl=1 1x, https:\/\/i0.wp.com\/www.wallendorff.com\/belogue\/wp-content\/uploads\/2023\/11\/20231116-01.jpg?resize=525%2C300&ssl=1 1.5x, https:\/\/i0.wp.com\/www.wallendorff.com\/belogue\/wp-content\/uploads\/2023\/11\/20231116-01.jpg?resize=700%2C400&ssl=1 2x, https:\/\/i0.wp.com\/www.wallendorff.com\/belogue\/wp-content\/uploads\/2023\/11\/20231116-01.jpg?resize=1050%2C600&ssl=1 3x"},"classes":[]},{"id":33370,"url":"https:\/\/www.wallendorff.com\/belogue\/2017\/01\/09\/lun-portant-sept-parts-dissipees\/","url_meta":{"origin":126625,"position":1},"title":"L&rsquo;un portant sept parts dissip\u00e9es.","author":"dpc","date":"9 janvier 2017","format":false,"excerpt":"H\u00f4tel Bl\u00e9mont, Paris, 18 septembre 2016. Just so Agnes Obel","rel":"","context":"Dans &quot;DPC&quot;","block_context":{"text":"DPC","link":"https:\/\/www.wallendorff.com\/belogue\/category\/dpc\/"},"img":{"alt_text":"","src":"https:\/\/i0.wp.com\/www.wallendorff.com\/belogue\/wp-content\/uploads\/2017\/01\/20170109.jpg?resize=350%2C200&ssl=1","width":350,"height":200,"srcset":"https:\/\/i0.wp.com\/www.wallendorff.com\/belogue\/wp-content\/uploads\/2017\/01\/20170109.jpg?resize=350%2C200&ssl=1 1x, https:\/\/i0.wp.com\/www.wallendorff.com\/belogue\/wp-content\/uploads\/2017\/01\/20170109.jpg?resize=525%2C300&ssl=1 1.5x, https:\/\/i0.wp.com\/www.wallendorff.com\/belogue\/wp-content\/uploads\/2017\/01\/20170109.jpg?resize=700%2C400&ssl=1 2x"},"classes":[]},{"id":49757,"url":"https:\/\/www.wallendorff.com\/belogue\/2021\/09\/30\/septembre-2021\/","url_meta":{"origin":126625,"position":2},"title":"Septembre 2021.","author":"dpc","date":"30 septembre 2021","format":false,"excerpt":"Un cin\u00e9ma, un a\u00e9roport, une grosse montagne, un coucher de soleil, un port, une ruelle, un souper, un toit, un cirque, un coucher de soleil, un port, un bar vingt\u00e2ge, une plage, une \u00e9glise, une affiche, un bar, un a\u00e9roport, un coucher de soleil, une salle de concert, un chat\u2026","rel":"","context":"Dans &quot;Blog-note&quot;","block_context":{"text":"Blog-note","link":"https:\/\/www.wallendorff.com\/belogue\/category\/blog-note\/"},"img":{"alt_text":"","src":"https:\/\/i0.wp.com\/www.wallendorff.com\/belogue\/wp-content\/uploads\/2021\/10\/20211026-20.jpg?resize=350%2C200&ssl=1","width":350,"height":200,"srcset":"https:\/\/i0.wp.com\/www.wallendorff.com\/belogue\/wp-content\/uploads\/2021\/10\/20211026-20.jpg?resize=350%2C200&ssl=1 1x, https:\/\/i0.wp.com\/www.wallendorff.com\/belogue\/wp-content\/uploads\/2021\/10\/20211026-20.jpg?resize=525%2C300&ssl=1 1.5x, https:\/\/i0.wp.com\/www.wallendorff.com\/belogue\/wp-content\/uploads\/2021\/10\/20211026-20.jpg?resize=700%2C400&ssl=1 2x, https:\/\/i0.wp.com\/www.wallendorff.com\/belogue\/wp-content\/uploads\/2021\/10\/20211026-20.jpg?resize=1050%2C600&ssl=1 3x"},"classes":[]},{"id":126387,"url":"https:\/\/www.wallendorff.com\/belogue\/2023\/09\/30\/septembre-2023\/","url_meta":{"origin":126625,"position":3},"title":"Septembre 2023.","author":"dpc","date":"30 septembre 2023","format":false,"excerpt":"Un dodo, une gare, un train, un fleuve, une bi\u00e8re, une flamiche, une couque, une ferme, un quouize, un RER en panne, un rayon de soleil, un chien \u00e0 bi\u00e8re, une terrasse, un immeuble, un v\u00e9lo, une grimpette, une vitrine, une visite priv\u00e9e, une vitrine, un caf\u00e9, un fauteuil, un\u2026","rel":"","context":"Dans &quot;Blog-note&quot;","block_context":{"text":"Blog-note","link":"https:\/\/www.wallendorff.com\/belogue\/category\/blog-note\/"},"img":{"alt_text":"","src":"https:\/\/i0.wp.com\/www.wallendorff.com\/belogue\/wp-content\/uploads\/2023\/10\/20231024-81.jpg?resize=350%2C200&ssl=1","width":350,"height":200,"srcset":"https:\/\/i0.wp.com\/www.wallendorff.com\/belogue\/wp-content\/uploads\/2023\/10\/20231024-81.jpg?resize=350%2C200&ssl=1 1x, https:\/\/i0.wp.com\/www.wallendorff.com\/belogue\/wp-content\/uploads\/2023\/10\/20231024-81.jpg?resize=525%2C300&ssl=1 1.5x, https:\/\/i0.wp.com\/www.wallendorff.com\/belogue\/wp-content\/uploads\/2023\/10\/20231024-81.jpg?resize=700%2C400&ssl=1 2x, https:\/\/i0.wp.com\/www.wallendorff.com\/belogue\/wp-content\/uploads\/2023\/10\/20231024-81.jpg?resize=1050%2C600&ssl=1 3x"},"classes":[]},{"id":35961,"url":"https:\/\/www.wallendorff.com\/belogue\/2017\/09\/30\/septembre-2017\/","url_meta":{"origin":126625,"position":4},"title":"Septembre 2017.","author":"dpc","date":"30 septembre 2017","format":false,"excerpt":"Un chat pr\u00e9nomm\u00e9 Bo\u00eetam', un avion, un mariage, une chambre, une autoroute, un avion, un bateau, une rue londonienne, des \u00e9goportraits, une rue, un mur, un coucher de soleil, un m\u00e9tro, un carrefour, une esplanade, des reflets, un m\u00e9morial, un centre commercial, des gratte-ciel, un parc, une partie de cricket,\u2026","rel":"","context":"Dans &quot;Blog-note&quot;","block_context":{"text":"Blog-note","link":"https:\/\/www.wallendorff.com\/belogue\/category\/blog-note\/"},"img":{"alt_text":"","src":"https:\/\/i0.wp.com\/www.wallendorff.com\/belogue\/wp-content\/uploads\/2017\/10\/20171013-52.jpg?resize=350%2C200&ssl=1","width":350,"height":200,"srcset":"https:\/\/i0.wp.com\/www.wallendorff.com\/belogue\/wp-content\/uploads\/2017\/10\/20171013-52.jpg?resize=350%2C200&ssl=1 1x, https:\/\/i0.wp.com\/www.wallendorff.com\/belogue\/wp-content\/uploads\/2017\/10\/20171013-52.jpg?resize=525%2C300&ssl=1 1.5x, https:\/\/i0.wp.com\/www.wallendorff.com\/belogue\/wp-content\/uploads\/2017\/10\/20171013-52.jpg?resize=700%2C400&ssl=1 2x"},"classes":[]},{"id":32458,"url":"https:\/\/www.wallendorff.com\/belogue\/2016\/09\/30\/septembre-2016\/","url_meta":{"origin":126625,"position":5},"title":"Septembre 2016.","author":"dpc","date":"30 septembre 2016","format":false,"excerpt":"Un avion, une \u00e9glise, un m\u00e9tro, une affiche, un mus\u00e9e, une 2 cv, un parc, une autoroute, un mur, des cadenas, une librairie, deux statues, une fa\u00e7ade, un pont, une ruelle, une aurore, des toits, des poup\u00e9es russes, un lampadaire, un cimeti\u00e8re, une \u00e9glise, un Freud qui pend, une vitrine,\u2026","rel":"","context":"Dans &quot;Blog-note&quot;","block_context":{"text":"Blog-note","link":"https:\/\/www.wallendorff.com\/belogue\/category\/blog-note\/"},"img":{"alt_text":"","src":"https:\/\/i0.wp.com\/www.wallendorff.com\/belogue\/wp-content\/uploads\/2016\/10\/20161014-20.jpg?resize=350%2C200&ssl=1","width":350,"height":200,"srcset":"https:\/\/i0.wp.com\/www.wallendorff.com\/belogue\/wp-content\/uploads\/2016\/10\/20161014-20.jpg?resize=350%2C200&ssl=1 1x, https:\/\/i0.wp.com\/www.wallendorff.com\/belogue\/wp-content\/uploads\/2016\/10\/20161014-20.jpg?resize=525%2C300&ssl=1 1.5x, https:\/\/i0.wp.com\/www.wallendorff.com\/belogue\/wp-content\/uploads\/2016\/10\/20161014-20.jpg?resize=700%2C400&ssl=1 2x"},"classes":[]}],"_links":{"self":[{"href":"https:\/\/www.wallendorff.com\/belogue\/wp-json\/wp\/v2\/posts\/126625","targetHints":{"allow":["GET"]}}],"collection":[{"href":"https:\/\/www.wallendorff.com\/belogue\/wp-json\/wp\/v2\/posts"}],"about":[{"href":"https:\/\/www.wallendorff.com\/belogue\/wp-json\/wp\/v2\/types\/post"}],"author":[{"embeddable":true,"href":"https:\/\/www.wallendorff.com\/belogue\/wp-json\/wp\/v2\/users\/1"}],"replies":[{"embeddable":true,"href":"https:\/\/www.wallendorff.com\/belogue\/wp-json\/wp\/v2\/comments?post=126625"}],"version-history":[{"count":6,"href":"https:\/\/www.wallendorff.com\/belogue\/wp-json\/wp\/v2\/posts\/126625\/revisions"}],"predecessor-version":[{"id":126633,"href":"https:\/\/www.wallendorff.com\/belogue\/wp-json\/wp\/v2\/posts\/126625\/revisions\/126633"}],"wp:featuredmedia":[{"embeddable":true,"href":"https:\/\/www.wallendorff.com\/belogue\/wp-json\/wp\/v2\/media\/126627"}],"wp:attachment":[{"href":"https:\/\/www.wallendorff.com\/belogue\/wp-json\/wp\/v2\/media?parent=126625"}],"wp:term":[{"taxonomy":"category","embeddable":true,"href":"https:\/\/www.wallendorff.com\/belogue\/wp-json\/wp\/v2\/categories?post=126625"},{"taxonomy":"post_tag","embeddable":true,"href":"https:\/\/www.wallendorff.com\/belogue\/wp-json\/wp\/v2\/tags?post=126625"}],"curies":[{"name":"wp","href":"https:\/\/api.w.org\/{rel}","templated":true}]}}