{"id":12656,"date":"2011-04-19T10:56:34","date_gmt":"2011-04-19T08:56:34","guid":{"rendered":"http:\/\/www.po-l.com\/belogue\/?p=12656"},"modified":"2011-12-13T15:00:12","modified_gmt":"2011-12-13T13:00:12","slug":"lit-ly-lit-lie-lie","status":"publish","type":"post","link":"https:\/\/www.wallendorff.com\/belogue\/2011\/04\/19\/lit-ly-lit-lie-lie\/","title":{"rendered":"Lit l&rsquo;y lit [lie lie]."},"content":{"rendered":"\n<div id=\"photo\">\n<p><img decoding=\"async\" src=\"https:\/\/www.wallendorff.com\/belogue\/photo\/2011\/04\/20110419.jpg\" \/><br \/>\nAvoriaz, 31 mars.<\/p>\n<\/p><\/div>\n<p style=\"text-align:right\">&Ccedil;a faisait longtemps qu&rsquo;on n&rsquo;avait pas vu l&rsquo;<a href=\"https:\/\/www.wallendorff.com\/belogue\/tag\/hugo\">Hugo<\/a>.<\/p>\n<p>&nbsp;<\/p>\n<p class=\"petit\">[Reste des photos et vid&eacute;os en HD de la nuit disponible par e-mail sous pli discret en &eacute;change d&rsquo;un num&eacute;ro de carte de cr&eacute;dit valide envoy&eacute; &agrave; plombier_fripon [bei] gmail [punkt] com.]<\/p>\n<div id=\"bandeson\">\n<p><img decoding=\"async\" src=\"https:\/\/www.wallendorff.com\/belogue\/photo\/pochettes\/b\/black_angels_the-phosgene_nightmare.jpg\" align=\"left\">&nbsp;<a href=\"http:\/\/www.theblackangels.com\" >The Black Angels<\/a> &mdash; <em>The Boat Song<\/em><\/p>\n<\/p><\/div>\n","protected":false},"excerpt":{"rendered":"<p>Avoriaz, 31 mars. &Ccedil;a faisait longtemps qu&rsquo;on n&rsquo;avait pas vu l&rsquo;Hugo. &nbsp; [Reste des photos et vid&eacute;os en HD de la nuit disponible par e-mail sous pli discret en &eacute;change d&rsquo;un num&eacute;ro de carte de cr&eacute;dit valide envoy&eacute; &agrave; plombier_fripon [bei] gmail [punkt] com.] &nbsp;The Black Angels &mdash; The Boat Song<\/p>\n","protected":false},"author":1,"featured_media":26174,"comment_status":"open","ping_status":"open","sticky":false,"template":"","format":"standard","meta":{"_acf_changed":false,"ngg_post_thumbnail":0,"jetpack_post_was_ever_published":false,"_jetpack_newsletter_access":"","_jetpack_dont_email_post_to_subs":false,"_jetpack_newsletter_tier_id":0,"_jetpack_memberships_contains_paywalled_content":false,"_jetpack_memberships_contains_paid_content":false,"footnotes":"","jetpack_publicize_message":"","jetpack_publicize_feature_enabled":true,"jetpack_social_post_already_shared":false,"jetpack_social_options":{"image_generator_settings":{"template":"highway","default_image_id":0,"font":"","enabled":false},"version":2}},"categories":[3],"tags":[4836,2571,2615,10878,10120,10433,10589,602,10465,4834,10147,10293,10349,4838],"class_list":["post-12656","post","type-post","status-publish","format-standard","has-post-thumbnail","hentry","category-dpc","tag-avoriaz","tag-ef-16-35-mm-f28l-ii-usm","tag-eos-5d-mark-ii","tag-chambre","tag-france","tag-haute-savoie","tag-homme","tag-hugo","tag-lit","tag-morzine","tag-nuit","tag-rhone-alpes","tag-the-black-angels","tag-the-boat-song"],"acf":[],"geo":{"latitude":46.1895905,"longitude":6.7757211,"description":"89-261 Promenade des Ardoisi\u00e8res, 74110 Morzine, France"},"jetpack_publicize_connections":[],"jetpack_featured_media_url":"https:\/\/www.wallendorff.com\/belogue\/wp-content\/uploads\/2015\/04\/201104191.jpg","jetpack_shortlink":"https:\/\/wp.me\/p3b35P-3i8","jetpack_sharing_enabled":true,"jetpack-related-posts":[{"id":22968,"url":"https:\/\/www.wallendorff.com\/belogue\/2014\/06\/15\/dix-ans-de-nuits\/","url_meta":{"origin":12656,"position":0},"title":"Dix ans de nuits.","author":"dpc","date":"15 juin 2014","format":false,"excerpt":"Dix ans de noir. Dix ans d'un monde qui appartient \u00e0 ceux qui se couchent tard. [B]r\u00eaves nocturnes. Pine Lake, 5 avril 2004. \u00a0 Previously unreleased #6. State Theater, D\u00e9troit, 10 mai 2004. \u00a0 Lune et tard hier. Ibarron, 21 ao\u00fbt 2005. \u00a0 Photons matent haut. Place de la Concorde,\u2026","rel":"","context":"Dans &quot;DPC&quot;","block_context":{"text":"DPC","link":"https:\/\/www.wallendorff.com\/belogue\/category\/dpc\/"},"img":{"alt_text":"","src":"https:\/\/i0.wp.com\/www.wallendorff.com\/belogue\/wp-content\/uploads\/2015\/04\/201210102.jpg?resize=350%2C200&ssl=1","width":350,"height":200,"srcset":"https:\/\/i0.wp.com\/www.wallendorff.com\/belogue\/wp-content\/uploads\/2015\/04\/201210102.jpg?resize=350%2C200&ssl=1 1x, https:\/\/i0.wp.com\/www.wallendorff.com\/belogue\/wp-content\/uploads\/2015\/04\/201210102.jpg?resize=525%2C300&ssl=1 1.5x, https:\/\/i0.wp.com\/www.wallendorff.com\/belogue\/wp-content\/uploads\/2015\/04\/201210102.jpg?resize=700%2C400&ssl=1 2x"},"classes":[]},{"id":12672,"url":"https:\/\/www.wallendorff.com\/belogue\/2011\/04\/26\/let-it-burn-let-it-burn\/","url_meta":{"origin":12656,"position":1},"title":"Let it burn, let it burn.","author":"dpc","date":"26 avril 2011","format":false,"excerpt":"Avoriaz, 1er avril. \u00a0PJ Harvey \u2014 Written on the Forehead[youtube]http:\/\/www.youtube.com\/watch?v=fUWp1iBeOS0[\/youtube]","rel":"","context":"Dans &quot;DPC&quot;","block_context":{"text":"DPC","link":"https:\/\/www.wallendorff.com\/belogue\/category\/dpc\/"},"img":{"alt_text":"","src":"https:\/\/i0.wp.com\/www.wallendorff.com\/belogue\/wp-content\/uploads\/2015\/04\/201104262.jpg?resize=350%2C200&ssl=1","width":350,"height":200,"srcset":"https:\/\/i0.wp.com\/www.wallendorff.com\/belogue\/wp-content\/uploads\/2015\/04\/201104262.jpg?resize=350%2C200&ssl=1 1x, https:\/\/i0.wp.com\/www.wallendorff.com\/belogue\/wp-content\/uploads\/2015\/04\/201104262.jpg?resize=525%2C300&ssl=1 1.5x, https:\/\/i0.wp.com\/www.wallendorff.com\/belogue\/wp-content\/uploads\/2015\/04\/201104262.jpg?resize=700%2C400&ssl=1 2x"},"classes":[]},{"id":12649,"url":"https:\/\/www.wallendorff.com\/belogue\/2011\/04\/18\/tes-leffes-eric\/","url_meta":{"origin":12656,"position":2},"title":"Tes Leffes, \u00c9ric.","author":"dpc","date":"18 avril 2011","format":false,"excerpt":"Morzine, 30 mars. \u00a0Eddie Vedder \u2014 Tuolumne","rel":"","context":"Dans &quot;DPC&quot;","block_context":{"text":"DPC","link":"https:\/\/www.wallendorff.com\/belogue\/category\/dpc\/"},"img":{"alt_text":"","src":"https:\/\/i0.wp.com\/www.wallendorff.com\/belogue\/wp-content\/uploads\/2015\/04\/201104181.jpg?resize=350%2C200&ssl=1","width":350,"height":200},"classes":[]},{"id":16343,"url":"https:\/\/www.wallendorff.com\/belogue\/2012\/03\/12\/seul-a-seuil\/","url_meta":{"origin":12656,"position":3},"title":"Seul \u00e0 seuil.","author":"dpc","date":"12 mars 2012","format":false,"excerpt":"Cit\u00e9 Universitaire, Paris, 21 janvier. The Black Angels \u2013 Entrance Song (Raindance version) [youtube]http:\/\/www.youtube.com\/watch?v=DKhyfvPIsoE[\/youtube]","rel":"","context":"Dans &quot;DPC&quot;","block_context":{"text":"DPC","link":"https:\/\/www.wallendorff.com\/belogue\/category\/dpc\/"},"img":{"alt_text":"","src":"https:\/\/i0.wp.com\/www.wallendorff.com\/belogue\/wp-content\/uploads\/2015\/04\/201203121.jpg?resize=350%2C200&ssl=1","width":350,"height":200,"srcset":"https:\/\/i0.wp.com\/www.wallendorff.com\/belogue\/wp-content\/uploads\/2015\/04\/201203121.jpg?resize=350%2C200&ssl=1 1x, https:\/\/i0.wp.com\/www.wallendorff.com\/belogue\/wp-content\/uploads\/2015\/04\/201203121.jpg?resize=525%2C300&ssl=1 1.5x, https:\/\/i0.wp.com\/www.wallendorff.com\/belogue\/wp-content\/uploads\/2015\/04\/201203121.jpg?resize=700%2C400&ssl=1 2x"},"classes":[]},{"id":7762,"url":"https:\/\/www.wallendorff.com\/belogue\/2010\/06\/25\/pompidou-by-nuit-1\/","url_meta":{"origin":12656,"position":4},"title":"Pompidou by nuit [1].","author":"dpc","date":"25 juin 2010","format":false,"excerpt":"Centre Pompidou-Metz, Metz, 23 mai. Bon c'est vendredi alors soyons fous et r\u00e9it\u00e9rons le coup de la bande-son \u00e0 choix multiple. N'oublie pas de voter pour \u00e9lire ton titre-star et peut-\u00eatre gagner des places vipes pour la prochaine tourn\u00e9e de M. Pokora\u00a0: \u00a0The Black Angels \u2013 18 Years \u00a0Woodsman \u2013\u2026","rel":"","context":"Dans &quot;DPC&quot;","block_context":{"text":"DPC","link":"https:\/\/www.wallendorff.com\/belogue\/category\/dpc\/"},"img":{"alt_text":"","src":"https:\/\/i0.wp.com\/www.wallendorff.com\/belogue\/wp-content\/uploads\/2015\/04\/201006251.jpg?resize=350%2C200&ssl=1","width":350,"height":200},"classes":[]},{"id":21357,"url":"https:\/\/www.wallendorff.com\/belogue\/2013\/07\/30\/into-the-wide-12\/","url_meta":{"origin":12656,"position":5},"title":"Into the wide #12.","author":"dpc","date":"30 juillet 2013","format":false,"excerpt":"Galerie Victor-Emmanuel-II, Milan, 30 mai. Surf City (revisited) The Black Angels","rel":"","context":"Dans &quot;Into the wide&quot;","block_context":{"text":"Into the wide","link":"https:\/\/www.wallendorff.com\/belogue\/category\/into-the-wide\/"},"img":{"alt_text":"","src":"https:\/\/i0.wp.com\/www.wallendorff.com\/belogue\/wp-content\/uploads\/2015\/04\/201307301.jpg?resize=350%2C200&ssl=1","width":350,"height":200,"srcset":"https:\/\/i0.wp.com\/www.wallendorff.com\/belogue\/wp-content\/uploads\/2015\/04\/201307301.jpg?resize=350%2C200&ssl=1 1x, https:\/\/i0.wp.com\/www.wallendorff.com\/belogue\/wp-content\/uploads\/2015\/04\/201307301.jpg?resize=525%2C300&ssl=1 1.5x, https:\/\/i0.wp.com\/www.wallendorff.com\/belogue\/wp-content\/uploads\/2015\/04\/201307301.jpg?resize=700%2C400&ssl=1 2x"},"classes":[]}],"_links":{"self":[{"href":"https:\/\/www.wallendorff.com\/belogue\/wp-json\/wp\/v2\/posts\/12656","targetHints":{"allow":["GET"]}}],"collection":[{"href":"https:\/\/www.wallendorff.com\/belogue\/wp-json\/wp\/v2\/posts"}],"about":[{"href":"https:\/\/www.wallendorff.com\/belogue\/wp-json\/wp\/v2\/types\/post"}],"author":[{"embeddable":true,"href":"https:\/\/www.wallendorff.com\/belogue\/wp-json\/wp\/v2\/users\/1"}],"replies":[{"embeddable":true,"href":"https:\/\/www.wallendorff.com\/belogue\/wp-json\/wp\/v2\/comments?post=12656"}],"version-history":[{"count":1,"href":"https:\/\/www.wallendorff.com\/belogue\/wp-json\/wp\/v2\/posts\/12656\/revisions"}],"predecessor-version":[{"id":14785,"href":"https:\/\/www.wallendorff.com\/belogue\/wp-json\/wp\/v2\/posts\/12656\/revisions\/14785"}],"wp:featuredmedia":[{"embeddable":true,"href":"https:\/\/www.wallendorff.com\/belogue\/wp-json\/wp\/v2\/media\/26174"}],"wp:attachment":[{"href":"https:\/\/www.wallendorff.com\/belogue\/wp-json\/wp\/v2\/media?parent=12656"}],"wp:term":[{"taxonomy":"category","embeddable":true,"href":"https:\/\/www.wallendorff.com\/belogue\/wp-json\/wp\/v2\/categories?post=12656"},{"taxonomy":"post_tag","embeddable":true,"href":"https:\/\/www.wallendorff.com\/belogue\/wp-json\/wp\/v2\/tags?post=12656"}],"curies":[{"name":"wp","href":"https:\/\/api.w.org\/{rel}","templated":true}]}}