{"id":126550,"date":"2023-11-02T12:57:12","date_gmt":"2023-11-02T10:57:12","guid":{"rendered":"https:\/\/www.wallendorff.com\/belogue\/?p=126550"},"modified":"2023-11-03T20:58:58","modified_gmt":"2023-11-03T18:58:58","slug":"jeune-et-jauni-2","status":"publish","type":"post","link":"https:\/\/www.wallendorff.com\/belogue\/2023\/11\/02\/jeune-et-jauni-2\/","title":{"rendered":"Jeune et jauni #2."},"content":{"rendered":"\t\t<div data-elementor-type=\"wp-post\" data-elementor-id=\"126550\" class=\"elementor elementor-126550\" data-elementor-post-type=\"post\">\n\t\t\t\t\t\t<section class=\"elementor-section elementor-top-section elementor-element elementor-element-4208e565 elementor-section-boxed elementor-section-height-default elementor-section-height-default\" data-id=\"4208e565\" data-element_type=\"section\" data-e-type=\"section\">\n\t\t\t\t\t\t<div class=\"elementor-container elementor-column-gap-default\">\n\t\t\t\t\t<div class=\"elementor-column elementor-col-100 elementor-top-column elementor-element elementor-element-a6dbf54\" data-id=\"a6dbf54\" data-element_type=\"column\" data-e-type=\"column\">\n\t\t\t<div class=\"elementor-widget-wrap elementor-element-populated\">\n\t\t\t\t\t\t<div class=\"elementor-element elementor-element-7167d5dc elementor-widget elementor-widget-text-editor\" data-id=\"7167d5dc\" data-element_type=\"widget\" data-e-type=\"widget\" data-widget_type=\"text-editor.default\">\n\t\t\t\t<div class=\"elementor-widget-container\">\n\t\t\t\t\t\t\t\t\t<div id=\"photo\">\n\n<img decoding=\"async\" src=\"https:\/\/www.wallendorff.com\/belogue\/wp-content\/uploads\/2023\/11\/20231102.jpg\" \/>\nLes Escourmins, 14 ao\u00fbt 2023.\n\n<\/div>\n<div id=\"photo2\">\n<img decoding=\"async\" src=\"https:\/\/www.wallendorff.com\/belogue\/wp-content\/uploads\/2023\/11\/20231102-02.jpg\" \/>\nMacomb, 15 janvier 2005.\n\n<\/div>\t\t\t\t\t\t\t\t<\/div>\n\t\t\t\t<\/div>\n\t\t\t\t<div class=\"elementor-element elementor-element-43ba3dd elementor-widget elementor-widget-text-editor\" data-id=\"43ba3dd\" data-element_type=\"widget\" data-e-type=\"widget\" data-widget_type=\"text-editor.default\">\n\t\t\t\t<div class=\"elementor-widget-container\">\n\t\t\t\t\t\t\t\t\t<p style=\"text-align: right;\">Deuxi\u00e8me \u00e9pisode de ma s\u00e9rie \u00ab&nbsp;un autoportrait dans un r\u00e9troviseur de bus scolaire nord-am\u00e9ricain tout en fumant des trucs tous les 6&nbsp;786 jours.&nbsp;\u00bb<\/p>\n<p style=\"text-align: right;\">Rendez-vous le 12 mars 2042 pour la suivante.<\/p>\t\t\t\t\t\t\t\t<\/div>\n\t\t\t\t<\/div>\n\t\t\t\t\t<\/div>\n\t\t<\/div>\n\t\t\t\t\t<\/div>\n\t\t<\/section>\n\t\t\t\t<\/div>\n\t\t","protected":false},"excerpt":{"rendered":"<p>Les Escourmins, 14 ao\u00fbt 2023. Macomb, 15 janvier 2005. Deuxi\u00e8me \u00e9pisode de ma s\u00e9rie \u00ab&nbsp;un autoportrait dans un r\u00e9troviseur de bus scolaire nord-am\u00e9ricain tout en fumant des trucs tous les 6&nbsp;786 jours.&nbsp;\u00bb Rendez-vous le 12 mars 2042 pour la suivante.<\/p>\n","protected":false},"author":1,"featured_media":126553,"comment_status":"open","ping_status":"open","sticky":false,"template":"","format":"standard","meta":{"_acf_changed":false,"ngg_post_thumbnail":0,"jetpack_post_was_ever_published":false,"_jetpack_newsletter_access":"","_jetpack_dont_email_post_to_subs":false,"_jetpack_newsletter_tier_id":0,"_jetpack_memberships_contains_paywalled_content":false,"_jetpack_memberships_contains_paid_content":false,"footnotes":"","jetpack_publicize_message":"","jetpack_publicize_feature_enabled":true,"jetpack_social_post_already_shared":true,"jetpack_social_options":{"image_generator_settings":{"template":"highway","default_image_id":0,"font":"","enabled":false},"version":2}},"categories":[3],"tags":[11310,10203,19074,4659,157,132,18290,14272,18919,781,54,4660,10677,19086],"class_list":["post-126550","post","type-post","status-publish","format-standard","has-post-thumbnail","hentry","category-dpc","tag-autoportrait","tag-bus","tag-bus-scolaire","tag-canada","tag-ef-50-mm-f18-ii","tag-eos-20d","tag-fujifilm-x-t5","tag-fujinon-xf-18-55-mm-f2-8-4-r-lm-ois","tag-les-escoumins","tag-macomb","tag-michigan","tag-quebec","tag-retroviseur","tag-usa"],"acf":[],"geo":{"latitude":48.3528862,"longitude":-69.4045486,"description":"Le Fjord (Forestville), Quebec, G0T, CA"},"jetpack_publicize_connections":[],"jetpack_featured_media_url":"https:\/\/www.wallendorff.com\/belogue\/wp-content\/uploads\/2023\/11\/20231102.jpg","jetpack_shortlink":"https:\/\/wp.me\/p3b35P-wV8","jetpack_sharing_enabled":true,"jetpack-related-posts":[{"id":487,"url":"https:\/\/www.wallendorff.com\/belogue\/2005\/01\/24\/marcher-au-bus\/","url_meta":{"origin":126550,"position":0},"title":"Marcher au bus.","author":"dpc","date":"24 janvier 2005","format":false,"excerpt":"Parking de bus scolaires, Macomb, 15 janvier. Fall is here, hear the yell Back to school, ring the bell Brand new shoes, walking blues Climb the fence, books and pens I can tell that we are gonna be friends \u00a0The White Stripes \u2013 We're Going to Be Friends","rel":"","context":"Dans &quot;DPC&quot;","block_context":{"text":"DPC","link":"https:\/\/www.wallendorff.com\/belogue\/category\/dpc\/"},"img":{"alt_text":"","src":"https:\/\/i0.wp.com\/www.wallendorff.com\/belogue\/wp-content\/uploads\/2015\/04\/20050124-bus1.jpg?resize=350%2C200&ssl=1","width":350,"height":200,"srcset":"https:\/\/i0.wp.com\/www.wallendorff.com\/belogue\/wp-content\/uploads\/2015\/04\/20050124-bus1.jpg?resize=350%2C200&ssl=1 1x, https:\/\/i0.wp.com\/www.wallendorff.com\/belogue\/wp-content\/uploads\/2015\/04\/20050124-bus1.jpg?resize=525%2C300&ssl=1 1.5x, https:\/\/i0.wp.com\/www.wallendorff.com\/belogue\/wp-content\/uploads\/2015\/04\/20050124-bus1.jpg?resize=700%2C400&ssl=1 2x"},"classes":[]},{"id":327,"url":"https:\/\/www.wallendorff.com\/belogue\/2005\/07\/01\/detroit-1-evry-0\/","url_meta":{"origin":126550,"position":1},"title":"D&eacute;troit 1 &#8211; &Eacute;vry 0.","author":"dpc","date":"1 juillet 2005","format":false,"excerpt":"Macomb, 15 janvier. Courcouronnes, 27 juin. Je vous pr\u00e9sente Little Barrie. Little Barrie, les gens, les gens, Little Barrie. Little Barrie, ils seront charg\u00e9s de vous tenir compagnie ce week-end, pendant que je vais voir en Franche-Comt\u00e9 si j'y suis. J'esp\u00e8re qu'ils vous plairont et que vous [vous] entendrez bien.\u2026","rel":"","context":"Dans &quot;DPC&quot;","block_context":{"text":"DPC","link":"https:\/\/www.wallendorff.com\/belogue\/category\/dpc\/"},"img":{"alt_text":"","src":"https:\/\/i0.wp.com\/www.wallendorff.com\/belogue\/wp-content\/uploads\/2015\/04\/200507011.jpg?resize=350%2C200&ssl=1","width":350,"height":200},"classes":[]},{"id":21465,"url":"https:\/\/www.wallendorff.com\/belogue\/2013\/08\/21\/autoportrait-a-loseille-coupe\/","url_meta":{"origin":126550,"position":2},"title":"Autoportrait \u00e0 l&rsquo;oseille coup\u00e9.","author":"dpc","date":"21 ao\u00fbt 2013","format":false,"excerpt":"Amanvillers, 23 juin. Shooting people #107 [Danke f\u00fcr Irhe Hilfe.] The Oracle The Rumour Said Fire \u00a0","rel":"","context":"Dans &quot;Portraits&quot;","block_context":{"text":"Portraits","link":"https:\/\/www.wallendorff.com\/belogue\/category\/portraits\/"},"img":{"alt_text":"","src":"https:\/\/i0.wp.com\/www.wallendorff.com\/belogue\/wp-content\/uploads\/2015\/04\/201308211.jpg?resize=350%2C200&ssl=1","width":350,"height":200,"srcset":"https:\/\/i0.wp.com\/www.wallendorff.com\/belogue\/wp-content\/uploads\/2015\/04\/201308211.jpg?resize=350%2C200&ssl=1 1x, https:\/\/i0.wp.com\/www.wallendorff.com\/belogue\/wp-content\/uploads\/2015\/04\/201308211.jpg?resize=525%2C300&ssl=1 1.5x, https:\/\/i0.wp.com\/www.wallendorff.com\/belogue\/wp-content\/uploads\/2015\/04\/201308211.jpg?resize=700%2C400&ssl=1 2x"},"classes":[]},{"id":21264,"url":"https:\/\/www.wallendorff.com\/belogue\/2013\/07\/08\/les-eurockeennes-belfort-4-7-juillet\/","url_meta":{"origin":126550,"position":3},"title":"Les Eurock\u00e9ennes, Belfort, 4-7 juillet.","author":"dpc","date":"8 juillet 2013","format":false,"excerpt":"Les Eurock\u00e9ennes, Belfort, 7 juillet. Parce qu'il faut savoir faire \u00e9voluer la tradition-tion-tion-tion. Ma 7e \u00e9dition, de loin la meilleure. Youpi. Right Action Franz Ferdinand","rel":"","context":"Dans &quot;Alive&quot;","block_context":{"text":"Alive","link":"https:\/\/www.wallendorff.com\/belogue\/category\/alive\/"},"img":{"alt_text":"","src":"https:\/\/i0.wp.com\/www.wallendorff.com\/belogue\/wp-content\/uploads\/2017\/07\/20130708.jpg?resize=350%2C200&ssl=1","width":350,"height":200,"srcset":"https:\/\/i0.wp.com\/www.wallendorff.com\/belogue\/wp-content\/uploads\/2017\/07\/20130708.jpg?resize=350%2C200&ssl=1 1x, https:\/\/i0.wp.com\/www.wallendorff.com\/belogue\/wp-content\/uploads\/2017\/07\/20130708.jpg?resize=525%2C300&ssl=1 1.5x, https:\/\/i0.wp.com\/www.wallendorff.com\/belogue\/wp-content\/uploads\/2017\/07\/20130708.jpg?resize=700%2C400&ssl=1 2x, https:\/\/i0.wp.com\/www.wallendorff.com\/belogue\/wp-content\/uploads\/2017\/07\/20130708.jpg?resize=1050%2C600&ssl=1 3x"},"classes":[]},{"id":22964,"url":"https:\/\/www.wallendorff.com\/belogue\/2014\/06\/14\/dix-ans-dautoportraits\/","url_meta":{"origin":126550,"position":4},"title":"Dix ans d&rsquo;autoportraits.","author":"dpc","date":"14 juin 2014","format":false,"excerpt":"Ou dix ans de sailphis, comme on dit aujourd'hui. Chicago 2. Millenium Park, Chicago, 11 d\u00e9cembre 2004. \u00a0 10\u00a0958 jours, 30 moi. Macomb, 15 janvier 2005. \u00a0 Hell is in wander-land #2 \u2015 vois lass\u00e9 gros me. Chambre 321, h\u00f4tel Sanderson, Londres, 18 f\u00e9vrier 2008. \u00a0 Main Square Festival, Arras,\u2026","rel":"","context":"Dans &quot;DPC&quot;","block_context":{"text":"DPC","link":"https:\/\/www.wallendorff.com\/belogue\/category\/dpc\/"},"img":{"alt_text":"","src":"https:\/\/i0.wp.com\/www.wallendorff.com\/belogue\/wp-content\/uploads\/2015\/04\/201308212.jpg?resize=350%2C200&ssl=1","width":350,"height":200,"srcset":"https:\/\/i0.wp.com\/www.wallendorff.com\/belogue\/wp-content\/uploads\/2015\/04\/201308212.jpg?resize=350%2C200&ssl=1 1x, https:\/\/i0.wp.com\/www.wallendorff.com\/belogue\/wp-content\/uploads\/2015\/04\/201308212.jpg?resize=525%2C300&ssl=1 1.5x, https:\/\/i0.wp.com\/www.wallendorff.com\/belogue\/wp-content\/uploads\/2015\/04\/201308212.jpg?resize=700%2C400&ssl=1 2x"},"classes":[]},{"id":12964,"url":"https:\/\/www.wallendorff.com\/belogue\/2011\/07\/04\/main-square-festival-arras-1er-3-juillet\/","url_meta":{"origin":126550,"position":5},"title":"Main Square Festival, Arras, 1er-3 juillet.","author":"dpc","date":"4 juillet 2011","format":false,"excerpt":"Arras, 2 juillet. Parce que je suis un homme de tradition-tion. Les photos suivront. \u00a0Tom Vek \u2013 A Chore [youtube]http:\/\/www.youtube.com\/watch?v=aCfWUl5OvB0[\/youtube]","rel":"","context":"Dans &quot;Alive&quot;","block_context":{"text":"Alive","link":"https:\/\/www.wallendorff.com\/belogue\/category\/alive\/"},"img":{"alt_text":"","src":"https:\/\/i0.wp.com\/www.wallendorff.com\/belogue\/wp-content\/uploads\/2017\/07\/20110704.jpg?resize=350%2C200&ssl=1","width":350,"height":200,"srcset":"https:\/\/i0.wp.com\/www.wallendorff.com\/belogue\/wp-content\/uploads\/2017\/07\/20110704.jpg?resize=350%2C200&ssl=1 1x, https:\/\/i0.wp.com\/www.wallendorff.com\/belogue\/wp-content\/uploads\/2017\/07\/20110704.jpg?resize=525%2C300&ssl=1 1.5x, https:\/\/i0.wp.com\/www.wallendorff.com\/belogue\/wp-content\/uploads\/2017\/07\/20110704.jpg?resize=700%2C400&ssl=1 2x, https:\/\/i0.wp.com\/www.wallendorff.com\/belogue\/wp-content\/uploads\/2017\/07\/20110704.jpg?resize=1050%2C600&ssl=1 3x"},"classes":[]}],"_links":{"self":[{"href":"https:\/\/www.wallendorff.com\/belogue\/wp-json\/wp\/v2\/posts\/126550","targetHints":{"allow":["GET"]}}],"collection":[{"href":"https:\/\/www.wallendorff.com\/belogue\/wp-json\/wp\/v2\/posts"}],"about":[{"href":"https:\/\/www.wallendorff.com\/belogue\/wp-json\/wp\/v2\/types\/post"}],"author":[{"embeddable":true,"href":"https:\/\/www.wallendorff.com\/belogue\/wp-json\/wp\/v2\/users\/1"}],"replies":[{"embeddable":true,"href":"https:\/\/www.wallendorff.com\/belogue\/wp-json\/wp\/v2\/comments?post=126550"}],"version-history":[{"count":9,"href":"https:\/\/www.wallendorff.com\/belogue\/wp-json\/wp\/v2\/posts\/126550\/revisions"}],"predecessor-version":[{"id":126561,"href":"https:\/\/www.wallendorff.com\/belogue\/wp-json\/wp\/v2\/posts\/126550\/revisions\/126561"}],"wp:featuredmedia":[{"embeddable":true,"href":"https:\/\/www.wallendorff.com\/belogue\/wp-json\/wp\/v2\/media\/126553"}],"wp:attachment":[{"href":"https:\/\/www.wallendorff.com\/belogue\/wp-json\/wp\/v2\/media?parent=126550"}],"wp:term":[{"taxonomy":"category","embeddable":true,"href":"https:\/\/www.wallendorff.com\/belogue\/wp-json\/wp\/v2\/categories?post=126550"},{"taxonomy":"post_tag","embeddable":true,"href":"https:\/\/www.wallendorff.com\/belogue\/wp-json\/wp\/v2\/tags?post=126550"}],"curies":[{"name":"wp","href":"https:\/\/api.w.org\/{rel}","templated":true}]}}