{"id":12649,"date":"2011-04-18T10:50:32","date_gmt":"2011-04-18T08:50:32","guid":{"rendered":"http:\/\/www.po-l.com\/belogue\/?p=12649"},"modified":"2012-01-09T13:37:59","modified_gmt":"2012-01-09T11:37:59","slug":"tes-leffes-eric","status":"publish","type":"post","link":"https:\/\/www.wallendorff.com\/belogue\/2011\/04\/18\/tes-leffes-eric\/","title":{"rendered":"Tes Leffes, \u00c9ric."},"content":{"rendered":"\n<div id=\"photo\">\n<p><img decoding=\"async\" src=\"https:\/\/www.wallendorff.com\/belogue\/photo\/2011\/04\/20110418.jpg\" \/><br \/>\nMorzine, 30 mars.<\/p>\n<\/p><\/div>\n<div id=\"bandeson\">\n<p><img decoding=\"async\" src=\"https:\/\/www.wallendorff.com\/belogue\/photo\/pochettes\/v\/vedder_eddie-into_the_wild.jpg\" align=\"left\">&nbsp;<a href=\"http:\/\/www.tenclub.net\" >Eddie Vedder<\/a> &mdash; <em>Tuolumne<\/em><\/p>\n<\/p><\/div>\n","protected":false},"excerpt":{"rendered":"<p>Morzine, 30 mars. &nbsp;Eddie Vedder &mdash; Tuolumne<\/p>\n","protected":false},"author":1,"featured_media":26173,"comment_status":"open","ping_status":"open","sticky":false,"template":"","format":"standard","meta":{"_acf_changed":false,"ngg_post_thumbnail":0,"jetpack_post_was_ever_published":false,"_jetpack_newsletter_access":"","_jetpack_dont_email_post_to_subs":false,"_jetpack_newsletter_tier_id":0,"_jetpack_memberships_contains_paywalled_content":false,"_jetpack_memberships_contains_paid_content":false,"footnotes":"","jetpack_publicize_message":"","jetpack_publicize_feature_enabled":true,"jetpack_social_post_already_shared":false,"jetpack_social_options":{"image_generator_settings":{"template":"highway","default_image_id":0,"font":"","enabled":false},"version":2}},"categories":[3],"tags":[4836,2571,2615,10330,10307,10120,10433,10875,10426,4834,143,10293,4835,2692],"class_list":["post-12649","post","type-post","status-publish","format-standard","has-post-thumbnail","hentry","category-dpc","tag-avoriaz","tag-ef-16-35-mm-f28l-ii-usm","tag-eos-5d-mark-ii","tag-eddie-vedder","tag-fenetre","tag-france","tag-haute-savoie","tag-into-the-wild","tag-montagne","tag-morzine","tag-noir-et-blanc","tag-rhone-alpes","tag-telepherique-des-prodains","tag-tuolumne"],"acf":[],"geo":{"latitude":46.1879845,"longitude":6.7731252,"description":"Boulevard des Skieurs, 74110 Morzine, France"},"jetpack_publicize_connections":[],"jetpack_featured_media_url":"https:\/\/www.wallendorff.com\/belogue\/wp-content\/uploads\/2015\/04\/201104181.jpg","jetpack_shortlink":"https:\/\/wp.me\/p3b35P-3i1","jetpack_sharing_enabled":true,"jetpack-related-posts":[{"id":3880,"url":"https:\/\/www.wallendorff.com\/belogue\/2009\/02\/04\/luxe-caille-water\/","url_meta":{"origin":12649,"position":0},"title":"Luxe caille water.","author":"dpc","date":"4 f\u00e9vrier 2009","format":false,"excerpt":"Place Joachim du Bellay, Paris, 10 janvier. Eddie Vedder \u2013 Tuolumne","rel":"","context":"Dans &quot;DPC&quot;","block_context":{"text":"DPC","link":"https:\/\/www.wallendorff.com\/belogue\/category\/dpc\/"},"img":{"alt_text":"","src":"https:\/\/i0.wp.com\/www.wallendorff.com\/belogue\/wp-content\/uploads\/2015\/04\/200902041.jpg?resize=350%2C200&ssl=1","width":350,"height":200},"classes":[]},{"id":30261,"url":"https:\/\/www.wallendorff.com\/belogue\/2016\/02\/19\/alone-in-the-barque\/","url_meta":{"origin":12649,"position":1},"title":"Alone in the barque.","author":"dpc","date":"19 f\u00e9vrier 2016","format":false,"excerpt":"R\u00e9servoir de Grosbois-en-Montagne, 6 d\u00e9cembre 2015. Tuolumne Eddie Vedder","rel":"","context":"Dans &quot;DPC&quot;","block_context":{"text":"DPC","link":"https:\/\/www.wallendorff.com\/belogue\/category\/dpc\/"},"img":{"alt_text":"","src":"https:\/\/i0.wp.com\/www.wallendorff.com\/belogue\/wp-content\/uploads\/2016\/02\/20160219.jpg?resize=350%2C200&ssl=1","width":350,"height":200,"srcset":"https:\/\/i0.wp.com\/www.wallendorff.com\/belogue\/wp-content\/uploads\/2016\/02\/20160219.jpg?resize=350%2C200&ssl=1 1x, https:\/\/i0.wp.com\/www.wallendorff.com\/belogue\/wp-content\/uploads\/2016\/02\/20160219.jpg?resize=525%2C300&ssl=1 1.5x, https:\/\/i0.wp.com\/www.wallendorff.com\/belogue\/wp-content\/uploads\/2016\/02\/20160219.jpg?resize=700%2C400&ssl=1 2x"},"classes":[]},{"id":13091,"url":"https:\/\/www.wallendorff.com\/belogue\/2011\/08\/11\/man-on-the-mourn-ii\/","url_meta":{"origin":12649,"position":2},"title":"Man on the mourn [II].","author":"dpc","date":"11 ao\u00fbt 2011","format":false,"excerpt":"Rue Oberkampf, Paris, 6 juillet. \u00a0Eddie Vedder \u2013 Girl from the North Country (Bob Dylan cover) (live)","rel":"","context":"Dans &quot;DPC&quot;","block_context":{"text":"DPC","link":"https:\/\/www.wallendorff.com\/belogue\/category\/dpc\/"},"img":{"alt_text":"","src":"https:\/\/i0.wp.com\/www.wallendorff.com\/belogue\/wp-content\/uploads\/2015\/04\/201108111.jpg?resize=350%2C200&ssl=1","width":350,"height":200,"srcset":"https:\/\/i0.wp.com\/www.wallendorff.com\/belogue\/wp-content\/uploads\/2015\/04\/201108111.jpg?resize=350%2C200&ssl=1 1x, https:\/\/i0.wp.com\/www.wallendorff.com\/belogue\/wp-content\/uploads\/2015\/04\/201108111.jpg?resize=525%2C300&ssl=1 1.5x, https:\/\/i0.wp.com\/www.wallendorff.com\/belogue\/wp-content\/uploads\/2015\/04\/201108111.jpg?resize=700%2C400&ssl=1 2x"},"classes":[]},{"id":19314,"url":"https:\/\/www.wallendorff.com\/belogue\/2012\/10\/17\/train-te-scie-champ-delle\/","url_meta":{"origin":12649,"position":3},"title":"Train te scie champ d&rsquo;elle.","author":"dpc","date":"17 octobre 2012","format":false,"excerpt":"P\u00ebrlin\u00eb, 1er ao\u00fbt. \u00a0Eddie Vedder \u2013 Hard Sun (Indio cover)","rel":"","context":"Dans &quot;DPC&quot;","block_context":{"text":"DPC","link":"https:\/\/www.wallendorff.com\/belogue\/category\/dpc\/"},"img":{"alt_text":"","src":"https:\/\/i0.wp.com\/www.wallendorff.com\/belogue\/wp-content\/uploads\/2015\/04\/201210171.jpg?resize=350%2C200&ssl=1","width":350,"height":200,"srcset":"https:\/\/i0.wp.com\/www.wallendorff.com\/belogue\/wp-content\/uploads\/2015\/04\/201210171.jpg?resize=350%2C200&ssl=1 1x, https:\/\/i0.wp.com\/www.wallendorff.com\/belogue\/wp-content\/uploads\/2015\/04\/201210171.jpg?resize=525%2C300&ssl=1 1.5x, https:\/\/i0.wp.com\/www.wallendorff.com\/belogue\/wp-content\/uploads\/2015\/04\/201210171.jpg?resize=700%2C400&ssl=1 2x"},"classes":[]},{"id":4350,"url":"https:\/\/www.wallendorff.com\/belogue\/2009\/07\/01\/shouldnt\/","url_meta":{"origin":12649,"position":4},"title":"Shouldn&rsquo;t.","author":"dpc","date":"1 juillet 2009","format":false,"excerpt":"E Madison Street, Chicago, 29 avril. Eddie Vedder \u2013 Long Nights","rel":"","context":"Dans &quot;DPC&quot;","block_context":{"text":"DPC","link":"https:\/\/www.wallendorff.com\/belogue\/category\/dpc\/"},"img":{"alt_text":"","src":"https:\/\/i0.wp.com\/www.wallendorff.com\/belogue\/wp-content\/uploads\/2015\/04\/200907011.jpg?resize=350%2C200&ssl=1","width":350,"height":200,"srcset":"https:\/\/i0.wp.com\/www.wallendorff.com\/belogue\/wp-content\/uploads\/2015\/04\/200907011.jpg?resize=350%2C200&ssl=1 1x, https:\/\/i0.wp.com\/www.wallendorff.com\/belogue\/wp-content\/uploads\/2015\/04\/200907011.jpg?resize=525%2C300&ssl=1 1.5x"},"classes":[]},{"id":1243,"url":"https:\/\/www.wallendorff.com\/belogue\/2008\/06\/06\/mission-accomplie\/","url_meta":{"origin":12649,"position":5},"title":"Mission accomplie.","author":"dpc","date":"6 juin 2008","format":false,"excerpt":"Annecy, 6 juin. On va dire. \u00a0Eddie Vedder \u2013 Guaranteed (Humming vocals)","rel":"","context":"Dans &quot;DPC&quot;","block_context":{"text":"DPC","link":"https:\/\/www.wallendorff.com\/belogue\/category\/dpc\/"},"img":{"alt_text":"","src":"https:\/\/i0.wp.com\/www.wallendorff.com\/belogue\/wp-content\/uploads\/2015\/04\/200806061.jpg?resize=350%2C200&ssl=1","width":350,"height":200,"srcset":"https:\/\/i0.wp.com\/www.wallendorff.com\/belogue\/wp-content\/uploads\/2015\/04\/200806061.jpg?resize=350%2C200&ssl=1 1x, https:\/\/i0.wp.com\/www.wallendorff.com\/belogue\/wp-content\/uploads\/2015\/04\/200806061.jpg?resize=525%2C300&ssl=1 1.5x, https:\/\/i0.wp.com\/www.wallendorff.com\/belogue\/wp-content\/uploads\/2015\/04\/200806061.jpg?resize=700%2C400&ssl=1 2x"},"classes":[]}],"_links":{"self":[{"href":"https:\/\/www.wallendorff.com\/belogue\/wp-json\/wp\/v2\/posts\/12649","targetHints":{"allow":["GET"]}}],"collection":[{"href":"https:\/\/www.wallendorff.com\/belogue\/wp-json\/wp\/v2\/posts"}],"about":[{"href":"https:\/\/www.wallendorff.com\/belogue\/wp-json\/wp\/v2\/types\/post"}],"author":[{"embeddable":true,"href":"https:\/\/www.wallendorff.com\/belogue\/wp-json\/wp\/v2\/users\/1"}],"replies":[{"embeddable":true,"href":"https:\/\/www.wallendorff.com\/belogue\/wp-json\/wp\/v2\/comments?post=12649"}],"version-history":[{"count":1,"href":"https:\/\/www.wallendorff.com\/belogue\/wp-json\/wp\/v2\/posts\/12649\/revisions"}],"predecessor-version":[{"id":15281,"href":"https:\/\/www.wallendorff.com\/belogue\/wp-json\/wp\/v2\/posts\/12649\/revisions\/15281"}],"wp:featuredmedia":[{"embeddable":true,"href":"https:\/\/www.wallendorff.com\/belogue\/wp-json\/wp\/v2\/media\/26173"}],"wp:attachment":[{"href":"https:\/\/www.wallendorff.com\/belogue\/wp-json\/wp\/v2\/media?parent=12649"}],"wp:term":[{"taxonomy":"category","embeddable":true,"href":"https:\/\/www.wallendorff.com\/belogue\/wp-json\/wp\/v2\/categories?post=12649"},{"taxonomy":"post_tag","embeddable":true,"href":"https:\/\/www.wallendorff.com\/belogue\/wp-json\/wp\/v2\/tags?post=12649"}],"curies":[{"name":"wp","href":"https:\/\/api.w.org\/{rel}","templated":true}]}}