{"id":126326,"date":"2023-10-15T16:48:01","date_gmt":"2023-10-15T14:48:01","guid":{"rendered":"https:\/\/www.wallendorff.com\/belogue\/?p=126326"},"modified":"2023-10-15T17:04:34","modified_gmt":"2023-10-15T15:04:34","slug":"into-the-wide-282","status":"publish","type":"post","link":"https:\/\/www.wallendorff.com\/belogue\/2023\/10\/15\/into-the-wide-282\/","title":{"rendered":"Into the wide #282."},"content":{"rendered":"\t\t<div data-elementor-type=\"wp-post\" data-elementor-id=\"126326\" class=\"elementor elementor-126326\" data-elementor-post-type=\"post\">\n\t\t\t\t\t\t<section class=\"elementor-section elementor-top-section elementor-element elementor-element-7bbd62f elementor-section-boxed elementor-section-height-default elementor-section-height-default\" data-id=\"7bbd62f\" data-element_type=\"section\" data-e-type=\"section\">\n\t\t\t\t\t\t<div class=\"elementor-container elementor-column-gap-default\">\n\t\t\t\t\t<div class=\"elementor-column elementor-col-100 elementor-top-column elementor-element elementor-element-7a479fb\" data-id=\"7a479fb\" data-element_type=\"column\" data-e-type=\"column\">\n\t\t\t<div class=\"elementor-widget-wrap elementor-element-populated\">\n\t\t\t\t\t\t<div class=\"elementor-element elementor-element-145561a elementor-widget elementor-widget-text-editor\" data-id=\"145561a\" data-element_type=\"widget\" data-e-type=\"widget\" data-widget_type=\"text-editor.default\">\n\t\t\t\t<div class=\"elementor-widget-container\">\n\t\t\t\t\t\t\t\t\t<div id=\"photo\">\n\n<img decoding=\"async\" src=\"https:\/\/www.wallendorff.com\/belogue\/wp-content\/uploads\/2023\/10\/20231015.jpg\" \/>\nPlace Royale, Qu\u00e9bec, 13 et 15 ao\u00fbt 2023.\n\n<\/div>\n<div id=\"photo2\">\n\n<img decoding=\"async\" src=\"https:\/\/www.wallendorff.com\/belogue\/wp-content\/uploads\/2023\/10\/20231015-01.jpg\" \/>\nPlace Royale, Qu\u00e9bec, 13 et 15 ao\u00fbt 2023.\n\n<\/div>\t\t\t\t\t\t\t\t<\/div>\n\t\t\t\t<\/div>\n\t\t\t\t\t<\/div>\n\t\t<\/div>\n\t\t\t\t\t<\/div>\n\t\t<\/section>\n\t\t\t\t<\/div>\n\t\t","protected":false},"excerpt":{"rendered":"<p>Place Royale, Qu\u00e9bec, 13 et 15 ao\u00fbt 2023. Place Royale, Qu\u00e9bec, 13 et 15 ao\u00fbt 2023.<\/p>\n","protected":false},"author":1,"featured_media":126330,"comment_status":"open","ping_status":"open","sticky":false,"template":"","format":"standard","meta":{"_acf_changed":false,"ngg_post_thumbnail":0,"jetpack_post_was_ever_published":false,"_jetpack_newsletter_access":"","_jetpack_dont_email_post_to_subs":false,"_jetpack_newsletter_tier_id":0,"_jetpack_memberships_contains_paywalled_content":false,"_jetpack_memberships_contains_paid_content":false,"footnotes":"","jetpack_publicize_message":"","jetpack_publicize_feature_enabled":true,"jetpack_social_post_already_shared":true,"jetpack_social_options":{"image_generator_settings":{"template":"highway","default_image_id":0,"font":"","enabled":false},"version":2}},"categories":[7356],"tags":[18899,3912,4659,10326,10238,18992,18290,11323,18621,18978,10102,10592,4660,18929,14274,17857,18990,18993,17491],"class_list":["post-126326","post","type-post","status-publish","format-standard","has-post-thumbnail","hentry","category-into-the-wide","tag-amerique-du-nord","tag-architecture","tag-canada","tag-crepuscule","tag-eglise","tag-eglise-notre-dame-des-victoires","tag-fujifilm-x-t5","tag-panoramique","tag-patrimoine","tag-place-royale-quebec","tag-pluie","tag-pose-longue","tag-quebec","tag-quebec-ville","tag-samyang-8-mm-f2-8-umc-fisheye-ii","tag-tourisme","tag-vieille-ville-quebec","tag-ville-de-quebec","tag-voyage"],"acf":[],"geo":{"latitude":46.8132095,"longitude":-71.202774,"description":"Quebec City Mid-Riverbank, Quebec, G1K, CA"},"jetpack_publicize_connections":[],"jetpack_featured_media_url":"https:\/\/www.wallendorff.com\/belogue\/wp-content\/uploads\/2023\/10\/20231015.jpg","jetpack_shortlink":"https:\/\/wp.me\/p3b35P-wRw","jetpack_sharing_enabled":true,"jetpack-related-posts":[{"id":126286,"url":"https:\/\/www.wallendorff.com\/belogue\/2023\/10\/12\/je-me-souviens-i-quebec\/","url_meta":{"origin":126326,"position":0},"title":"Je me souviens [I] : Qu\u00e9bec","author":"dpc","date":"12 octobre 2023","format":false,"excerpt":"","rel":"","context":"Dans &quot;DPC&quot;","block_context":{"text":"DPC","link":"https:\/\/www.wallendorff.com\/belogue\/category\/dpc\/"},"img":{"alt_text":"","src":"https:\/\/i0.wp.com\/www.wallendorff.com\/belogue\/wp-content\/uploads\/2023\/10\/20231012-21.jpg?resize=350%2C200&ssl=1","width":350,"height":200,"srcset":"https:\/\/i0.wp.com\/www.wallendorff.com\/belogue\/wp-content\/uploads\/2023\/10\/20231012-21.jpg?resize=350%2C200&ssl=1 1x, https:\/\/i0.wp.com\/www.wallendorff.com\/belogue\/wp-content\/uploads\/2023\/10\/20231012-21.jpg?resize=525%2C300&ssl=1 1.5x, https:\/\/i0.wp.com\/www.wallendorff.com\/belogue\/wp-content\/uploads\/2023\/10\/20231012-21.jpg?resize=700%2C400&ssl=1 2x, https:\/\/i0.wp.com\/www.wallendorff.com\/belogue\/wp-content\/uploads\/2023\/10\/20231012-21.jpg?resize=1050%2C600&ssl=1 3x"},"classes":[]},{"id":126338,"url":"https:\/\/www.wallendorff.com\/belogue\/2023\/10\/17\/je-me-souviens-ii-quebec-tadoussac\/","url_meta":{"origin":126326,"position":1},"title":"Je me souviens [II] : Qu\u00e9bec \u2013 Tadoussac","author":"dpc","date":"17 octobre 2023","format":false,"excerpt":"","rel":"","context":"Dans &quot;DPC&quot;","block_context":{"text":"DPC","link":"https:\/\/www.wallendorff.com\/belogue\/category\/dpc\/"},"img":{"alt_text":"","src":"https:\/\/i0.wp.com\/www.wallendorff.com\/belogue\/wp-content\/uploads\/2023\/10\/20231017-03.jpg?resize=350%2C200&ssl=1","width":350,"height":200,"srcset":"https:\/\/i0.wp.com\/www.wallendorff.com\/belogue\/wp-content\/uploads\/2023\/10\/20231017-03.jpg?resize=350%2C200&ssl=1 1x, https:\/\/i0.wp.com\/www.wallendorff.com\/belogue\/wp-content\/uploads\/2023\/10\/20231017-03.jpg?resize=525%2C300&ssl=1 1.5x, https:\/\/i0.wp.com\/www.wallendorff.com\/belogue\/wp-content\/uploads\/2023\/10\/20231017-03.jpg?resize=700%2C400&ssl=1 2x, https:\/\/i0.wp.com\/www.wallendorff.com\/belogue\/wp-content\/uploads\/2023\/10\/20231017-03.jpg?resize=1050%2C600&ssl=1 3x"},"classes":[]},{"id":126135,"url":"https:\/\/www.wallendorff.com\/belogue\/2023\/08\/31\/aout-2023\/","url_meta":{"origin":126326,"position":2},"title":"Ao\u00fbt 2023.","author":"dpc","date":"31 ao\u00fbt 2023","format":false,"excerpt":"Une blouse, un bisou, un reflet, un ap\u00e9ro, un gros pied, un cr\u00e9puscule, un trou, un bateau, un bisou, un ticheurte, un coucher de soleil, un doigt, un di\u0161que, un chat pr\u00e9nomm\u00e9 Bedaine-Breakfast, un a\u00e9roport, un avion, une voiture, un pont, un di\u0161que, un r\u00e9veil, une route, un bateau, une\u2026","rel":"","context":"Dans &quot;Blog-note&quot;","block_context":{"text":"Blog-note","link":"https:\/\/www.wallendorff.com\/belogue\/category\/blog-note\/"},"img":{"alt_text":"","src":"https:\/\/i0.wp.com\/www.wallendorff.com\/belogue\/wp-content\/uploads\/2023\/09\/20230926-09.jpg?resize=350%2C200&ssl=1","width":350,"height":200,"srcset":"https:\/\/i0.wp.com\/www.wallendorff.com\/belogue\/wp-content\/uploads\/2023\/09\/20230926-09.jpg?resize=350%2C200&ssl=1 1x, https:\/\/i0.wp.com\/www.wallendorff.com\/belogue\/wp-content\/uploads\/2023\/09\/20230926-09.jpg?resize=525%2C300&ssl=1 1.5x, https:\/\/i0.wp.com\/www.wallendorff.com\/belogue\/wp-content\/uploads\/2023\/09\/20230926-09.jpg?resize=700%2C400&ssl=1 2x, https:\/\/i0.wp.com\/www.wallendorff.com\/belogue\/wp-content\/uploads\/2023\/09\/20230926-09.jpg?resize=1050%2C600&ssl=1 3x"},"classes":[]},{"id":126550,"url":"https:\/\/www.wallendorff.com\/belogue\/2023\/11\/02\/jeune-et-jauni-2\/","url_meta":{"origin":126326,"position":3},"title":"Jeune et jauni #2.","author":"dpc","date":"2 novembre 2023","format":false,"excerpt":"Les Escourmins, 14 ao\u00fbt 2023. Macomb, 15 janvier 2005. Deuxi\u00e8me \u00e9pisode de ma s\u00e9rie \u00ab\u00a0un autoportrait dans un r\u00e9troviseur de bus scolaire nord-am\u00e9ricain tout en fumant des trucs tous les 6\u00a0786 jours.\u00a0\u00bb Rendez-vous le 12 mars 2042 pour la suivante.","rel":"","context":"Dans &quot;DPC&quot;","block_context":{"text":"DPC","link":"https:\/\/www.wallendorff.com\/belogue\/category\/dpc\/"},"img":{"alt_text":"","src":"https:\/\/i0.wp.com\/www.wallendorff.com\/belogue\/wp-content\/uploads\/2023\/11\/20231102.jpg?resize=350%2C200&ssl=1","width":350,"height":200,"srcset":"https:\/\/i0.wp.com\/www.wallendorff.com\/belogue\/wp-content\/uploads\/2023\/11\/20231102.jpg?resize=350%2C200&ssl=1 1x, https:\/\/i0.wp.com\/www.wallendorff.com\/belogue\/wp-content\/uploads\/2023\/11\/20231102.jpg?resize=525%2C300&ssl=1 1.5x, https:\/\/i0.wp.com\/www.wallendorff.com\/belogue\/wp-content\/uploads\/2023\/11\/20231102.jpg?resize=700%2C400&ssl=1 2x, https:\/\/i0.wp.com\/www.wallendorff.com\/belogue\/wp-content\/uploads\/2023\/11\/20231102.jpg?resize=1050%2C600&ssl=1 3x"},"classes":[]},{"id":128849,"url":"https:\/\/www.wallendorff.com\/belogue\/2024\/07\/01\/cetait-2023\/","url_meta":{"origin":126326,"position":4},"title":"C&rsquo;\u00e9tait 2023.","author":"dpc","date":"1 juillet 2024","format":false,"excerpt":"2023, envols. Paris, 26 janvier 2023. Paris, 9 f\u00e9vrier 2023. Paris, 21 f\u00e9vrier 2023. Paris, 30 mars 2023. Paris, 10 mai 2023. Sainte-Genevi\u00e8ve-des-Bois, 20 mai 2023. A\u00e9roport du Bourget, 20 juin 2023. Les Eurock\u00e9ennes, Belfort, 29 juin 2023 Baie de Naples, 8 juillet 2023. Bourgogne, 15 juillet 2023. Sigur R\u00f3s,\u2026","rel":"","context":"Dans &quot;DPC&quot;","block_context":{"text":"DPC","link":"https:\/\/www.wallendorff.com\/belogue\/category\/dpc\/"},"img":{"alt_text":"","src":"https:\/\/i0.wp.com\/www.wallendorff.com\/belogue\/wp-content\/uploads\/2024\/07\/20240701-07.jpg?resize=350%2C200&ssl=1","width":350,"height":200,"srcset":"https:\/\/i0.wp.com\/www.wallendorff.com\/belogue\/wp-content\/uploads\/2024\/07\/20240701-07.jpg?resize=350%2C200&ssl=1 1x, https:\/\/i0.wp.com\/www.wallendorff.com\/belogue\/wp-content\/uploads\/2024\/07\/20240701-07.jpg?resize=525%2C300&ssl=1 1.5x, https:\/\/i0.wp.com\/www.wallendorff.com\/belogue\/wp-content\/uploads\/2024\/07\/20240701-07.jpg?resize=700%2C400&ssl=1 2x, https:\/\/i0.wp.com\/www.wallendorff.com\/belogue\/wp-content\/uploads\/2024\/07\/20240701-07.jpg?resize=1050%2C600&ssl=1 3x"},"classes":[]},{"id":37506,"url":"https:\/\/www.wallendorff.com\/belogue\/2018\/02\/28\/fevrier-2018\/","url_meta":{"origin":126326,"position":5},"title":"F\u00e9vrier 2018.","author":"dpc","date":"28 f\u00e9vrier 2018","format":false,"excerpt":"Un spectale, un chat pr\u00e9nomm\u00e9 Rajiv, une route, un moulin, un concert, de la neige, un avion, une rel\u00e8ve, une ruelle, des petits chouals, un coin \u00e0 coins-coins, une passerelle, un palais royal, une gasque, des paillardes exotiques, un lac, une ruelle, une \u00e9glise, un bonnet, un h\u00f4tel de ville,\u2026","rel":"","context":"Dans &quot;Blog-note&quot;","block_context":{"text":"Blog-note","link":"https:\/\/www.wallendorff.com\/belogue\/category\/blog-note\/"},"img":{"alt_text":"","src":"https:\/\/i0.wp.com\/www.wallendorff.com\/belogue\/wp-content\/uploads\/2018\/03\/20180313-48.jpg?resize=350%2C200&ssl=1","width":350,"height":200,"srcset":"https:\/\/i0.wp.com\/www.wallendorff.com\/belogue\/wp-content\/uploads\/2018\/03\/20180313-48.jpg?resize=350%2C200&ssl=1 1x, https:\/\/i0.wp.com\/www.wallendorff.com\/belogue\/wp-content\/uploads\/2018\/03\/20180313-48.jpg?resize=525%2C300&ssl=1 1.5x, https:\/\/i0.wp.com\/www.wallendorff.com\/belogue\/wp-content\/uploads\/2018\/03\/20180313-48.jpg?resize=700%2C400&ssl=1 2x, https:\/\/i0.wp.com\/www.wallendorff.com\/belogue\/wp-content\/uploads\/2018\/03\/20180313-48.jpg?resize=1050%2C600&ssl=1 3x"},"classes":[]}],"_links":{"self":[{"href":"https:\/\/www.wallendorff.com\/belogue\/wp-json\/wp\/v2\/posts\/126326","targetHints":{"allow":["GET"]}}],"collection":[{"href":"https:\/\/www.wallendorff.com\/belogue\/wp-json\/wp\/v2\/posts"}],"about":[{"href":"https:\/\/www.wallendorff.com\/belogue\/wp-json\/wp\/v2\/types\/post"}],"author":[{"embeddable":true,"href":"https:\/\/www.wallendorff.com\/belogue\/wp-json\/wp\/v2\/users\/1"}],"replies":[{"embeddable":true,"href":"https:\/\/www.wallendorff.com\/belogue\/wp-json\/wp\/v2\/comments?post=126326"}],"version-history":[{"count":9,"href":"https:\/\/www.wallendorff.com\/belogue\/wp-json\/wp\/v2\/posts\/126326\/revisions"}],"predecessor-version":[{"id":126337,"href":"https:\/\/www.wallendorff.com\/belogue\/wp-json\/wp\/v2\/posts\/126326\/revisions\/126337"}],"wp:featuredmedia":[{"embeddable":true,"href":"https:\/\/www.wallendorff.com\/belogue\/wp-json\/wp\/v2\/media\/126330"}],"wp:attachment":[{"href":"https:\/\/www.wallendorff.com\/belogue\/wp-json\/wp\/v2\/media?parent=126326"}],"wp:term":[{"taxonomy":"category","embeddable":true,"href":"https:\/\/www.wallendorff.com\/belogue\/wp-json\/wp\/v2\/categories?post=126326"},{"taxonomy":"post_tag","embeddable":true,"href":"https:\/\/www.wallendorff.com\/belogue\/wp-json\/wp\/v2\/tags?post=126326"}],"curies":[{"name":"wp","href":"https:\/\/api.w.org\/{rel}","templated":true}]}}