{"id":12623,"date":"2011-04-08T10:12:10","date_gmt":"2011-04-08T08:12:10","guid":{"rendered":"http:\/\/www.po-l.com\/belogue\/?p=12623"},"modified":"2012-02-20T11:39:13","modified_gmt":"2012-02-20T09:39:13","slug":"ccon-quun-ane-scie","status":"publish","type":"post","link":"https:\/\/www.wallendorff.com\/belogue\/2011\/04\/08\/ccon-quun-ane-scie\/","title":{"rendered":"C&rsquo;con qu&rsquo;un \u00e2ne scie."},"content":{"rendered":"\n<div id=\"photo\">\n<p><img decoding=\"async\" src=\"https:\/\/www.wallendorff.com\/belogue\/photo\/2011\/04\/20110408.jpg\" \/><br \/>\nMarch&eacute; Dauphine, Saint-Ouen, 20 mars.<\/p>\n<\/p><\/div>\n<div id=\"bandeson\">\n<p><img decoding=\"async\" src=\"https:\/\/www.wallendorff.com\/belogue\/photo\/pochettes\/m\/matthew_and_the_atlas-to_the_north.jpg\" align=\"left\">&nbsp;<a href=\"http:\/\/www.matthewandtheatlas.com\/\" >Matthew and the Atlas<\/a> &mdash; <em>I Will Remain<\/em><\/p>\n<\/p><\/div>\n","protected":false},"excerpt":{"rendered":"<p>March&eacute; Dauphine, Saint-Ouen, 20 mars. &nbsp;Matthew and the Atlas &mdash; I Will Remain<\/p>\n","protected":false},"author":1,"featured_media":26129,"comment_status":"open","ping_status":"open","sticky":false,"template":"","format":"standard","meta":{"_acf_changed":false,"ngg_post_thumbnail":0,"jetpack_post_was_ever_published":false,"_jetpack_newsletter_access":"","_jetpack_dont_email_post_to_subs":false,"_jetpack_newsletter_tier_id":0,"_jetpack_memberships_contains_paywalled_content":false,"_jetpack_memberships_contains_paid_content":false,"footnotes":"","jetpack_publicize_message":"","jetpack_publicize_feature_enabled":true,"jetpack_social_post_already_shared":false,"jetpack_social_options":{"image_generator_settings":{"template":"highway","default_image_id":0,"font":"","enabled":false},"version":2}},"categories":[3],"tags":[1438,2615,10311,10120,10589,4817,10121,4813,4814,4816,10158,10876,10398],"class_list":["post-12623","post","type-post","status-publish","format-standard","has-post-thumbnail","hentry","category-dpc","tag-ef-50-mm-f14-usm","tag-eos-5d-mark-ii","tag-dos","tag-france","tag-homme","tag-i-will-remain","tag-ile-de-france","tag-marche-aux-puces","tag-marche-dauphine","tag-matthew-and-the-atlas","tag-ruelle","tag-saint-ouen","tag-seine-saint-denis"],"acf":[],"geo":{"latitude":48.9019661,"longitude":2.342416,"description":"Passage Sainte-Sophie, 93400 Saint-Ouen, France"},"jetpack_publicize_connections":[],"jetpack_featured_media_url":"https:\/\/www.wallendorff.com\/belogue\/wp-content\/uploads\/2015\/04\/201104081.jpg","jetpack_shortlink":"https:\/\/wp.me\/p3b35P-3hB","jetpack_sharing_enabled":true,"jetpack-related-posts":[{"id":21123,"url":"https:\/\/www.wallendorff.com\/belogue\/2013\/06\/11\/jaime-pas-les-gants\/","url_meta":{"origin":12623,"position":0},"title":"J&rsquo;aime pas les gants.","author":"dpc","date":"11 juin 2013","format":false,"excerpt":"Quintessence, Saint-Ouen, avril 2013. Sleep with the Lights onFox and the Law","rel":"","context":"Dans &quot;DPC&quot;","block_context":{"text":"DPC","link":"https:\/\/www.wallendorff.com\/belogue\/category\/dpc\/"},"img":{"alt_text":"","src":"https:\/\/i0.wp.com\/www.wallendorff.com\/belogue\/wp-content\/uploads\/2015\/04\/20130611.jpg?resize=350%2C200&ssl=1","width":350,"height":200,"srcset":"https:\/\/i0.wp.com\/www.wallendorff.com\/belogue\/wp-content\/uploads\/2015\/04\/20130611.jpg?resize=350%2C200&ssl=1 1x, https:\/\/i0.wp.com\/www.wallendorff.com\/belogue\/wp-content\/uploads\/2015\/04\/20130611.jpg?resize=525%2C300&ssl=1 1.5x, https:\/\/i0.wp.com\/www.wallendorff.com\/belogue\/wp-content\/uploads\/2015\/04\/20130611.jpg?resize=700%2C400&ssl=1 2x"},"classes":[]},{"id":29667,"url":"https:\/\/www.wallendorff.com\/belogue\/2015\/10\/31\/octobre-2015\/","url_meta":{"origin":12623,"position":1},"title":"Octobre 2015.","author":"dpc","date":"31 octobre 2015","format":false,"excerpt":"Un vernissage, un escalier, un di\u0161que, une moustache, un test \u00e0 l'aveugle, un coucher de soleil, une cr\u00e9maill\u00e8re, un d\u00e9m\u00e9nagement, un emm\u00e9nagement, un num\u00e9ro, un trottoir, un duo pock et roll, des pieds, un anniversaire, un concert, un anniversaire, un di\u0161que, un bar, un concert, un dictionnaire, un ch\u00e2teau haut-perch\u00e9,\u2026","rel":"","context":"Dans &quot;Blog-note&quot;","block_context":{"text":"Blog-note","link":"https:\/\/www.wallendorff.com\/belogue\/category\/blog-note\/"},"img":{"alt_text":"","src":"https:\/\/i0.wp.com\/www.wallendorff.com\/belogue\/wp-content\/uploads\/2015\/11\/20151116-30.jpg?resize=350%2C200&ssl=1","width":350,"height":200,"srcset":"https:\/\/i0.wp.com\/www.wallendorff.com\/belogue\/wp-content\/uploads\/2015\/11\/20151116-30.jpg?resize=350%2C200&ssl=1 1x, https:\/\/i0.wp.com\/www.wallendorff.com\/belogue\/wp-content\/uploads\/2015\/11\/20151116-30.jpg?resize=525%2C300&ssl=1 1.5x, https:\/\/i0.wp.com\/www.wallendorff.com\/belogue\/wp-content\/uploads\/2015\/11\/20151116-30.jpg?resize=700%2C400&ssl=1 2x"},"classes":[]},{"id":21984,"url":"https:\/\/www.wallendorff.com\/belogue\/2013\/11\/12\/couleur\/","url_meta":{"origin":12623,"position":2},"title":"Couleur.","author":"dpc","date":"12 novembre 2013","format":false,"excerpt":"Rue Jules-Vall\u00e8s, Saint-Ouen, 22 septembre. Afterlife Arcade Fire","rel":"","context":"Dans &quot;DPC&quot;","block_context":{"text":"DPC","link":"https:\/\/www.wallendorff.com\/belogue\/category\/dpc\/"},"img":{"alt_text":"","src":"https:\/\/i0.wp.com\/www.wallendorff.com\/belogue\/wp-content\/uploads\/2015\/04\/201311121.jpg?resize=350%2C200&ssl=1","width":350,"height":200,"srcset":"https:\/\/i0.wp.com\/www.wallendorff.com\/belogue\/wp-content\/uploads\/2015\/04\/201311121.jpg?resize=350%2C200&ssl=1 1x, https:\/\/i0.wp.com\/www.wallendorff.com\/belogue\/wp-content\/uploads\/2015\/04\/201311121.jpg?resize=525%2C300&ssl=1 1.5x, https:\/\/i0.wp.com\/www.wallendorff.com\/belogue\/wp-content\/uploads\/2015\/04\/201311121.jpg?resize=700%2C400&ssl=1 2x"},"classes":[]},{"id":12626,"url":"https:\/\/www.wallendorff.com\/belogue\/2011\/04\/11\/azur-rance-tout-rixe\/","url_meta":{"origin":12623,"position":3},"title":"Azur rance, tout rixe.","author":"dpc","date":"11 avril 2011","format":false,"excerpt":"Rue Paul Bert, Saint-Ouen, 20 mars. \u00a0The Go! Team \u2014 Back Like 8 Track [youtube]http:\/\/www.youtube.com\/watch?v=_l7FgzQxlU8[\/youtube]","rel":"","context":"Dans &quot;DPC&quot;","block_context":{"text":"DPC","link":"https:\/\/www.wallendorff.com\/belogue\/category\/dpc\/"},"img":{"alt_text":"","src":"https:\/\/i0.wp.com\/www.wallendorff.com\/belogue\/wp-content\/uploads\/2015\/04\/201104111.jpg?resize=350%2C200&ssl=1","width":350,"height":200},"classes":[]},{"id":21456,"url":"https:\/\/www.wallendorff.com\/belogue\/2013\/08\/20\/culs-nuls-leau-nains-bussent\/","url_meta":{"origin":12623,"position":4},"title":"Culs nus, l&rsquo;eau nains bussent.","author":"dpc","date":"20 ao\u00fbt 2013","format":false,"excerpt":"Rue des Rosiers, Saint-Ouen, 16 juin. Tout le monde \u00e9tant encore en vacances, \u00e0 peu pr\u00e8s personne ne constatera que\u00a0: Ce titre est pourri. L'emploi de l'imp' sub' y est tout \u00e0 fait discutable. \u00c0 vue de pif, il s'agit plut\u00f4t d'un fractus. Et c'est point plus mal. Indigo MeadowThe\u2026","rel":"","context":"Dans &quot;DPC&quot;","block_context":{"text":"DPC","link":"https:\/\/www.wallendorff.com\/belogue\/category\/dpc\/"},"img":{"alt_text":"","src":"https:\/\/i0.wp.com\/www.wallendorff.com\/belogue\/wp-content\/uploads\/2015\/04\/201308201.jpg?resize=350%2C200&ssl=1","width":350,"height":200,"srcset":"https:\/\/i0.wp.com\/www.wallendorff.com\/belogue\/wp-content\/uploads\/2015\/04\/201308201.jpg?resize=350%2C200&ssl=1 1x, https:\/\/i0.wp.com\/www.wallendorff.com\/belogue\/wp-content\/uploads\/2015\/04\/201308201.jpg?resize=525%2C300&ssl=1 1.5x, https:\/\/i0.wp.com\/www.wallendorff.com\/belogue\/wp-content\/uploads\/2015\/04\/201308201.jpg?resize=700%2C400&ssl=1 2x"},"classes":[]},{"id":33804,"url":"https:\/\/www.wallendorff.com\/belogue\/2017\/03\/31\/mars-2017\/","url_meta":{"origin":12623,"position":5},"title":"Mars 2017.","author":"dpc","date":"31 mars 2017","format":false,"excerpt":"Un toit, un quai, un studio, un canap\u00e9, un bus, un chat pr\u00e9nomm\u00e9 Kouign Amann, un b\u00e9b\u00e9, un chien, un couteau, un t\u00e9l\u00e9phone, un cactus, un atelier, une ruelle, un anniversaire, un autocollant, une avenue flou, une exposition, un concert, un concert, un coucher de soleil, un quai, une cath\u00e9drale,\u2026","rel":"","context":"Dans &quot;Blog-note&quot;","block_context":{"text":"Blog-note","link":"https:\/\/www.wallendorff.com\/belogue\/category\/blog-note\/"},"img":{"alt_text":"","src":"https:\/\/i0.wp.com\/www.wallendorff.com\/belogue\/wp-content\/uploads\/2017\/03\/20170413-31.jpg?resize=350%2C200&ssl=1","width":350,"height":200,"srcset":"https:\/\/i0.wp.com\/www.wallendorff.com\/belogue\/wp-content\/uploads\/2017\/03\/20170413-31.jpg?resize=350%2C200&ssl=1 1x, https:\/\/i0.wp.com\/www.wallendorff.com\/belogue\/wp-content\/uploads\/2017\/03\/20170413-31.jpg?resize=525%2C300&ssl=1 1.5x, https:\/\/i0.wp.com\/www.wallendorff.com\/belogue\/wp-content\/uploads\/2017\/03\/20170413-31.jpg?resize=700%2C400&ssl=1 2x"},"classes":[]}],"_links":{"self":[{"href":"https:\/\/www.wallendorff.com\/belogue\/wp-json\/wp\/v2\/posts\/12623","targetHints":{"allow":["GET"]}}],"collection":[{"href":"https:\/\/www.wallendorff.com\/belogue\/wp-json\/wp\/v2\/posts"}],"about":[{"href":"https:\/\/www.wallendorff.com\/belogue\/wp-json\/wp\/v2\/types\/post"}],"author":[{"embeddable":true,"href":"https:\/\/www.wallendorff.com\/belogue\/wp-json\/wp\/v2\/users\/1"}],"replies":[{"embeddable":true,"href":"https:\/\/www.wallendorff.com\/belogue\/wp-json\/wp\/v2\/comments?post=12623"}],"version-history":[{"count":1,"href":"https:\/\/www.wallendorff.com\/belogue\/wp-json\/wp\/v2\/posts\/12623\/revisions"}],"predecessor-version":[{"id":15962,"href":"https:\/\/www.wallendorff.com\/belogue\/wp-json\/wp\/v2\/posts\/12623\/revisions\/15962"}],"wp:featuredmedia":[{"embeddable":true,"href":"https:\/\/www.wallendorff.com\/belogue\/wp-json\/wp\/v2\/media\/26129"}],"wp:attachment":[{"href":"https:\/\/www.wallendorff.com\/belogue\/wp-json\/wp\/v2\/media?parent=12623"}],"wp:term":[{"taxonomy":"category","embeddable":true,"href":"https:\/\/www.wallendorff.com\/belogue\/wp-json\/wp\/v2\/categories?post=12623"},{"taxonomy":"post_tag","embeddable":true,"href":"https:\/\/www.wallendorff.com\/belogue\/wp-json\/wp\/v2\/tags?post=12623"}],"curies":[{"name":"wp","href":"https:\/\/api.w.org\/{rel}","templated":true}]}}