{"id":125725,"date":"2023-07-31T11:48:42","date_gmt":"2023-07-31T09:48:42","guid":{"rendered":"https:\/\/www.wallendorff.com\/belogue\/?p=125725"},"modified":"2023-07-31T16:43:20","modified_gmt":"2023-07-31T14:43:20","slug":"leffe-toi-et-marche","status":"publish","type":"post","link":"https:\/\/www.wallendorff.com\/belogue\/2023\/07\/31\/leffe-toi-et-marche\/","title":{"rendered":"Leffe-toi et marche."},"content":{"rendered":"\t\t<div data-elementor-type=\"wp-post\" data-elementor-id=\"125725\" class=\"elementor elementor-125725\" data-elementor-post-type=\"post\">\n\t\t\t\t\t\t<section class=\"elementor-section elementor-top-section elementor-element elementor-element-7bbd62f elementor-section-boxed elementor-section-height-default elementor-section-height-default\" data-id=\"7bbd62f\" data-element_type=\"section\" data-e-type=\"section\">\n\t\t\t\t\t\t<div class=\"elementor-container elementor-column-gap-default\">\n\t\t\t\t\t<div class=\"elementor-column elementor-col-100 elementor-top-column elementor-element elementor-element-7a479fb\" data-id=\"7a479fb\" data-element_type=\"column\" data-e-type=\"column\">\n\t\t\t<div class=\"elementor-widget-wrap elementor-element-populated\">\n\t\t\t\t\t\t<div class=\"elementor-element elementor-element-145561a elementor-widget elementor-widget-text-editor\" data-id=\"145561a\" data-element_type=\"widget\" data-e-type=\"widget\" data-widget_type=\"text-editor.default\">\n\t\t\t\t<div class=\"elementor-widget-container\">\n\t\t\t\t\t\t\t\t\t<div id=\"photo\">\n\n<img decoding=\"async\" src=\"https:\/\/www.wallendorff.com\/belogue\/wp-content\/uploads\/2023\/07\/20230731.jpg\" \/>\nPont Charles-de-Gaulle, Dinant, 5 juin 2023.\n\n<\/div>\t\t\t\t\t\t\t\t<\/div>\n\t\t\t\t<\/div>\n\t\t\t\t\t<\/div>\n\t\t<\/div>\n\t\t\t\t\t<\/div>\n\t\t<\/section>\n\t\t\t\t<\/div>\n\t\t","protected":false},"excerpt":{"rendered":"<p>Pont Charles-de-Gaulle, Dinant, 5 juin 2023.<\/p>\n","protected":false},"author":1,"featured_media":125731,"comment_status":"open","ping_status":"open","sticky":false,"template":"","format":"standard","meta":{"_acf_changed":false,"ngg_post_thumbnail":0,"jetpack_post_was_ever_published":false,"_jetpack_newsletter_access":"","_jetpack_dont_email_post_to_subs":false,"_jetpack_newsletter_tier_id":0,"_jetpack_memberships_contains_paywalled_content":false,"_jetpack_memberships_contains_paid_content":false,"footnotes":"","jetpack_publicize_message":"","jetpack_publicize_feature_enabled":true,"jetpack_social_post_already_shared":true,"jetpack_social_options":{"image_generator_settings":{"template":"highway","default_image_id":0,"font":"","enabled":false},"version":2}},"categories":[7654],"tags":[5511,10178,10326,1222,18290,18745,10460,11323,8996,3612,11428],"class_list":["post-125725","post","type-post","status-publish","format-standard","has-post-thumbnail","hentry","category-dpc-en","tag-avenue-winston-churchill","tag-belgique","tag-crepuscule","tag-dinant","tag-fujifilm-x-t5","tag-fujinon-xf-27-mm-f-2-8-r-wr","tag-meuse","tag-panoramique","tag-pont-charles-de-gaulle","tag-province-de-namur","tag-region-wallonne"],"acf":[],"geo":{"latitude":50.2599449,"longitude":4.9121227,"description":"Dinant, Wallonie, 5500, BE"},"jetpack_publicize_connections":[],"jetpack_featured_media_url":"https:\/\/www.wallendorff.com\/belogue\/wp-content\/uploads\/2023\/07\/20230731.jpg","jetpack_shortlink":"https:\/\/wp.me\/p3b35P-wHP","jetpack_sharing_enabled":true,"jetpack-related-posts":[{"id":133791,"url":"https:\/\/www.wallendorff.com\/belogue\/2025\/08\/31\/aout-2025\/","url_meta":{"origin":125725,"position":0},"title":"Ao\u00fbt 2025.","author":"dpc","date":"31 ao\u00fbt 2025","format":false,"excerpt":"Un long pont, une plage, un coucher de soleil, un chat pr\u00e9nomm\u00e9 Cassoulet-Couscou-K\u00e9bab, un RER, une pizza, un rayon de soleil, un v\u00e9lociraptor, un chat pr\u00e9nomm\u00e9 Paupiette, un reflet, un balai, un miroir, un chat pr\u00e9nomm\u00e9 Bob, un feu rouge, un TER, un festival, une bi\u00e8re, un festival, un TGV,\u2026","rel":"","context":"Dans &quot;Blog-note&quot;","block_context":{"text":"Blog-note","link":"https:\/\/www.wallendorff.com\/belogue\/category\/blog-note\/"},"img":{"alt_text":"","src":"https:\/\/i0.wp.com\/www.wallendorff.com\/belogue\/wp-content\/uploads\/2025\/09\/20250915-53.jpg?resize=350%2C200&ssl=1","width":350,"height":200,"srcset":"https:\/\/i0.wp.com\/www.wallendorff.com\/belogue\/wp-content\/uploads\/2025\/09\/20250915-53.jpg?resize=350%2C200&ssl=1 1x, https:\/\/i0.wp.com\/www.wallendorff.com\/belogue\/wp-content\/uploads\/2025\/09\/20250915-53.jpg?resize=525%2C300&ssl=1 1.5x, https:\/\/i0.wp.com\/www.wallendorff.com\/belogue\/wp-content\/uploads\/2025\/09\/20250915-53.jpg?resize=700%2C400&ssl=1 2x, https:\/\/i0.wp.com\/www.wallendorff.com\/belogue\/wp-content\/uploads\/2025\/09\/20250915-53.jpg?resize=1050%2C600&ssl=1 3x"},"classes":[]},{"id":23417,"url":"https:\/\/www.wallendorff.com\/belogue\/2014\/10\/02\/lavide-guetta\/","url_meta":{"origin":125725,"position":1},"title":"L&rsquo;avide guetta.","author":"dpc","date":"2 octobre 2014","format":false,"excerpt":"Pont Charles-de-Gaulle, Paris, 3 juillet. L'\u00e9couteur droit de mes MDR-EX38iP vient de subitement mourir, comme \u00e7a, sans pr\u00e9venir, apr\u00e8s 37 mois d'un bonheur sans nuage. C'est triste, je sais, mais il y a pire dans la vie, je sais, et c'est pas la peine d'en faire un fromage, je sais,\u2026","rel":"","context":"Dans &quot;DPC&quot;","block_context":{"text":"DPC","link":"https:\/\/www.wallendorff.com\/belogue\/category\/dpc\/"},"img":{"alt_text":"","src":"https:\/\/i0.wp.com\/www.wallendorff.com\/belogue\/wp-content\/uploads\/2015\/04\/201410021.jpg?resize=350%2C200&ssl=1","width":350,"height":200,"srcset":"https:\/\/i0.wp.com\/www.wallendorff.com\/belogue\/wp-content\/uploads\/2015\/04\/201410021.jpg?resize=350%2C200&ssl=1 1x, https:\/\/i0.wp.com\/www.wallendorff.com\/belogue\/wp-content\/uploads\/2015\/04\/201410021.jpg?resize=525%2C300&ssl=1 1.5x, https:\/\/i0.wp.com\/www.wallendorff.com\/belogue\/wp-content\/uploads\/2015\/04\/201410021.jpg?resize=700%2C400&ssl=1 2x"},"classes":[]},{"id":126836,"url":"https:\/\/www.wallendorff.com\/belogue\/2023\/12\/08\/metz-du-dimanche\/","url_meta":{"origin":125725,"position":2},"title":"Metz du dimanche.","author":"dpc","date":"8 d\u00e9cembre 2023","format":false,"excerpt":"","rel":"","context":"Dans &quot;DPC&quot;","block_context":{"text":"DPC","link":"https:\/\/www.wallendorff.com\/belogue\/category\/dpc\/"},"img":{"alt_text":"","src":"https:\/\/i0.wp.com\/www.wallendorff.com\/belogue\/wp-content\/uploads\/2023\/12\/20231208-02.jpg?resize=350%2C200&ssl=1","width":350,"height":200,"srcset":"https:\/\/i0.wp.com\/www.wallendorff.com\/belogue\/wp-content\/uploads\/2023\/12\/20231208-02.jpg?resize=350%2C200&ssl=1 1x, https:\/\/i0.wp.com\/www.wallendorff.com\/belogue\/wp-content\/uploads\/2023\/12\/20231208-02.jpg?resize=525%2C300&ssl=1 1.5x, https:\/\/i0.wp.com\/www.wallendorff.com\/belogue\/wp-content\/uploads\/2023\/12\/20231208-02.jpg?resize=700%2C400&ssl=1 2x"},"classes":[]},{"id":48706,"url":"https:\/\/www.wallendorff.com\/belogue\/2021\/06\/30\/juin-2021\/","url_meta":{"origin":125725,"position":3},"title":"Juin 2021.","author":"dpc","date":"30 juin 2021","format":false,"excerpt":"Un arc, un passant, un autocollant, un passage clout\u00e9, un chat pr\u00e9nomm\u00e9 Madame-la-Comtesse, un quai, un reflet, un train, une gare, un coucher de soleil, une tour, un m\u00e9tro, une colonne, un escalier, un quai, un bisou, une clope, un mus\u00e9e, un banc, une tour, un caf\u00e9, des anciens combattants,\u2026","rel":"","context":"Dans &quot;Blog-note&quot;","block_context":{"text":"Blog-note","link":"https:\/\/www.wallendorff.com\/belogue\/category\/blog-note\/"},"img":{"alt_text":"","src":"https:\/\/i0.wp.com\/www.wallendorff.com\/belogue\/wp-content\/uploads\/2021\/07\/20210711-35.jpg?resize=350%2C200&ssl=1","width":350,"height":200,"srcset":"https:\/\/i0.wp.com\/www.wallendorff.com\/belogue\/wp-content\/uploads\/2021\/07\/20210711-35.jpg?resize=350%2C200&ssl=1 1x, https:\/\/i0.wp.com\/www.wallendorff.com\/belogue\/wp-content\/uploads\/2021\/07\/20210711-35.jpg?resize=525%2C300&ssl=1 1.5x, https:\/\/i0.wp.com\/www.wallendorff.com\/belogue\/wp-content\/uploads\/2021\/07\/20210711-35.jpg?resize=700%2C400&ssl=1 2x, https:\/\/i0.wp.com\/www.wallendorff.com\/belogue\/wp-content\/uploads\/2021\/07\/20210711-35.jpg?resize=1050%2C600&ssl=1 3x"},"classes":[]},{"id":75,"url":"https:\/\/www.wallendorff.com\/belogue\/2005\/09\/04\/escales-a-torts\/","url_meta":{"origin":125725,"position":4},"title":"Escales &agrave; torts.","author":"dpc","date":"4 septembre 2005","format":false,"excerpt":"Rue Grande, Dinant, 2 septembre. [Retomber sur une vieille compile d'\u00e9t\u00e9 oubli\u00e9e sur un tas de poussi\u00e8re, \u00e7a fait toujours bizarre.] \"Did it almost make you feel, That something's got to happen soon, When you wake up feeling lost in your own room?\" \u00a0Soul Asylum \u2013 Cartoon (live)","rel":"","context":"Dans &quot;DPC&quot;","block_context":{"text":"DPC","link":"https:\/\/www.wallendorff.com\/belogue\/category\/dpc\/"},"img":{"alt_text":"","src":"https:\/\/i0.wp.com\/www.wallendorff.com\/belogue\/wp-content\/uploads\/2015\/04\/200509041.jpg?resize=350%2C200&ssl=1","width":350,"height":200},"classes":[]},{"id":124768,"url":"https:\/\/www.wallendorff.com\/belogue\/2023\/05\/31\/mai-2023\/","url_meta":{"origin":125725,"position":5},"title":"Mai 2023.","author":"dpc","date":"31 mai 2023","format":false,"excerpt":"Un resto, un toit, un miroir, un escalator, un ciel, un pont, une galerie, une statue, un parapluie, une galerie, un ap\u00e9ro, une ruelle, une chaise, un z\u00e8bre, une fin de journ\u00e9e, des ballons, un mur, une terrasse, une statue, une galerie, un m\u00e9tro, une tour, un bateau, une tour,\u2026","rel":"","context":"Dans &quot;Blog-note&quot;","block_context":{"text":"Blog-note","link":"https:\/\/www.wallendorff.com\/belogue\/category\/blog-note\/"},"img":{"alt_text":"","src":"https:\/\/i0.wp.com\/www.wallendorff.com\/belogue\/wp-content\/uploads\/2023\/06\/20230626-02.jpg?resize=350%2C200&ssl=1","width":350,"height":200,"srcset":"https:\/\/i0.wp.com\/www.wallendorff.com\/belogue\/wp-content\/uploads\/2023\/06\/20230626-02.jpg?resize=350%2C200&ssl=1 1x, https:\/\/i0.wp.com\/www.wallendorff.com\/belogue\/wp-content\/uploads\/2023\/06\/20230626-02.jpg?resize=525%2C300&ssl=1 1.5x, https:\/\/i0.wp.com\/www.wallendorff.com\/belogue\/wp-content\/uploads\/2023\/06\/20230626-02.jpg?resize=700%2C400&ssl=1 2x, https:\/\/i0.wp.com\/www.wallendorff.com\/belogue\/wp-content\/uploads\/2023\/06\/20230626-02.jpg?resize=1050%2C600&ssl=1 3x"},"classes":[]}],"_links":{"self":[{"href":"https:\/\/www.wallendorff.com\/belogue\/wp-json\/wp\/v2\/posts\/125725","targetHints":{"allow":["GET"]}}],"collection":[{"href":"https:\/\/www.wallendorff.com\/belogue\/wp-json\/wp\/v2\/posts"}],"about":[{"href":"https:\/\/www.wallendorff.com\/belogue\/wp-json\/wp\/v2\/types\/post"}],"author":[{"embeddable":true,"href":"https:\/\/www.wallendorff.com\/belogue\/wp-json\/wp\/v2\/users\/1"}],"replies":[{"embeddable":true,"href":"https:\/\/www.wallendorff.com\/belogue\/wp-json\/wp\/v2\/comments?post=125725"}],"version-history":[{"count":14,"href":"https:\/\/www.wallendorff.com\/belogue\/wp-json\/wp\/v2\/posts\/125725\/revisions"}],"predecessor-version":[{"id":125740,"href":"https:\/\/www.wallendorff.com\/belogue\/wp-json\/wp\/v2\/posts\/125725\/revisions\/125740"}],"wp:featuredmedia":[{"embeddable":true,"href":"https:\/\/www.wallendorff.com\/belogue\/wp-json\/wp\/v2\/media\/125731"}],"wp:attachment":[{"href":"https:\/\/www.wallendorff.com\/belogue\/wp-json\/wp\/v2\/media?parent=125725"}],"wp:term":[{"taxonomy":"category","embeddable":true,"href":"https:\/\/www.wallendorff.com\/belogue\/wp-json\/wp\/v2\/categories?post=125725"},{"taxonomy":"post_tag","embeddable":true,"href":"https:\/\/www.wallendorff.com\/belogue\/wp-json\/wp\/v2\/tags?post=125725"}],"curies":[{"name":"wp","href":"https:\/\/api.w.org\/{rel}","templated":true}]}}