{"id":1257,"date":"2008-06-25T08:58:35","date_gmt":"2008-06-25T08:58:35","guid":{"rendered":"http:\/\/www.po-l.com\/wordpress\/?p=1257"},"modified":"2011-10-25T11:36:02","modified_gmt":"2011-10-25T09:36:02","slug":"daisybox-la-boule-noire-paris","status":"publish","type":"post","link":"https:\/\/www.wallendorff.com\/belogue\/2008\/06\/25\/daisybox-la-boule-noire-paris\/","title":{"rendered":"Daisybox @ la Boule Noire, Paris."},"content":{"rendered":"<div id=\"photo\">\n<p><img decoding=\"async\" src=\"https:\/\/www.wallendorff.com\/belogue\/photo\/2008\/06\/20080625.jpg\" \/><\/p>\n<\/div>\n<div id=\"bandeson\">\n<p><img decoding=\"async\" src=\"https:\/\/www.wallendorff.com\/belogue\/photo\/pochettes\/m\/maximo_park-our_earthly_pleasures.jpg\" width=\"70\" height=\"70\" align=\"left\" \/>&nbsp;<a href=\"http:\/\/www.maximopark.com\/\">Max&iuml;mo Park <\/a> &ndash; <em>By the Monument<\/em><\/p>\n<\/div>\n","protected":false},"excerpt":{"rendered":"<p>&nbsp;Max&iuml;mo Park &ndash; By the Monument<\/p>\n","protected":false},"author":1,"featured_media":25182,"comment_status":"open","ping_status":"open","sticky":false,"template":"","format":"standard","meta":{"_acf_changed":false,"ngg_post_thumbnail":0,"jetpack_post_was_ever_published":false,"_jetpack_newsletter_access":"","_jetpack_dont_email_post_to_subs":false,"_jetpack_newsletter_tier_id":0,"_jetpack_memberships_contains_paywalled_content":false,"_jetpack_memberships_contains_paid_content":false,"footnotes":"","jetpack_publicize_message":"","jetpack_publicize_feature_enabled":true,"jetpack_social_post_already_shared":false,"jetpack_social_options":{"image_generator_settings":{"template":"highway","default_image_id":0,"font":"","enabled":false},"version":2}},"categories":[7],"tags":[203,10143,10084,4516,2323,196,187,2466,10120,10121,10273,1500,143,10098,10199],"class_list":["post-1257","post","type-post","status-publish","format-standard","has-post-thumbnail","hentry","category-alive","tag-203","tag-10143","tag-alive","tag-boulevard-rochechouart","tag-by-the-monument","tag-ef-28-70-mm-f28l-usm","tag-eos-1d-mark-ii","tag-daisybox","tag-france","tag-ile-de-france","tag-la-boule-noire","tag-maximo-park","tag-noir-et-blanc","tag-paris","tag-pieds"],"acf":[],"geo":{"latitude":48.8823128,"longitude":2.3403132,"description":null},"jetpack_publicize_connections":[],"jetpack_featured_media_url":"https:\/\/www.wallendorff.com\/belogue\/wp-content\/uploads\/2015\/04\/200806251.jpg","jetpack_shortlink":"https:\/\/wp.me\/p3b35P-kh","jetpack_sharing_enabled":true,"jetpack-related-posts":[{"id":4008,"url":"https:\/\/www.wallendorff.com\/belogue\/2009\/03\/10\/interlude-4\/","url_meta":{"origin":1257,"position":0},"title":"Interlude.","author":"dpc","date":"10 mars 2009","format":false,"excerpt":"Juste pour dire que ce truc pr\u00e9sent\u00e9 ici et l\u00e0 aussi existe toujours. C'est fou. Max\u00efmo Park \u2013 Wraithlike","rel":"","context":"Dans &quot;DPC&quot;","block_context":{"text":"DPC","link":"https:\/\/www.wallendorff.com\/belogue\/category\/dpc\/"},"img":{"alt_text":"","src":"https:\/\/i0.wp.com\/www.wallendorff.com\/belogue\/wp-content\/uploads\/2015\/04\/200903101.jpg?resize=350%2C200&ssl=1","width":350,"height":200},"classes":[]},{"id":36191,"url":"https:\/\/www.wallendorff.com\/belogue\/2017\/10\/29\/slotface-mnnqns-la-boule-noire-paris\/","url_meta":{"origin":1257,"position":1},"title":"Sl\u00f8tface + MNNQNS @ la Boule Noire, Paris.","author":"dpc","date":"29 octobre 2017","format":false,"excerpt":"Magazine Sl\u00f8tface MNNQNS Sl\u00f8tface","rel":"","context":"Dans &quot;Alive&quot;","block_context":{"text":"Alive","link":"https:\/\/www.wallendorff.com\/belogue\/category\/alive\/"},"img":{"alt_text":"","src":"https:\/\/i0.wp.com\/www.wallendorff.com\/belogue\/wp-content\/uploads\/2017\/10\/20171028-11.jpg?resize=350%2C200&ssl=1","width":350,"height":200,"srcset":"https:\/\/i0.wp.com\/www.wallendorff.com\/belogue\/wp-content\/uploads\/2017\/10\/20171028-11.jpg?resize=350%2C200&ssl=1 1x, https:\/\/i0.wp.com\/www.wallendorff.com\/belogue\/wp-content\/uploads\/2017\/10\/20171028-11.jpg?resize=525%2C300&ssl=1 1.5x, https:\/\/i0.wp.com\/www.wallendorff.com\/belogue\/wp-content\/uploads\/2017\/10\/20171028-11.jpg?resize=700%2C400&ssl=1 2x"},"classes":[]},{"id":6843,"url":"https:\/\/www.wallendorff.com\/belogue\/2010\/02\/19\/the-fiery-furnaces-la-boule-noire-paris\/","url_meta":{"origin":1257,"position":2},"title":"The Fiery Furnaces @ la Boule Noire, Paris.","author":"dpc","date":"19 f\u00e9vrier 2010","format":false,"excerpt":"\u00a0The Soft Pack \u2013 Flammable","rel":"","context":"Dans &quot;Alive&quot;","block_context":{"text":"Alive","link":"https:\/\/www.wallendorff.com\/belogue\/category\/alive\/"},"img":{"alt_text":"","src":"https:\/\/i0.wp.com\/www.wallendorff.com\/belogue\/wp-content\/uploads\/2015\/04\/201002191.jpg?resize=350%2C200&ssl=1","width":350,"height":200,"srcset":"https:\/\/i0.wp.com\/www.wallendorff.com\/belogue\/wp-content\/uploads\/2015\/04\/201002191.jpg?resize=350%2C200&ssl=1 1x, https:\/\/i0.wp.com\/www.wallendorff.com\/belogue\/wp-content\/uploads\/2015\/04\/201002191.jpg?resize=525%2C300&ssl=1 1.5x, https:\/\/i0.wp.com\/www.wallendorff.com\/belogue\/wp-content\/uploads\/2015\/04\/201002191.jpg?resize=700%2C400&ssl=1 2x"},"classes":[]},{"id":1864,"url":"https:\/\/www.wallendorff.com\/belogue\/2008\/08\/13\/the-subways-la-boule-noire-paris-22-avril\/","url_meta":{"origin":1257,"position":3},"title":"The Subways @ la Boule Noire, Paris, 22 avril.","author":"dpc","date":"13 ao\u00fbt 2008","format":false,"excerpt":"Nada Surf \u2013 Everyone's On Tour","rel":"","context":"Dans &quot;Alive&quot;","block_context":{"text":"Alive","link":"https:\/\/www.wallendorff.com\/belogue\/category\/alive\/"},"img":{"alt_text":"","src":"https:\/\/i0.wp.com\/www.wallendorff.com\/belogue\/wp-content\/uploads\/2015\/04\/200808131.jpg?resize=350%2C200&ssl=1","width":350,"height":200,"srcset":"https:\/\/i0.wp.com\/www.wallendorff.com\/belogue\/wp-content\/uploads\/2015\/04\/200808131.jpg?resize=350%2C200&ssl=1 1x, https:\/\/i0.wp.com\/www.wallendorff.com\/belogue\/wp-content\/uploads\/2015\/04\/200808131.jpg?resize=525%2C300&ssl=1 1.5x, https:\/\/i0.wp.com\/www.wallendorff.com\/belogue\/wp-content\/uploads\/2015\/04\/200808131.jpg?resize=700%2C400&ssl=1 2x"},"classes":[]},{"id":32196,"url":"https:\/\/www.wallendorff.com\/belogue\/2016\/08\/25\/local-natives-la-boule-noire-paris\/","url_meta":{"origin":1257,"position":4},"title":"Local Natives @ la Boule Noire, Paris.","author":"dpc","date":"25 ao\u00fbt 2016","format":false,"excerpt":"Fountain of Youth Local Natives","rel":"","context":"Dans &quot;Alive&quot;","block_context":{"text":"Alive","link":"https:\/\/www.wallendorff.com\/belogue\/category\/alive\/"},"img":{"alt_text":"","src":"https:\/\/i0.wp.com\/www.wallendorff.com\/belogue\/wp-content\/uploads\/2016\/08\/20160825-04-1.jpg?resize=350%2C200&ssl=1","width":350,"height":200,"srcset":"https:\/\/i0.wp.com\/www.wallendorff.com\/belogue\/wp-content\/uploads\/2016\/08\/20160825-04-1.jpg?resize=350%2C200&ssl=1 1x, https:\/\/i0.wp.com\/www.wallendorff.com\/belogue\/wp-content\/uploads\/2016\/08\/20160825-04-1.jpg?resize=525%2C300&ssl=1 1.5x, https:\/\/i0.wp.com\/www.wallendorff.com\/belogue\/wp-content\/uploads\/2016\/08\/20160825-04-1.jpg?resize=700%2C400&ssl=1 2x"},"classes":[]},{"id":33765,"url":"https:\/\/www.wallendorff.com\/belogue\/2017\/04\/01\/therapie-taxi-la-boule-noire-paris-29-mars\/","url_meta":{"origin":1257,"position":5},"title":"Th\u00e9rapie Taxi @ la Boule Noire, Paris, 29 mars.","author":"dpc","date":"1 avril 2017","format":false,"excerpt":"","rel":"","context":"Dans &quot;Alive&quot;","block_context":{"text":"Alive","link":"https:\/\/www.wallendorff.com\/belogue\/category\/alive\/"},"img":{"alt_text":"","src":"https:\/\/i0.wp.com\/www.wallendorff.com\/belogue\/wp-content\/uploads\/2017\/03\/20170330-14.jpg?resize=350%2C200&ssl=1","width":350,"height":200,"srcset":"https:\/\/i0.wp.com\/www.wallendorff.com\/belogue\/wp-content\/uploads\/2017\/03\/20170330-14.jpg?resize=350%2C200&ssl=1 1x, https:\/\/i0.wp.com\/www.wallendorff.com\/belogue\/wp-content\/uploads\/2017\/03\/20170330-14.jpg?resize=525%2C300&ssl=1 1.5x, https:\/\/i0.wp.com\/www.wallendorff.com\/belogue\/wp-content\/uploads\/2017\/03\/20170330-14.jpg?resize=700%2C400&ssl=1 2x"},"classes":[]}],"_links":{"self":[{"href":"https:\/\/www.wallendorff.com\/belogue\/wp-json\/wp\/v2\/posts\/1257","targetHints":{"allow":["GET"]}}],"collection":[{"href":"https:\/\/www.wallendorff.com\/belogue\/wp-json\/wp\/v2\/posts"}],"about":[{"href":"https:\/\/www.wallendorff.com\/belogue\/wp-json\/wp\/v2\/types\/post"}],"author":[{"embeddable":true,"href":"https:\/\/www.wallendorff.com\/belogue\/wp-json\/wp\/v2\/users\/1"}],"replies":[{"embeddable":true,"href":"https:\/\/www.wallendorff.com\/belogue\/wp-json\/wp\/v2\/comments?post=1257"}],"version-history":[{"count":1,"href":"https:\/\/www.wallendorff.com\/belogue\/wp-json\/wp\/v2\/posts\/1257\/revisions"}],"predecessor-version":[{"id":13947,"href":"https:\/\/www.wallendorff.com\/belogue\/wp-json\/wp\/v2\/posts\/1257\/revisions\/13947"}],"wp:featuredmedia":[{"embeddable":true,"href":"https:\/\/www.wallendorff.com\/belogue\/wp-json\/wp\/v2\/media\/25182"}],"wp:attachment":[{"href":"https:\/\/www.wallendorff.com\/belogue\/wp-json\/wp\/v2\/media?parent=1257"}],"wp:term":[{"taxonomy":"category","embeddable":true,"href":"https:\/\/www.wallendorff.com\/belogue\/wp-json\/wp\/v2\/categories?post=1257"},{"taxonomy":"post_tag","embeddable":true,"href":"https:\/\/www.wallendorff.com\/belogue\/wp-json\/wp\/v2\/tags?post=1257"}],"curies":[{"name":"wp","href":"https:\/\/api.w.org\/{rel}","templated":true}]}}