{"id":125680,"date":"2023-07-25T17:29:03","date_gmt":"2023-07-25T15:29:03","guid":{"rendered":"https:\/\/www.wallendorff.com\/belogue\/?p=125680"},"modified":"2023-07-25T17:34:02","modified_gmt":"2023-07-25T15:34:02","slug":"paleo-festival-2023-nyon-jour-6","status":"publish","type":"post","link":"https:\/\/www.wallendorff.com\/belogue\/2023\/07\/25\/paleo-festival-2023-nyon-jour-6\/","title":{"rendered":"Pal\u00e9o Festival 2023, Nyon, jour 6."},"content":{"rendered":"\t\t<div data-elementor-type=\"wp-post\" data-elementor-id=\"125680\" class=\"elementor elementor-125680\" data-elementor-post-type=\"post\">\n\t\t\t\t\t\t<section class=\"elementor-section elementor-top-section elementor-element elementor-element-06ca0b2 elementor-section-boxed elementor-section-height-default elementor-section-height-default\" data-id=\"06ca0b2\" data-element_type=\"section\" data-e-type=\"section\">\n\t\t\t\t\t\t<div class=\"elementor-container elementor-column-gap-default\">\n\t\t\t\t\t<div class=\"elementor-column elementor-col-100 elementor-top-column elementor-element elementor-element-9805297\" data-id=\"9805297\" data-element_type=\"column\" data-e-type=\"column\">\n\t\t\t<div class=\"elementor-widget-wrap elementor-element-populated\">\n\t\t\t\t\t\t<div class=\"elementor-element elementor-element-5bd6259 gallery-spacing-custom elementor-widget elementor-widget-image-gallery\" data-id=\"5bd6259\" data-element_type=\"widget\" data-e-type=\"widget\" data-widget_type=\"image-gallery.default\">\n\t\t\t\t<div class=\"elementor-widget-container\">\n\t\t\t\t\t\t\t<div class=\"elementor-image-gallery\">\n\t\t\t<div id='gallery-1' class='gallery galleryid-125680 gallery-columns-1 gallery-size-large'><figure class='gallery-item'>\n\t\t\t<div class='gallery-icon landscape'>\n\t\t\t\t<a data-elementor-open-lightbox=\"yes\" data-elementor-lightbox-slideshow=\"5bd6259\" data-e-action-hash=\"#elementor-action%3Aaction%3Dlightbox%26settings%3DeyJpZCI6MTI1NjgzLCJ1cmwiOiJodHRwczpcL1wvd3d3LndhbGxlbmRvcmZmLmNvbVwvYmVsb2d1ZVwvd3AtY29udGVudFwvdXBsb2Fkc1wvMjAyM1wvMDdcLzIwMjMwNzI1LTAxLmpwZyIsInNsaWRlc2hvdyI6IjViZDYyNTkifQ%3D%3D\" href='https:\/\/www.wallendorff.com\/belogue\/wp-content\/uploads\/2023\/07\/20230725-01.jpg'><img fetchpriority=\"high\" width=\"1170\" height=\"780\" src=\"https:\/\/www.wallendorff.com\/belogue\/wp-content\/uploads\/2023\/07\/20230725-01.jpg\" class=\"attachment-large size-large\" alt=\"\" aria-describedby=\"gallery-1-125683\" decoding=\"async\" srcset=\"https:\/\/www.wallendorff.com\/belogue\/wp-content\/uploads\/2023\/07\/20230725-01.jpg 1170w, https:\/\/www.wallendorff.com\/belogue\/wp-content\/uploads\/2023\/07\/20230725-01-1116x744.jpg 1116w, https:\/\/www.wallendorff.com\/belogue\/wp-content\/uploads\/2023\/07\/20230725-01-806x537.jpg 806w, https:\/\/www.wallendorff.com\/belogue\/wp-content\/uploads\/2023\/07\/20230725-01-558x372.jpg 558w, https:\/\/www.wallendorff.com\/belogue\/wp-content\/uploads\/2023\/07\/20230725-01-655x437.jpg 655w, https:\/\/www.wallendorff.com\/belogue\/wp-content\/uploads\/2023\/07\/20230725-01-820x547.jpg 820w\" sizes=\"(max-width: 1170px) 100vw, 1170px\" \/><\/a>\n\t\t\t<\/div>\n\t\t\t\t<figcaption class='wp-caption-text gallery-caption' id='gallery-1-125683'>\n\t\t\t\tAmbiance, Pal\u00e9o Festival Nyon 2023\n\t\t\t\t<\/figcaption><\/figure><figure class='gallery-item'>\n\t\t\t<div class='gallery-icon landscape'>\n\t\t\t\t<a data-elementor-open-lightbox=\"yes\" data-elementor-lightbox-slideshow=\"5bd6259\" data-e-action-hash=\"#elementor-action%3Aaction%3Dlightbox%26settings%3DeyJpZCI6MTI1Njg0LCJ1cmwiOiJodHRwczpcL1wvd3d3LndhbGxlbmRvcmZmLmNvbVwvYmVsb2d1ZVwvd3AtY29udGVudFwvdXBsb2Fkc1wvMjAyM1wvMDdcLzIwMjMwNzI1LTAyLmpwZyIsInNsaWRlc2hvdyI6IjViZDYyNTkifQ%3D%3D\" href='https:\/\/www.wallendorff.com\/belogue\/wp-content\/uploads\/2023\/07\/20230725-02.jpg'><img width=\"1170\" height=\"780\" src=\"https:\/\/www.wallendorff.com\/belogue\/wp-content\/uploads\/2023\/07\/20230725-02.jpg\" class=\"attachment-large size-large\" alt=\"\" aria-describedby=\"gallery-1-125684\" decoding=\"async\" srcset=\"https:\/\/www.wallendorff.com\/belogue\/wp-content\/uploads\/2023\/07\/20230725-02.jpg 1170w, https:\/\/www.wallendorff.com\/belogue\/wp-content\/uploads\/2023\/07\/20230725-02-1116x744.jpg 1116w, https:\/\/www.wallendorff.com\/belogue\/wp-content\/uploads\/2023\/07\/20230725-02-806x537.jpg 806w, https:\/\/www.wallendorff.com\/belogue\/wp-content\/uploads\/2023\/07\/20230725-02-558x372.jpg 558w, https:\/\/www.wallendorff.com\/belogue\/wp-content\/uploads\/2023\/07\/20230725-02-655x437.jpg 655w, https:\/\/www.wallendorff.com\/belogue\/wp-content\/uploads\/2023\/07\/20230725-02-820x547.jpg 820w\" sizes=\"(max-width: 1170px) 100vw, 1170px\" \/><\/a>\n\t\t\t<\/div>\n\t\t\t\t<figcaption class='wp-caption-text gallery-caption' id='gallery-1-125684'>\n\t\t\t\tAmbiance, Pal\u00e9o Festival Nyon 2023\n\t\t\t\t<\/figcaption><\/figure><figure class='gallery-item'>\n\t\t\t<div class='gallery-icon landscape'>\n\t\t\t\t<a data-elementor-open-lightbox=\"yes\" data-elementor-lightbox-slideshow=\"5bd6259\" data-e-action-hash=\"#elementor-action%3Aaction%3Dlightbox%26settings%3DeyJpZCI6MTI1Njg1LCJ1cmwiOiJodHRwczpcL1wvd3d3LndhbGxlbmRvcmZmLmNvbVwvYmVsb2d1ZVwvd3AtY29udGVudFwvdXBsb2Fkc1wvMjAyM1wvMDdcLzIwMjMwNzI1LTAzLmpwZyIsInNsaWRlc2hvdyI6IjViZDYyNTkifQ%3D%3D\" href='https:\/\/www.wallendorff.com\/belogue\/wp-content\/uploads\/2023\/07\/20230725-03.jpg'><img width=\"1170\" height=\"780\" src=\"https:\/\/www.wallendorff.com\/belogue\/wp-content\/uploads\/2023\/07\/20230725-03.jpg\" class=\"attachment-large size-large\" alt=\"\" aria-describedby=\"gallery-1-125685\" decoding=\"async\" srcset=\"https:\/\/www.wallendorff.com\/belogue\/wp-content\/uploads\/2023\/07\/20230725-03.jpg 1170w, https:\/\/www.wallendorff.com\/belogue\/wp-content\/uploads\/2023\/07\/20230725-03-1116x744.jpg 1116w, https:\/\/www.wallendorff.com\/belogue\/wp-content\/uploads\/2023\/07\/20230725-03-806x537.jpg 806w, https:\/\/www.wallendorff.com\/belogue\/wp-content\/uploads\/2023\/07\/20230725-03-558x372.jpg 558w, https:\/\/www.wallendorff.com\/belogue\/wp-content\/uploads\/2023\/07\/20230725-03-655x437.jpg 655w, https:\/\/www.wallendorff.com\/belogue\/wp-content\/uploads\/2023\/07\/20230725-03-820x547.jpg 820w\" sizes=\"(max-width: 1170px) 100vw, 1170px\" \/><\/a>\n\t\t\t<\/div>\n\t\t\t\t<figcaption class='wp-caption-text gallery-caption' id='gallery-1-125685'>\n\t\t\t\tAmbiance, Pal\u00e9o Festival Nyon 2023\n\t\t\t\t<\/figcaption><\/figure><figure class='gallery-item'>\n\t\t\t<div class='gallery-icon portrait'>\n\t\t\t\t<a data-elementor-open-lightbox=\"yes\" data-elementor-lightbox-slideshow=\"5bd6259\" data-e-action-hash=\"#elementor-action%3Aaction%3Dlightbox%26settings%3DeyJpZCI6MTI1Njg2LCJ1cmwiOiJodHRwczpcL1wvd3d3LndhbGxlbmRvcmZmLmNvbVwvYmVsb2d1ZVwvd3AtY29udGVudFwvdXBsb2Fkc1wvMjAyM1wvMDdcLzIwMjMwNzI1LTA0LmpwZyIsInNsaWRlc2hvdyI6IjViZDYyNTkifQ%3D%3D\" href='https:\/\/www.wallendorff.com\/belogue\/wp-content\/uploads\/2023\/07\/20230725-04.jpg'><img loading=\"lazy\" width=\"780\" height=\"1170\" src=\"https:\/\/www.wallendorff.com\/belogue\/wp-content\/uploads\/2023\/07\/20230725-04.jpg\" class=\"attachment-large size-large\" alt=\"\" aria-describedby=\"gallery-1-125686\" decoding=\"async\" srcset=\"https:\/\/www.wallendorff.com\/belogue\/wp-content\/uploads\/2023\/07\/20230725-04.jpg 780w, https:\/\/www.wallendorff.com\/belogue\/wp-content\/uploads\/2023\/07\/20230725-04-558x837.jpg 558w, https:\/\/www.wallendorff.com\/belogue\/wp-content\/uploads\/2023\/07\/20230725-04-655x983.jpg 655w\" sizes=\"(max-width: 780px) 100vw, 780px\" \/><\/a>\n\t\t\t<\/div>\n\t\t\t\t<figcaption class='wp-caption-text gallery-caption' id='gallery-1-125686'>\n\t\t\t\tAmbiance, Pal\u00e9o Festival Nyon 2023\n\t\t\t\t<\/figcaption><\/figure><figure class='gallery-item'>\n\t\t\t<div class='gallery-icon landscape'>\n\t\t\t\t<a data-elementor-open-lightbox=\"yes\" data-elementor-lightbox-slideshow=\"5bd6259\" data-e-action-hash=\"#elementor-action%3Aaction%3Dlightbox%26settings%3DeyJpZCI6MTI1Njg3LCJ1cmwiOiJodHRwczpcL1wvd3d3LndhbGxlbmRvcmZmLmNvbVwvYmVsb2d1ZVwvd3AtY29udGVudFwvdXBsb2Fkc1wvMjAyM1wvMDdcLzIwMjMwNzI1LTA1LmpwZyIsInNsaWRlc2hvdyI6IjViZDYyNTkifQ%3D%3D\" href='https:\/\/www.wallendorff.com\/belogue\/wp-content\/uploads\/2023\/07\/20230725-05.jpg'><img loading=\"lazy\" width=\"1170\" height=\"780\" src=\"https:\/\/www.wallendorff.com\/belogue\/wp-content\/uploads\/2023\/07\/20230725-05.jpg\" class=\"attachment-large size-large\" alt=\"\" aria-describedby=\"gallery-1-125687\" decoding=\"async\" srcset=\"https:\/\/www.wallendorff.com\/belogue\/wp-content\/uploads\/2023\/07\/20230725-05.jpg 1170w, https:\/\/www.wallendorff.com\/belogue\/wp-content\/uploads\/2023\/07\/20230725-05-1116x744.jpg 1116w, https:\/\/www.wallendorff.com\/belogue\/wp-content\/uploads\/2023\/07\/20230725-05-806x537.jpg 806w, https:\/\/www.wallendorff.com\/belogue\/wp-content\/uploads\/2023\/07\/20230725-05-558x372.jpg 558w, https:\/\/www.wallendorff.com\/belogue\/wp-content\/uploads\/2023\/07\/20230725-05-655x437.jpg 655w, https:\/\/www.wallendorff.com\/belogue\/wp-content\/uploads\/2023\/07\/20230725-05-820x547.jpg 820w\" sizes=\"(max-width: 1170px) 100vw, 1170px\" \/><\/a>\n\t\t\t<\/div>\n\t\t\t\t<figcaption class='wp-caption-text gallery-caption' id='gallery-1-125687'>\n\t\t\t\tLa Col\u00e8re, Pal\u00e9o Festival Nyon 2023\n\t\t\t\t<\/figcaption><\/figure><figure class='gallery-item'>\n\t\t\t<div class='gallery-icon landscape'>\n\t\t\t\t<a data-elementor-open-lightbox=\"yes\" data-elementor-lightbox-slideshow=\"5bd6259\" data-e-action-hash=\"#elementor-action%3Aaction%3Dlightbox%26settings%3DeyJpZCI6MTI1Njg4LCJ1cmwiOiJodHRwczpcL1wvd3d3LndhbGxlbmRvcmZmLmNvbVwvYmVsb2d1ZVwvd3AtY29udGVudFwvdXBsb2Fkc1wvMjAyM1wvMDdcLzIwMjMwNzI1LTA2LmpwZyIsInNsaWRlc2hvdyI6IjViZDYyNTkifQ%3D%3D\" href='https:\/\/www.wallendorff.com\/belogue\/wp-content\/uploads\/2023\/07\/20230725-06.jpg'><img loading=\"lazy\" width=\"1170\" height=\"780\" src=\"https:\/\/www.wallendorff.com\/belogue\/wp-content\/uploads\/2023\/07\/20230725-06.jpg\" class=\"attachment-large size-large\" alt=\"\" aria-describedby=\"gallery-1-125688\" decoding=\"async\" srcset=\"https:\/\/www.wallendorff.com\/belogue\/wp-content\/uploads\/2023\/07\/20230725-06.jpg 1170w, https:\/\/www.wallendorff.com\/belogue\/wp-content\/uploads\/2023\/07\/20230725-06-1116x744.jpg 1116w, https:\/\/www.wallendorff.com\/belogue\/wp-content\/uploads\/2023\/07\/20230725-06-806x537.jpg 806w, https:\/\/www.wallendorff.com\/belogue\/wp-content\/uploads\/2023\/07\/20230725-06-558x372.jpg 558w, https:\/\/www.wallendorff.com\/belogue\/wp-content\/uploads\/2023\/07\/20230725-06-655x437.jpg 655w, https:\/\/www.wallendorff.com\/belogue\/wp-content\/uploads\/2023\/07\/20230725-06-820x547.jpg 820w\" sizes=\"(max-width: 1170px) 100vw, 1170px\" \/><\/a>\n\t\t\t<\/div>\n\t\t\t\t<figcaption class='wp-caption-text gallery-caption' id='gallery-1-125688'>\n\t\t\t\tAmbiance, Pal\u00e9o Festival Nyon 2023\n\t\t\t\t<\/figcaption><\/figure><figure class='gallery-item'>\n\t\t\t<div class='gallery-icon portrait'>\n\t\t\t\t<a data-elementor-open-lightbox=\"yes\" data-elementor-lightbox-slideshow=\"5bd6259\" data-e-action-hash=\"#elementor-action%3Aaction%3Dlightbox%26settings%3DeyJpZCI6MTI1Njg5LCJ1cmwiOiJodHRwczpcL1wvd3d3LndhbGxlbmRvcmZmLmNvbVwvYmVsb2d1ZVwvd3AtY29udGVudFwvdXBsb2Fkc1wvMjAyM1wvMDdcLzIwMjMwNzI1LTA3LmpwZyIsInNsaWRlc2hvdyI6IjViZDYyNTkifQ%3D%3D\" href='https:\/\/www.wallendorff.com\/belogue\/wp-content\/uploads\/2023\/07\/20230725-07.jpg'><img loading=\"lazy\" width=\"780\" height=\"1170\" src=\"https:\/\/www.wallendorff.com\/belogue\/wp-content\/uploads\/2023\/07\/20230725-07.jpg\" class=\"attachment-large size-large\" alt=\"\" aria-describedby=\"gallery-1-125689\" decoding=\"async\" srcset=\"https:\/\/www.wallendorff.com\/belogue\/wp-content\/uploads\/2023\/07\/20230725-07.jpg 780w, https:\/\/www.wallendorff.com\/belogue\/wp-content\/uploads\/2023\/07\/20230725-07-558x837.jpg 558w, https:\/\/www.wallendorff.com\/belogue\/wp-content\/uploads\/2023\/07\/20230725-07-655x983.jpg 655w\" sizes=\"(max-width: 780px) 100vw, 780px\" \/><\/a>\n\t\t\t<\/div>\n\t\t\t\t<figcaption class='wp-caption-text gallery-caption' id='gallery-1-125689'>\n\t\t\t\tLa Col\u00e8re, Pal\u00e9o Festival Nyon 2023\n\t\t\t\t<\/figcaption><\/figure><figure class='gallery-item'>\n\t\t\t<div class='gallery-icon landscape'>\n\t\t\t\t<a data-elementor-open-lightbox=\"yes\" data-elementor-lightbox-slideshow=\"5bd6259\" data-e-action-hash=\"#elementor-action%3Aaction%3Dlightbox%26settings%3DeyJpZCI6MTI1NjkwLCJ1cmwiOiJodHRwczpcL1wvd3d3LndhbGxlbmRvcmZmLmNvbVwvYmVsb2d1ZVwvd3AtY29udGVudFwvdXBsb2Fkc1wvMjAyM1wvMDdcLzIwMjMwNzI1LTA4LmpwZyIsInNsaWRlc2hvdyI6IjViZDYyNTkifQ%3D%3D\" href='https:\/\/www.wallendorff.com\/belogue\/wp-content\/uploads\/2023\/07\/20230725-08.jpg'><img loading=\"lazy\" width=\"1170\" height=\"780\" src=\"https:\/\/www.wallendorff.com\/belogue\/wp-content\/uploads\/2023\/07\/20230725-08.jpg\" class=\"attachment-large size-large\" alt=\"\" aria-describedby=\"gallery-1-125690\" decoding=\"async\" srcset=\"https:\/\/www.wallendorff.com\/belogue\/wp-content\/uploads\/2023\/07\/20230725-08.jpg 1170w, https:\/\/www.wallendorff.com\/belogue\/wp-content\/uploads\/2023\/07\/20230725-08-1116x744.jpg 1116w, https:\/\/www.wallendorff.com\/belogue\/wp-content\/uploads\/2023\/07\/20230725-08-806x537.jpg 806w, https:\/\/www.wallendorff.com\/belogue\/wp-content\/uploads\/2023\/07\/20230725-08-558x372.jpg 558w, https:\/\/www.wallendorff.com\/belogue\/wp-content\/uploads\/2023\/07\/20230725-08-655x437.jpg 655w, https:\/\/www.wallendorff.com\/belogue\/wp-content\/uploads\/2023\/07\/20230725-08-820x547.jpg 820w\" sizes=\"(max-width: 1170px) 100vw, 1170px\" \/><\/a>\n\t\t\t<\/div>\n\t\t\t\t<figcaption class='wp-caption-text gallery-caption' id='gallery-1-125690'>\n\t\t\t\tAmbiance, Pal\u00e9o Festival Nyon 2023\n\t\t\t\t<\/figcaption><\/figure><figure class='gallery-item'>\n\t\t\t<div class='gallery-icon landscape'>\n\t\t\t\t<a data-elementor-open-lightbox=\"yes\" data-elementor-lightbox-slideshow=\"5bd6259\" data-e-action-hash=\"#elementor-action%3Aaction%3Dlightbox%26settings%3DeyJpZCI6MTI1NjkxLCJ1cmwiOiJodHRwczpcL1wvd3d3LndhbGxlbmRvcmZmLmNvbVwvYmVsb2d1ZVwvd3AtY29udGVudFwvdXBsb2Fkc1wvMjAyM1wvMDdcLzIwMjMwNzI1LTA5LmpwZyIsInNsaWRlc2hvdyI6IjViZDYyNTkifQ%3D%3D\" href='https:\/\/www.wallendorff.com\/belogue\/wp-content\/uploads\/2023\/07\/20230725-09.jpg'><img loading=\"lazy\" width=\"1170\" height=\"780\" src=\"https:\/\/www.wallendorff.com\/belogue\/wp-content\/uploads\/2023\/07\/20230725-09.jpg\" class=\"attachment-large size-large\" alt=\"\" aria-describedby=\"gallery-1-125691\" decoding=\"async\" srcset=\"https:\/\/www.wallendorff.com\/belogue\/wp-content\/uploads\/2023\/07\/20230725-09.jpg 1170w, https:\/\/www.wallendorff.com\/belogue\/wp-content\/uploads\/2023\/07\/20230725-09-1116x744.jpg 1116w, https:\/\/www.wallendorff.com\/belogue\/wp-content\/uploads\/2023\/07\/20230725-09-806x537.jpg 806w, https:\/\/www.wallendorff.com\/belogue\/wp-content\/uploads\/2023\/07\/20230725-09-558x372.jpg 558w, https:\/\/www.wallendorff.com\/belogue\/wp-content\/uploads\/2023\/07\/20230725-09-655x437.jpg 655w, https:\/\/www.wallendorff.com\/belogue\/wp-content\/uploads\/2023\/07\/20230725-09-820x547.jpg 820w\" sizes=\"(max-width: 1170px) 100vw, 1170px\" \/><\/a>\n\t\t\t<\/div>\n\t\t\t\t<figcaption class='wp-caption-text gallery-caption' id='gallery-1-125691'>\n\t\t\t\tAmbiance, Pal\u00e9o Festival Nyon 2023\n\t\t\t\t<\/figcaption><\/figure><figure class='gallery-item'>\n\t\t\t<div class='gallery-icon landscape'>\n\t\t\t\t<a data-elementor-open-lightbox=\"yes\" data-elementor-lightbox-slideshow=\"5bd6259\" data-e-action-hash=\"#elementor-action%3Aaction%3Dlightbox%26settings%3DeyJpZCI6MTI1NjkyLCJ1cmwiOiJodHRwczpcL1wvd3d3LndhbGxlbmRvcmZmLmNvbVwvYmVsb2d1ZVwvd3AtY29udGVudFwvdXBsb2Fkc1wvMjAyM1wvMDdcLzIwMjMwNzI1LTEwLmpwZyIsInNsaWRlc2hvdyI6IjViZDYyNTkifQ%3D%3D\" href='https:\/\/www.wallendorff.com\/belogue\/wp-content\/uploads\/2023\/07\/20230725-10.jpg'><img loading=\"lazy\" width=\"1170\" height=\"780\" src=\"https:\/\/www.wallendorff.com\/belogue\/wp-content\/uploads\/2023\/07\/20230725-10.jpg\" class=\"attachment-large size-large\" alt=\"\" aria-describedby=\"gallery-1-125692\" decoding=\"async\" srcset=\"https:\/\/www.wallendorff.com\/belogue\/wp-content\/uploads\/2023\/07\/20230725-10.jpg 1170w, https:\/\/www.wallendorff.com\/belogue\/wp-content\/uploads\/2023\/07\/20230725-10-1116x744.jpg 1116w, https:\/\/www.wallendorff.com\/belogue\/wp-content\/uploads\/2023\/07\/20230725-10-806x537.jpg 806w, https:\/\/www.wallendorff.com\/belogue\/wp-content\/uploads\/2023\/07\/20230725-10-558x372.jpg 558w, https:\/\/www.wallendorff.com\/belogue\/wp-content\/uploads\/2023\/07\/20230725-10-655x437.jpg 655w, https:\/\/www.wallendorff.com\/belogue\/wp-content\/uploads\/2023\/07\/20230725-10-820x547.jpg 820w\" sizes=\"(max-width: 1170px) 100vw, 1170px\" \/><\/a>\n\t\t\t<\/div>\n\t\t\t\t<figcaption class='wp-caption-text gallery-caption' id='gallery-1-125692'>\n\t\t\t\tRoda do Cavaco, Pal\u00e9o Festival Nyon 2023\n\t\t\t\t<\/figcaption><\/figure><figure class='gallery-item'>\n\t\t\t<div class='gallery-icon landscape'>\n\t\t\t\t<a data-elementor-open-lightbox=\"yes\" data-elementor-lightbox-slideshow=\"5bd6259\" data-e-action-hash=\"#elementor-action%3Aaction%3Dlightbox%26settings%3DeyJpZCI6MTI1NjkzLCJ1cmwiOiJodHRwczpcL1wvd3d3LndhbGxlbmRvcmZmLmNvbVwvYmVsb2d1ZVwvd3AtY29udGVudFwvdXBsb2Fkc1wvMjAyM1wvMDdcLzIwMjMwNzI1LTExLmpwZyIsInNsaWRlc2hvdyI6IjViZDYyNTkifQ%3D%3D\" href='https:\/\/www.wallendorff.com\/belogue\/wp-content\/uploads\/2023\/07\/20230725-11.jpg'><img loading=\"lazy\" width=\"1170\" height=\"780\" src=\"https:\/\/www.wallendorff.com\/belogue\/wp-content\/uploads\/2023\/07\/20230725-11.jpg\" class=\"attachment-large size-large\" alt=\"\" aria-describedby=\"gallery-1-125693\" decoding=\"async\" srcset=\"https:\/\/www.wallendorff.com\/belogue\/wp-content\/uploads\/2023\/07\/20230725-11.jpg 1170w, https:\/\/www.wallendorff.com\/belogue\/wp-content\/uploads\/2023\/07\/20230725-11-1116x744.jpg 1116w, https:\/\/www.wallendorff.com\/belogue\/wp-content\/uploads\/2023\/07\/20230725-11-806x537.jpg 806w, https:\/\/www.wallendorff.com\/belogue\/wp-content\/uploads\/2023\/07\/20230725-11-558x372.jpg 558w, https:\/\/www.wallendorff.com\/belogue\/wp-content\/uploads\/2023\/07\/20230725-11-655x437.jpg 655w, https:\/\/www.wallendorff.com\/belogue\/wp-content\/uploads\/2023\/07\/20230725-11-820x547.jpg 820w\" sizes=\"(max-width: 1170px) 100vw, 1170px\" \/><\/a>\n\t\t\t<\/div>\n\t\t\t\t<figcaption class='wp-caption-text gallery-caption' id='gallery-1-125693'>\n\t\t\t\tAmbiance, Pal\u00e9o Festival Nyon 2023\n\t\t\t\t<\/figcaption><\/figure><figure class='gallery-item'>\n\t\t\t<div class='gallery-icon landscape'>\n\t\t\t\t<a data-elementor-open-lightbox=\"yes\" data-elementor-lightbox-slideshow=\"5bd6259\" data-e-action-hash=\"#elementor-action%3Aaction%3Dlightbox%26settings%3DeyJpZCI6MTI1Njk0LCJ1cmwiOiJodHRwczpcL1wvd3d3LndhbGxlbmRvcmZmLmNvbVwvYmVsb2d1ZVwvd3AtY29udGVudFwvdXBsb2Fkc1wvMjAyM1wvMDdcLzIwMjMwNzI1LTEyLmpwZyIsInNsaWRlc2hvdyI6IjViZDYyNTkifQ%3D%3D\" href='https:\/\/www.wallendorff.com\/belogue\/wp-content\/uploads\/2023\/07\/20230725-12.jpg'><img loading=\"lazy\" width=\"1170\" height=\"780\" src=\"https:\/\/www.wallendorff.com\/belogue\/wp-content\/uploads\/2023\/07\/20230725-12.jpg\" class=\"attachment-large size-large\" alt=\"\" aria-describedby=\"gallery-1-125694\" decoding=\"async\" srcset=\"https:\/\/www.wallendorff.com\/belogue\/wp-content\/uploads\/2023\/07\/20230725-12.jpg 1170w, https:\/\/www.wallendorff.com\/belogue\/wp-content\/uploads\/2023\/07\/20230725-12-1116x744.jpg 1116w, https:\/\/www.wallendorff.com\/belogue\/wp-content\/uploads\/2023\/07\/20230725-12-806x537.jpg 806w, https:\/\/www.wallendorff.com\/belogue\/wp-content\/uploads\/2023\/07\/20230725-12-558x372.jpg 558w, https:\/\/www.wallendorff.com\/belogue\/wp-content\/uploads\/2023\/07\/20230725-12-655x437.jpg 655w, https:\/\/www.wallendorff.com\/belogue\/wp-content\/uploads\/2023\/07\/20230725-12-820x547.jpg 820w\" sizes=\"(max-width: 1170px) 100vw, 1170px\" \/><\/a>\n\t\t\t<\/div>\n\t\t\t\t<figcaption class='wp-caption-text gallery-caption' id='gallery-1-125694'>\n\t\t\t\tAmbiance, Pal\u00e9o Festival Nyon 2023\n\t\t\t\t<\/figcaption><\/figure><figure class='gallery-item'>\n\t\t\t<div class='gallery-icon landscape'>\n\t\t\t\t<a data-elementor-open-lightbox=\"yes\" data-elementor-lightbox-slideshow=\"5bd6259\" data-e-action-hash=\"#elementor-action%3Aaction%3Dlightbox%26settings%3DeyJpZCI6MTI1Njk1LCJ1cmwiOiJodHRwczpcL1wvd3d3LndhbGxlbmRvcmZmLmNvbVwvYmVsb2d1ZVwvd3AtY29udGVudFwvdXBsb2Fkc1wvMjAyM1wvMDdcLzIwMjMwNzI1LTEzLmpwZyIsInNsaWRlc2hvdyI6IjViZDYyNTkifQ%3D%3D\" href='https:\/\/www.wallendorff.com\/belogue\/wp-content\/uploads\/2023\/07\/20230725-13.jpg'><img loading=\"lazy\" width=\"1170\" height=\"780\" src=\"https:\/\/www.wallendorff.com\/belogue\/wp-content\/uploads\/2023\/07\/20230725-13.jpg\" class=\"attachment-large size-large\" alt=\"\" aria-describedby=\"gallery-1-125695\" decoding=\"async\" srcset=\"https:\/\/www.wallendorff.com\/belogue\/wp-content\/uploads\/2023\/07\/20230725-13.jpg 1170w, https:\/\/www.wallendorff.com\/belogue\/wp-content\/uploads\/2023\/07\/20230725-13-1116x744.jpg 1116w, https:\/\/www.wallendorff.com\/belogue\/wp-content\/uploads\/2023\/07\/20230725-13-806x537.jpg 806w, https:\/\/www.wallendorff.com\/belogue\/wp-content\/uploads\/2023\/07\/20230725-13-558x372.jpg 558w, https:\/\/www.wallendorff.com\/belogue\/wp-content\/uploads\/2023\/07\/20230725-13-655x437.jpg 655w, https:\/\/www.wallendorff.com\/belogue\/wp-content\/uploads\/2023\/07\/20230725-13-820x547.jpg 820w\" sizes=\"(max-width: 1170px) 100vw, 1170px\" \/><\/a>\n\t\t\t<\/div>\n\t\t\t\t<figcaption class='wp-caption-text gallery-caption' id='gallery-1-125695'>\n\t\t\t\tAmbiance, Pal\u00e9o Festival Nyon 2023\n\t\t\t\t<\/figcaption><\/figure><figure class='gallery-item'>\n\t\t\t<div class='gallery-icon landscape'>\n\t\t\t\t<a data-elementor-open-lightbox=\"yes\" data-elementor-lightbox-slideshow=\"5bd6259\" data-e-action-hash=\"#elementor-action%3Aaction%3Dlightbox%26settings%3DeyJpZCI6MTI1Njk2LCJ1cmwiOiJodHRwczpcL1wvd3d3LndhbGxlbmRvcmZmLmNvbVwvYmVsb2d1ZVwvd3AtY29udGVudFwvdXBsb2Fkc1wvMjAyM1wvMDdcLzIwMjMwNzI1LTE0LmpwZyIsInNsaWRlc2hvdyI6IjViZDYyNTkifQ%3D%3D\" href='https:\/\/www.wallendorff.com\/belogue\/wp-content\/uploads\/2023\/07\/20230725-14.jpg'><img loading=\"lazy\" width=\"1170\" height=\"780\" src=\"https:\/\/www.wallendorff.com\/belogue\/wp-content\/uploads\/2023\/07\/20230725-14.jpg\" class=\"attachment-large size-large\" alt=\"\" aria-describedby=\"gallery-1-125696\" decoding=\"async\" srcset=\"https:\/\/www.wallendorff.com\/belogue\/wp-content\/uploads\/2023\/07\/20230725-14.jpg 1170w, https:\/\/www.wallendorff.com\/belogue\/wp-content\/uploads\/2023\/07\/20230725-14-1116x744.jpg 1116w, https:\/\/www.wallendorff.com\/belogue\/wp-content\/uploads\/2023\/07\/20230725-14-806x537.jpg 806w, https:\/\/www.wallendorff.com\/belogue\/wp-content\/uploads\/2023\/07\/20230725-14-558x372.jpg 558w, https:\/\/www.wallendorff.com\/belogue\/wp-content\/uploads\/2023\/07\/20230725-14-655x437.jpg 655w, https:\/\/www.wallendorff.com\/belogue\/wp-content\/uploads\/2023\/07\/20230725-14-820x547.jpg 820w\" sizes=\"(max-width: 1170px) 100vw, 1170px\" \/><\/a>\n\t\t\t<\/div>\n\t\t\t\t<figcaption class='wp-caption-text gallery-caption' id='gallery-1-125696'>\n\t\t\t\tAmbiance, Pal\u00e9o Festival Nyon 2023\n\t\t\t\t<\/figcaption><\/figure><figure class='gallery-item'>\n\t\t\t<div class='gallery-icon landscape'>\n\t\t\t\t<a data-elementor-open-lightbox=\"yes\" data-elementor-lightbox-slideshow=\"5bd6259\" data-e-action-hash=\"#elementor-action%3Aaction%3Dlightbox%26settings%3DeyJpZCI6MTI1Njk3LCJ1cmwiOiJodHRwczpcL1wvd3d3LndhbGxlbmRvcmZmLmNvbVwvYmVsb2d1ZVwvd3AtY29udGVudFwvdXBsb2Fkc1wvMjAyM1wvMDdcLzIwMjMwNzI1LTE1LmpwZyIsInNsaWRlc2hvdyI6IjViZDYyNTkifQ%3D%3D\" href='https:\/\/www.wallendorff.com\/belogue\/wp-content\/uploads\/2023\/07\/20230725-15.jpg'><img loading=\"lazy\" width=\"1170\" height=\"780\" src=\"https:\/\/www.wallendorff.com\/belogue\/wp-content\/uploads\/2023\/07\/20230725-15.jpg\" class=\"attachment-large size-large\" alt=\"\" aria-describedby=\"gallery-1-125697\" decoding=\"async\" srcset=\"https:\/\/www.wallendorff.com\/belogue\/wp-content\/uploads\/2023\/07\/20230725-15.jpg 1170w, https:\/\/www.wallendorff.com\/belogue\/wp-content\/uploads\/2023\/07\/20230725-15-1116x744.jpg 1116w, https:\/\/www.wallendorff.com\/belogue\/wp-content\/uploads\/2023\/07\/20230725-15-806x537.jpg 806w, https:\/\/www.wallendorff.com\/belogue\/wp-content\/uploads\/2023\/07\/20230725-15-558x372.jpg 558w, https:\/\/www.wallendorff.com\/belogue\/wp-content\/uploads\/2023\/07\/20230725-15-655x437.jpg 655w, https:\/\/www.wallendorff.com\/belogue\/wp-content\/uploads\/2023\/07\/20230725-15-820x547.jpg 820w\" sizes=\"(max-width: 1170px) 100vw, 1170px\" \/><\/a>\n\t\t\t<\/div>\n\t\t\t\t<figcaption class='wp-caption-text gallery-caption' id='gallery-1-125697'>\n\t\t\t\tAmbiance, Pal\u00e9o Festival Nyon 2023\n\t\t\t\t<\/figcaption><\/figure><figure class='gallery-item'>\n\t\t\t<div class='gallery-icon landscape'>\n\t\t\t\t<a data-elementor-open-lightbox=\"yes\" data-elementor-lightbox-slideshow=\"5bd6259\" data-e-action-hash=\"#elementor-action%3Aaction%3Dlightbox%26settings%3DeyJpZCI6MTI1Njk4LCJ1cmwiOiJodHRwczpcL1wvd3d3LndhbGxlbmRvcmZmLmNvbVwvYmVsb2d1ZVwvd3AtY29udGVudFwvdXBsb2Fkc1wvMjAyM1wvMDdcLzIwMjMwNzI1LTE2LmpwZyIsInNsaWRlc2hvdyI6IjViZDYyNTkifQ%3D%3D\" href='https:\/\/www.wallendorff.com\/belogue\/wp-content\/uploads\/2023\/07\/20230725-16.jpg'><img loading=\"lazy\" width=\"1170\" height=\"780\" src=\"https:\/\/www.wallendorff.com\/belogue\/wp-content\/uploads\/2023\/07\/20230725-16.jpg\" class=\"attachment-large size-large\" alt=\"\" aria-describedby=\"gallery-1-125698\" decoding=\"async\" srcset=\"https:\/\/www.wallendorff.com\/belogue\/wp-content\/uploads\/2023\/07\/20230725-16.jpg 1170w, https:\/\/www.wallendorff.com\/belogue\/wp-content\/uploads\/2023\/07\/20230725-16-1116x744.jpg 1116w, https:\/\/www.wallendorff.com\/belogue\/wp-content\/uploads\/2023\/07\/20230725-16-806x537.jpg 806w, https:\/\/www.wallendorff.com\/belogue\/wp-content\/uploads\/2023\/07\/20230725-16-558x372.jpg 558w, https:\/\/www.wallendorff.com\/belogue\/wp-content\/uploads\/2023\/07\/20230725-16-655x437.jpg 655w, https:\/\/www.wallendorff.com\/belogue\/wp-content\/uploads\/2023\/07\/20230725-16-820x547.jpg 820w\" sizes=\"(max-width: 1170px) 100vw, 1170px\" \/><\/a>\n\t\t\t<\/div>\n\t\t\t\t<figcaption class='wp-caption-text gallery-caption' id='gallery-1-125698'>\n\t\t\t\tDa Cruz, Pal\u00e9o Festival Nyon 2023\n\t\t\t\t<\/figcaption><\/figure><figure class='gallery-item'>\n\t\t\t<div class='gallery-icon landscape'>\n\t\t\t\t<a data-elementor-open-lightbox=\"yes\" data-elementor-lightbox-slideshow=\"5bd6259\" data-e-action-hash=\"#elementor-action%3Aaction%3Dlightbox%26settings%3DeyJpZCI6MTI1Njk5LCJ1cmwiOiJodHRwczpcL1wvd3d3LndhbGxlbmRvcmZmLmNvbVwvYmVsb2d1ZVwvd3AtY29udGVudFwvdXBsb2Fkc1wvMjAyM1wvMDdcLzIwMjMwNzI1LTE3LmpwZyIsInNsaWRlc2hvdyI6IjViZDYyNTkifQ%3D%3D\" href='https:\/\/www.wallendorff.com\/belogue\/wp-content\/uploads\/2023\/07\/20230725-17.jpg'><img loading=\"lazy\" width=\"1170\" height=\"780\" src=\"https:\/\/www.wallendorff.com\/belogue\/wp-content\/uploads\/2023\/07\/20230725-17.jpg\" class=\"attachment-large size-large\" alt=\"\" aria-describedby=\"gallery-1-125699\" decoding=\"async\" srcset=\"https:\/\/www.wallendorff.com\/belogue\/wp-content\/uploads\/2023\/07\/20230725-17.jpg 1170w, https:\/\/www.wallendorff.com\/belogue\/wp-content\/uploads\/2023\/07\/20230725-17-1116x744.jpg 1116w, https:\/\/www.wallendorff.com\/belogue\/wp-content\/uploads\/2023\/07\/20230725-17-806x537.jpg 806w, https:\/\/www.wallendorff.com\/belogue\/wp-content\/uploads\/2023\/07\/20230725-17-558x372.jpg 558w, https:\/\/www.wallendorff.com\/belogue\/wp-content\/uploads\/2023\/07\/20230725-17-655x437.jpg 655w, https:\/\/www.wallendorff.com\/belogue\/wp-content\/uploads\/2023\/07\/20230725-17-820x547.jpg 820w\" sizes=\"(max-width: 1170px) 100vw, 1170px\" \/><\/a>\n\t\t\t<\/div>\n\t\t\t\t<figcaption class='wp-caption-text gallery-caption' id='gallery-1-125699'>\n\t\t\t\tDa Cruz, Pal\u00e9o Festival Nyon 2023\n\t\t\t\t<\/figcaption><\/figure><figure class='gallery-item'>\n\t\t\t<div class='gallery-icon landscape'>\n\t\t\t\t<a data-elementor-open-lightbox=\"yes\" data-elementor-lightbox-slideshow=\"5bd6259\" data-e-action-hash=\"#elementor-action%3Aaction%3Dlightbox%26settings%3DeyJpZCI6MTI1NzAwLCJ1cmwiOiJodHRwczpcL1wvd3d3LndhbGxlbmRvcmZmLmNvbVwvYmVsb2d1ZVwvd3AtY29udGVudFwvdXBsb2Fkc1wvMjAyM1wvMDdcLzIwMjMwNzI1LTE4LmpwZyIsInNsaWRlc2hvdyI6IjViZDYyNTkifQ%3D%3D\" href='https:\/\/www.wallendorff.com\/belogue\/wp-content\/uploads\/2023\/07\/20230725-18.jpg'><img loading=\"lazy\" width=\"1170\" height=\"780\" src=\"https:\/\/www.wallendorff.com\/belogue\/wp-content\/uploads\/2023\/07\/20230725-18.jpg\" class=\"attachment-large size-large\" alt=\"\" aria-describedby=\"gallery-1-125700\" decoding=\"async\" srcset=\"https:\/\/www.wallendorff.com\/belogue\/wp-content\/uploads\/2023\/07\/20230725-18.jpg 1170w, https:\/\/www.wallendorff.com\/belogue\/wp-content\/uploads\/2023\/07\/20230725-18-1116x744.jpg 1116w, https:\/\/www.wallendorff.com\/belogue\/wp-content\/uploads\/2023\/07\/20230725-18-806x537.jpg 806w, https:\/\/www.wallendorff.com\/belogue\/wp-content\/uploads\/2023\/07\/20230725-18-558x372.jpg 558w, https:\/\/www.wallendorff.com\/belogue\/wp-content\/uploads\/2023\/07\/20230725-18-655x437.jpg 655w, https:\/\/www.wallendorff.com\/belogue\/wp-content\/uploads\/2023\/07\/20230725-18-820x547.jpg 820w\" sizes=\"(max-width: 1170px) 100vw, 1170px\" \/><\/a>\n\t\t\t<\/div>\n\t\t\t\t<figcaption class='wp-caption-text gallery-caption' id='gallery-1-125700'>\n\t\t\t\tAmbiance, Pal\u00e9o Festival Nyon 2023\n\t\t\t\t<\/figcaption><\/figure><figure class='gallery-item'>\n\t\t\t<div class='gallery-icon landscape'>\n\t\t\t\t<a data-elementor-open-lightbox=\"yes\" data-elementor-lightbox-slideshow=\"5bd6259\" data-e-action-hash=\"#elementor-action%3Aaction%3Dlightbox%26settings%3DeyJpZCI6MTI1NzAxLCJ1cmwiOiJodHRwczpcL1wvd3d3LndhbGxlbmRvcmZmLmNvbVwvYmVsb2d1ZVwvd3AtY29udGVudFwvdXBsb2Fkc1wvMjAyM1wvMDdcLzIwMjMwNzI1LTE5LmpwZyIsInNsaWRlc2hvdyI6IjViZDYyNTkifQ%3D%3D\" href='https:\/\/www.wallendorff.com\/belogue\/wp-content\/uploads\/2023\/07\/20230725-19.jpg'><img loading=\"lazy\" width=\"1170\" height=\"780\" src=\"https:\/\/www.wallendorff.com\/belogue\/wp-content\/uploads\/2023\/07\/20230725-19.jpg\" class=\"attachment-large size-large\" alt=\"\" aria-describedby=\"gallery-1-125701\" decoding=\"async\" srcset=\"https:\/\/www.wallendorff.com\/belogue\/wp-content\/uploads\/2023\/07\/20230725-19.jpg 1170w, https:\/\/www.wallendorff.com\/belogue\/wp-content\/uploads\/2023\/07\/20230725-19-1116x744.jpg 1116w, https:\/\/www.wallendorff.com\/belogue\/wp-content\/uploads\/2023\/07\/20230725-19-806x537.jpg 806w, https:\/\/www.wallendorff.com\/belogue\/wp-content\/uploads\/2023\/07\/20230725-19-558x372.jpg 558w, https:\/\/www.wallendorff.com\/belogue\/wp-content\/uploads\/2023\/07\/20230725-19-655x437.jpg 655w, https:\/\/www.wallendorff.com\/belogue\/wp-content\/uploads\/2023\/07\/20230725-19-820x547.jpg 820w\" sizes=\"(max-width: 1170px) 100vw, 1170px\" \/><\/a>\n\t\t\t<\/div>\n\t\t\t\t<figcaption class='wp-caption-text gallery-caption' id='gallery-1-125701'>\n\t\t\t\tAmbiance, Pal\u00e9o Festival Nyon 2023\n\t\t\t\t<\/figcaption><\/figure><figure class='gallery-item'>\n\t\t\t<div class='gallery-icon landscape'>\n\t\t\t\t<a data-elementor-open-lightbox=\"yes\" data-elementor-lightbox-slideshow=\"5bd6259\" data-e-action-hash=\"#elementor-action%3Aaction%3Dlightbox%26settings%3DeyJpZCI6MTI1NzAyLCJ1cmwiOiJodHRwczpcL1wvd3d3LndhbGxlbmRvcmZmLmNvbVwvYmVsb2d1ZVwvd3AtY29udGVudFwvdXBsb2Fkc1wvMjAyM1wvMDdcLzIwMjMwNzI1LTIwLmpwZyIsInNsaWRlc2hvdyI6IjViZDYyNTkifQ%3D%3D\" href='https:\/\/www.wallendorff.com\/belogue\/wp-content\/uploads\/2023\/07\/20230725-20.jpg'><img loading=\"lazy\" width=\"1170\" height=\"780\" src=\"https:\/\/www.wallendorff.com\/belogue\/wp-content\/uploads\/2023\/07\/20230725-20.jpg\" class=\"attachment-large size-large\" alt=\"\" aria-describedby=\"gallery-1-125702\" decoding=\"async\" srcset=\"https:\/\/www.wallendorff.com\/belogue\/wp-content\/uploads\/2023\/07\/20230725-20.jpg 1170w, https:\/\/www.wallendorff.com\/belogue\/wp-content\/uploads\/2023\/07\/20230725-20-1116x744.jpg 1116w, https:\/\/www.wallendorff.com\/belogue\/wp-content\/uploads\/2023\/07\/20230725-20-806x537.jpg 806w, https:\/\/www.wallendorff.com\/belogue\/wp-content\/uploads\/2023\/07\/20230725-20-558x372.jpg 558w, https:\/\/www.wallendorff.com\/belogue\/wp-content\/uploads\/2023\/07\/20230725-20-655x437.jpg 655w, https:\/\/www.wallendorff.com\/belogue\/wp-content\/uploads\/2023\/07\/20230725-20-820x547.jpg 820w\" sizes=\"(max-width: 1170px) 100vw, 1170px\" \/><\/a>\n\t\t\t<\/div>\n\t\t\t\t<figcaption class='wp-caption-text gallery-caption' id='gallery-1-125702'>\n\t\t\t\tFranz Ferdinand, Pal\u00e9o Festival Nyon 2023\n\t\t\t\t<\/figcaption><\/figure><figure class='gallery-item'>\n\t\t\t<div class='gallery-icon landscape'>\n\t\t\t\t<a data-elementor-open-lightbox=\"yes\" data-elementor-lightbox-slideshow=\"5bd6259\" data-e-action-hash=\"#elementor-action%3Aaction%3Dlightbox%26settings%3DeyJpZCI6MTI1NzAzLCJ1cmwiOiJodHRwczpcL1wvd3d3LndhbGxlbmRvcmZmLmNvbVwvYmVsb2d1ZVwvd3AtY29udGVudFwvdXBsb2Fkc1wvMjAyM1wvMDdcLzIwMjMwNzI1LTIxLmpwZyIsInNsaWRlc2hvdyI6IjViZDYyNTkifQ%3D%3D\" href='https:\/\/www.wallendorff.com\/belogue\/wp-content\/uploads\/2023\/07\/20230725-21.jpg'><img loading=\"lazy\" width=\"1170\" height=\"780\" src=\"https:\/\/www.wallendorff.com\/belogue\/wp-content\/uploads\/2023\/07\/20230725-21.jpg\" class=\"attachment-large size-large\" alt=\"\" aria-describedby=\"gallery-1-125703\" decoding=\"async\" srcset=\"https:\/\/www.wallendorff.com\/belogue\/wp-content\/uploads\/2023\/07\/20230725-21.jpg 1170w, https:\/\/www.wallendorff.com\/belogue\/wp-content\/uploads\/2023\/07\/20230725-21-1116x744.jpg 1116w, https:\/\/www.wallendorff.com\/belogue\/wp-content\/uploads\/2023\/07\/20230725-21-806x537.jpg 806w, https:\/\/www.wallendorff.com\/belogue\/wp-content\/uploads\/2023\/07\/20230725-21-558x372.jpg 558w, https:\/\/www.wallendorff.com\/belogue\/wp-content\/uploads\/2023\/07\/20230725-21-655x437.jpg 655w, https:\/\/www.wallendorff.com\/belogue\/wp-content\/uploads\/2023\/07\/20230725-21-820x547.jpg 820w\" sizes=\"(max-width: 1170px) 100vw, 1170px\" \/><\/a>\n\t\t\t<\/div>\n\t\t\t\t<figcaption class='wp-caption-text gallery-caption' id='gallery-1-125703'>\n\t\t\t\tAmbiance, Pal\u00e9o Festival Nyon 2023\n\t\t\t\t<\/figcaption><\/figure><figure class='gallery-item'>\n\t\t\t<div class='gallery-icon landscape'>\n\t\t\t\t<a data-elementor-open-lightbox=\"yes\" data-elementor-lightbox-slideshow=\"5bd6259\" data-e-action-hash=\"#elementor-action%3Aaction%3Dlightbox%26settings%3DeyJpZCI6MTI1NzA0LCJ1cmwiOiJodHRwczpcL1wvd3d3LndhbGxlbmRvcmZmLmNvbVwvYmVsb2d1ZVwvd3AtY29udGVudFwvdXBsb2Fkc1wvMjAyM1wvMDdcLzIwMjMwNzI1LTIyLmpwZyIsInNsaWRlc2hvdyI6IjViZDYyNTkifQ%3D%3D\" href='https:\/\/www.wallendorff.com\/belogue\/wp-content\/uploads\/2023\/07\/20230725-22.jpg'><img loading=\"lazy\" width=\"1170\" height=\"780\" src=\"https:\/\/www.wallendorff.com\/belogue\/wp-content\/uploads\/2023\/07\/20230725-22.jpg\" class=\"attachment-large size-large\" alt=\"\" aria-describedby=\"gallery-1-125704\" decoding=\"async\" srcset=\"https:\/\/www.wallendorff.com\/belogue\/wp-content\/uploads\/2023\/07\/20230725-22.jpg 1170w, https:\/\/www.wallendorff.com\/belogue\/wp-content\/uploads\/2023\/07\/20230725-22-1116x744.jpg 1116w, https:\/\/www.wallendorff.com\/belogue\/wp-content\/uploads\/2023\/07\/20230725-22-806x537.jpg 806w, https:\/\/www.wallendorff.com\/belogue\/wp-content\/uploads\/2023\/07\/20230725-22-558x372.jpg 558w, https:\/\/www.wallendorff.com\/belogue\/wp-content\/uploads\/2023\/07\/20230725-22-655x437.jpg 655w, https:\/\/www.wallendorff.com\/belogue\/wp-content\/uploads\/2023\/07\/20230725-22-820x547.jpg 820w\" sizes=\"(max-width: 1170px) 100vw, 1170px\" \/><\/a>\n\t\t\t<\/div>\n\t\t\t\t<figcaption class='wp-caption-text gallery-caption' id='gallery-1-125704'>\n\t\t\t\tFranz Ferdinand, Pal\u00e9o Festival Nyon 2023\n\t\t\t\t<\/figcaption><\/figure><figure class='gallery-item'>\n\t\t\t<div class='gallery-icon landscape'>\n\t\t\t\t<a data-elementor-open-lightbox=\"yes\" data-elementor-lightbox-slideshow=\"5bd6259\" data-e-action-hash=\"#elementor-action%3Aaction%3Dlightbox%26settings%3DeyJpZCI6MTI1NzA1LCJ1cmwiOiJodHRwczpcL1wvd3d3LndhbGxlbmRvcmZmLmNvbVwvYmVsb2d1ZVwvd3AtY29udGVudFwvdXBsb2Fkc1wvMjAyM1wvMDdcLzIwMjMwNzI1LTIzLmpwZyIsInNsaWRlc2hvdyI6IjViZDYyNTkifQ%3D%3D\" href='https:\/\/www.wallendorff.com\/belogue\/wp-content\/uploads\/2023\/07\/20230725-23.jpg'><img loading=\"lazy\" width=\"1170\" height=\"780\" src=\"https:\/\/www.wallendorff.com\/belogue\/wp-content\/uploads\/2023\/07\/20230725-23.jpg\" class=\"attachment-large size-large\" alt=\"\" aria-describedby=\"gallery-1-125705\" decoding=\"async\" srcset=\"https:\/\/www.wallendorff.com\/belogue\/wp-content\/uploads\/2023\/07\/20230725-23.jpg 1170w, https:\/\/www.wallendorff.com\/belogue\/wp-content\/uploads\/2023\/07\/20230725-23-1116x744.jpg 1116w, https:\/\/www.wallendorff.com\/belogue\/wp-content\/uploads\/2023\/07\/20230725-23-806x537.jpg 806w, https:\/\/www.wallendorff.com\/belogue\/wp-content\/uploads\/2023\/07\/20230725-23-558x372.jpg 558w, https:\/\/www.wallendorff.com\/belogue\/wp-content\/uploads\/2023\/07\/20230725-23-655x437.jpg 655w, https:\/\/www.wallendorff.com\/belogue\/wp-content\/uploads\/2023\/07\/20230725-23-820x547.jpg 820w\" sizes=\"(max-width: 1170px) 100vw, 1170px\" \/><\/a>\n\t\t\t<\/div>\n\t\t\t\t<figcaption class='wp-caption-text gallery-caption' id='gallery-1-125705'>\n\t\t\t\tFranz Ferdinand, Pal\u00e9o Festival Nyon 2023\n\t\t\t\t<\/figcaption><\/figure><figure class='gallery-item'>\n\t\t\t<div class='gallery-icon landscape'>\n\t\t\t\t<a data-elementor-open-lightbox=\"yes\" data-elementor-lightbox-slideshow=\"5bd6259\" data-e-action-hash=\"#elementor-action%3Aaction%3Dlightbox%26settings%3DeyJpZCI6MTI1NzA2LCJ1cmwiOiJodHRwczpcL1wvd3d3LndhbGxlbmRvcmZmLmNvbVwvYmVsb2d1ZVwvd3AtY29udGVudFwvdXBsb2Fkc1wvMjAyM1wvMDdcLzIwMjMwNzI1LTI0LmpwZyIsInNsaWRlc2hvdyI6IjViZDYyNTkifQ%3D%3D\" href='https:\/\/www.wallendorff.com\/belogue\/wp-content\/uploads\/2023\/07\/20230725-24.jpg'><img loading=\"lazy\" width=\"1170\" height=\"780\" src=\"https:\/\/www.wallendorff.com\/belogue\/wp-content\/uploads\/2023\/07\/20230725-24.jpg\" class=\"attachment-large size-large\" alt=\"\" aria-describedby=\"gallery-1-125706\" decoding=\"async\" srcset=\"https:\/\/www.wallendorff.com\/belogue\/wp-content\/uploads\/2023\/07\/20230725-24.jpg 1170w, https:\/\/www.wallendorff.com\/belogue\/wp-content\/uploads\/2023\/07\/20230725-24-1116x744.jpg 1116w, https:\/\/www.wallendorff.com\/belogue\/wp-content\/uploads\/2023\/07\/20230725-24-806x537.jpg 806w, https:\/\/www.wallendorff.com\/belogue\/wp-content\/uploads\/2023\/07\/20230725-24-558x372.jpg 558w, https:\/\/www.wallendorff.com\/belogue\/wp-content\/uploads\/2023\/07\/20230725-24-655x437.jpg 655w, https:\/\/www.wallendorff.com\/belogue\/wp-content\/uploads\/2023\/07\/20230725-24-820x547.jpg 820w\" sizes=\"(max-width: 1170px) 100vw, 1170px\" \/><\/a>\n\t\t\t<\/div>\n\t\t\t\t<figcaption class='wp-caption-text gallery-caption' id='gallery-1-125706'>\n\t\t\t\tFranz Ferdinand, Pal\u00e9o Festival Nyon 2023\n\t\t\t\t<\/figcaption><\/figure><figure class='gallery-item'>\n\t\t\t<div class='gallery-icon landscape'>\n\t\t\t\t<a data-elementor-open-lightbox=\"yes\" data-elementor-lightbox-slideshow=\"5bd6259\" data-e-action-hash=\"#elementor-action%3Aaction%3Dlightbox%26settings%3DeyJpZCI6MTI1NzA3LCJ1cmwiOiJodHRwczpcL1wvd3d3LndhbGxlbmRvcmZmLmNvbVwvYmVsb2d1ZVwvd3AtY29udGVudFwvdXBsb2Fkc1wvMjAyM1wvMDdcLzIwMjMwNzI1LTI1LmpwZyIsInNsaWRlc2hvdyI6IjViZDYyNTkifQ%3D%3D\" href='https:\/\/www.wallendorff.com\/belogue\/wp-content\/uploads\/2023\/07\/20230725-25.jpg'><img loading=\"lazy\" width=\"1170\" height=\"780\" src=\"https:\/\/www.wallendorff.com\/belogue\/wp-content\/uploads\/2023\/07\/20230725-25.jpg\" class=\"attachment-large size-large\" alt=\"\" aria-describedby=\"gallery-1-125707\" decoding=\"async\" srcset=\"https:\/\/www.wallendorff.com\/belogue\/wp-content\/uploads\/2023\/07\/20230725-25.jpg 1170w, https:\/\/www.wallendorff.com\/belogue\/wp-content\/uploads\/2023\/07\/20230725-25-1116x744.jpg 1116w, https:\/\/www.wallendorff.com\/belogue\/wp-content\/uploads\/2023\/07\/20230725-25-806x537.jpg 806w, https:\/\/www.wallendorff.com\/belogue\/wp-content\/uploads\/2023\/07\/20230725-25-558x372.jpg 558w, https:\/\/www.wallendorff.com\/belogue\/wp-content\/uploads\/2023\/07\/20230725-25-655x437.jpg 655w, https:\/\/www.wallendorff.com\/belogue\/wp-content\/uploads\/2023\/07\/20230725-25-820x547.jpg 820w\" sizes=\"(max-width: 1170px) 100vw, 1170px\" \/><\/a>\n\t\t\t<\/div>\n\t\t\t\t<figcaption class='wp-caption-text gallery-caption' id='gallery-1-125707'>\n\t\t\t\tFranz Ferdinand, Pal\u00e9o Festival Nyon 2023\n\t\t\t\t<\/figcaption><\/figure><figure class='gallery-item'>\n\t\t\t<div class='gallery-icon landscape'>\n\t\t\t\t<a data-elementor-open-lightbox=\"yes\" data-elementor-lightbox-slideshow=\"5bd6259\" data-e-action-hash=\"#elementor-action%3Aaction%3Dlightbox%26settings%3DeyJpZCI6MTI1NzA4LCJ1cmwiOiJodHRwczpcL1wvd3d3LndhbGxlbmRvcmZmLmNvbVwvYmVsb2d1ZVwvd3AtY29udGVudFwvdXBsb2Fkc1wvMjAyM1wvMDdcLzIwMjMwNzI1LTI2LmpwZyIsInNsaWRlc2hvdyI6IjViZDYyNTkifQ%3D%3D\" href='https:\/\/www.wallendorff.com\/belogue\/wp-content\/uploads\/2023\/07\/20230725-26.jpg'><img loading=\"lazy\" width=\"1170\" height=\"780\" src=\"https:\/\/www.wallendorff.com\/belogue\/wp-content\/uploads\/2023\/07\/20230725-26.jpg\" class=\"attachment-large size-large\" alt=\"\" aria-describedby=\"gallery-1-125708\" decoding=\"async\" srcset=\"https:\/\/www.wallendorff.com\/belogue\/wp-content\/uploads\/2023\/07\/20230725-26.jpg 1170w, https:\/\/www.wallendorff.com\/belogue\/wp-content\/uploads\/2023\/07\/20230725-26-1116x744.jpg 1116w, https:\/\/www.wallendorff.com\/belogue\/wp-content\/uploads\/2023\/07\/20230725-26-806x537.jpg 806w, https:\/\/www.wallendorff.com\/belogue\/wp-content\/uploads\/2023\/07\/20230725-26-558x372.jpg 558w, https:\/\/www.wallendorff.com\/belogue\/wp-content\/uploads\/2023\/07\/20230725-26-655x437.jpg 655w, https:\/\/www.wallendorff.com\/belogue\/wp-content\/uploads\/2023\/07\/20230725-26-820x547.jpg 820w\" sizes=\"(max-width: 1170px) 100vw, 1170px\" \/><\/a>\n\t\t\t<\/div>\n\t\t\t\t<figcaption class='wp-caption-text gallery-caption' id='gallery-1-125708'>\n\t\t\t\tAmbiance, Pal\u00e9o Festival Nyon 2023\n\t\t\t\t<\/figcaption><\/figure><figure class='gallery-item'>\n\t\t\t<div class='gallery-icon portrait'>\n\t\t\t\t<a data-elementor-open-lightbox=\"yes\" data-elementor-lightbox-slideshow=\"5bd6259\" data-e-action-hash=\"#elementor-action%3Aaction%3Dlightbox%26settings%3DeyJpZCI6MTI1NzA5LCJ1cmwiOiJodHRwczpcL1wvd3d3LndhbGxlbmRvcmZmLmNvbVwvYmVsb2d1ZVwvd3AtY29udGVudFwvdXBsb2Fkc1wvMjAyM1wvMDdcLzIwMjMwNzI1LTI3LmpwZyIsInNsaWRlc2hvdyI6IjViZDYyNTkifQ%3D%3D\" href='https:\/\/www.wallendorff.com\/belogue\/wp-content\/uploads\/2023\/07\/20230725-27.jpg'><img loading=\"lazy\" width=\"780\" height=\"1170\" src=\"https:\/\/www.wallendorff.com\/belogue\/wp-content\/uploads\/2023\/07\/20230725-27.jpg\" class=\"attachment-large size-large\" alt=\"\" aria-describedby=\"gallery-1-125709\" decoding=\"async\" srcset=\"https:\/\/www.wallendorff.com\/belogue\/wp-content\/uploads\/2023\/07\/20230725-27.jpg 780w, https:\/\/www.wallendorff.com\/belogue\/wp-content\/uploads\/2023\/07\/20230725-27-558x837.jpg 558w, https:\/\/www.wallendorff.com\/belogue\/wp-content\/uploads\/2023\/07\/20230725-27-655x983.jpg 655w\" sizes=\"(max-width: 780px) 100vw, 780px\" \/><\/a>\n\t\t\t<\/div>\n\t\t\t\t<figcaption class='wp-caption-text gallery-caption' id='gallery-1-125709'>\n\t\t\t\tAmbiance, Pal\u00e9o Festival Nyon 2023\n\t\t\t\t<\/figcaption><\/figure><figure class='gallery-item'>\n\t\t\t<div class='gallery-icon landscape'>\n\t\t\t\t<a data-elementor-open-lightbox=\"yes\" data-elementor-lightbox-slideshow=\"5bd6259\" data-e-action-hash=\"#elementor-action%3Aaction%3Dlightbox%26settings%3DeyJpZCI6MTI1NzEwLCJ1cmwiOiJodHRwczpcL1wvd3d3LndhbGxlbmRvcmZmLmNvbVwvYmVsb2d1ZVwvd3AtY29udGVudFwvdXBsb2Fkc1wvMjAyM1wvMDdcLzIwMjMwNzI1LTI4LmpwZyIsInNsaWRlc2hvdyI6IjViZDYyNTkifQ%3D%3D\" href='https:\/\/www.wallendorff.com\/belogue\/wp-content\/uploads\/2023\/07\/20230725-28.jpg'><img loading=\"lazy\" width=\"1170\" height=\"658\" src=\"https:\/\/www.wallendorff.com\/belogue\/wp-content\/uploads\/2023\/07\/20230725-28.jpg\" class=\"attachment-large size-large\" alt=\"\" aria-describedby=\"gallery-1-125710\" decoding=\"async\" srcset=\"https:\/\/www.wallendorff.com\/belogue\/wp-content\/uploads\/2023\/07\/20230725-28.jpg 1170w, https:\/\/www.wallendorff.com\/belogue\/wp-content\/uploads\/2023\/07\/20230725-28-1116x628.jpg 1116w, https:\/\/www.wallendorff.com\/belogue\/wp-content\/uploads\/2023\/07\/20230725-28-806x453.jpg 806w, https:\/\/www.wallendorff.com\/belogue\/wp-content\/uploads\/2023\/07\/20230725-28-558x314.jpg 558w, https:\/\/www.wallendorff.com\/belogue\/wp-content\/uploads\/2023\/07\/20230725-28-655x368.jpg 655w, https:\/\/www.wallendorff.com\/belogue\/wp-content\/uploads\/2023\/07\/20230725-28-820x461.jpg 820w, https:\/\/www.wallendorff.com\/belogue\/wp-content\/uploads\/2023\/07\/20230725-28-600x337.jpg 600w\" sizes=\"(max-width: 1170px) 100vw, 1170px\" \/><\/a>\n\t\t\t<\/div>\n\t\t\t\t<figcaption class='wp-caption-text gallery-caption' id='gallery-1-125710'>\n\t\t\t\tAmbiance, Pal\u00e9o Festival Nyon 2023\n\t\t\t\t<\/figcaption><\/figure><figure class='gallery-item'>\n\t\t\t<div class='gallery-icon landscape'>\n\t\t\t\t<a data-elementor-open-lightbox=\"yes\" data-elementor-lightbox-slideshow=\"5bd6259\" data-e-action-hash=\"#elementor-action%3Aaction%3Dlightbox%26settings%3DeyJpZCI6MTI1NzExLCJ1cmwiOiJodHRwczpcL1wvd3d3LndhbGxlbmRvcmZmLmNvbVwvYmVsb2d1ZVwvd3AtY29udGVudFwvdXBsb2Fkc1wvMjAyM1wvMDdcLzIwMjMwNzI1LTI5LmpwZyIsInNsaWRlc2hvdyI6IjViZDYyNTkifQ%3D%3D\" href='https:\/\/www.wallendorff.com\/belogue\/wp-content\/uploads\/2023\/07\/20230725-29.jpg'><img loading=\"lazy\" width=\"1170\" height=\"780\" src=\"https:\/\/www.wallendorff.com\/belogue\/wp-content\/uploads\/2023\/07\/20230725-29.jpg\" class=\"attachment-large size-large\" alt=\"\" aria-describedby=\"gallery-1-125711\" decoding=\"async\" srcset=\"https:\/\/www.wallendorff.com\/belogue\/wp-content\/uploads\/2023\/07\/20230725-29.jpg 1170w, https:\/\/www.wallendorff.com\/belogue\/wp-content\/uploads\/2023\/07\/20230725-29-1116x744.jpg 1116w, https:\/\/www.wallendorff.com\/belogue\/wp-content\/uploads\/2023\/07\/20230725-29-806x537.jpg 806w, https:\/\/www.wallendorff.com\/belogue\/wp-content\/uploads\/2023\/07\/20230725-29-558x372.jpg 558w, https:\/\/www.wallendorff.com\/belogue\/wp-content\/uploads\/2023\/07\/20230725-29-655x437.jpg 655w, https:\/\/www.wallendorff.com\/belogue\/wp-content\/uploads\/2023\/07\/20230725-29-820x547.jpg 820w\" sizes=\"(max-width: 1170px) 100vw, 1170px\" \/><\/a>\n\t\t\t<\/div>\n\t\t\t\t<figcaption class='wp-caption-text gallery-caption' id='gallery-1-125711'>\n\t\t\t\tAmbiance, Pal\u00e9o Festival Nyon 2023\n\t\t\t\t<\/figcaption><\/figure><figure class='gallery-item'>\n\t\t\t<div class='gallery-icon landscape'>\n\t\t\t\t<a data-elementor-open-lightbox=\"yes\" data-elementor-lightbox-slideshow=\"5bd6259\" data-e-action-hash=\"#elementor-action%3Aaction%3Dlightbox%26settings%3DeyJpZCI6MTI1NzEyLCJ1cmwiOiJodHRwczpcL1wvd3d3LndhbGxlbmRvcmZmLmNvbVwvYmVsb2d1ZVwvd3AtY29udGVudFwvdXBsb2Fkc1wvMjAyM1wvMDdcLzIwMjMwNzI1LTMwLmpwZyIsInNsaWRlc2hvdyI6IjViZDYyNTkifQ%3D%3D\" href='https:\/\/www.wallendorff.com\/belogue\/wp-content\/uploads\/2023\/07\/20230725-30.jpg'><img loading=\"lazy\" width=\"1170\" height=\"780\" src=\"https:\/\/www.wallendorff.com\/belogue\/wp-content\/uploads\/2023\/07\/20230725-30.jpg\" class=\"attachment-large size-large\" alt=\"\" aria-describedby=\"gallery-1-125712\" decoding=\"async\" srcset=\"https:\/\/www.wallendorff.com\/belogue\/wp-content\/uploads\/2023\/07\/20230725-30.jpg 1170w, https:\/\/www.wallendorff.com\/belogue\/wp-content\/uploads\/2023\/07\/20230725-30-1116x744.jpg 1116w, https:\/\/www.wallendorff.com\/belogue\/wp-content\/uploads\/2023\/07\/20230725-30-806x537.jpg 806w, https:\/\/www.wallendorff.com\/belogue\/wp-content\/uploads\/2023\/07\/20230725-30-558x372.jpg 558w, https:\/\/www.wallendorff.com\/belogue\/wp-content\/uploads\/2023\/07\/20230725-30-655x437.jpg 655w, https:\/\/www.wallendorff.com\/belogue\/wp-content\/uploads\/2023\/07\/20230725-30-820x547.jpg 820w\" sizes=\"(max-width: 1170px) 100vw, 1170px\" \/><\/a>\n\t\t\t<\/div>\n\t\t\t\t<figcaption class='wp-caption-text gallery-caption' id='gallery-1-125712'>\n\t\t\t\tAmbiance, Pal\u00e9o Festival Nyon 2023\n\t\t\t\t<\/figcaption><\/figure>\n\t\t<\/div>\n\t\t<\/div>\n\t\t\t\t\t\t<\/div>\n\t\t\t\t<\/div>\n\t\t\t\t\t<\/div>\n\t\t<\/div>\n\t\t\t\t\t<\/div>\n\t\t<\/section>\n\t\t\t\t<\/div>\n\t\t","protected":false},"excerpt":{"rendered":"<p>Ambiance, Pal\u00e9o Festival Nyon 2023 Ambiance, Pal\u00e9o Festival Nyon 2023 Ambiance, Pal\u00e9o Festival Nyon 2023 Ambiance, Pal\u00e9o Festival Nyon 2023 La Col\u00e8re, Pal\u00e9o Festival Nyon 2023 Ambiance, Pal\u00e9o Festival Nyon 2023 La Col\u00e8re, Pal\u00e9o Festival Nyon 2023 Ambiance, Pal\u00e9o Festival Nyon 2023 Ambiance, Pal\u00e9o Festival Nyon 2023 Roda do Cavaco, Pal\u00e9o Festival Nyon 2023 Ambiance,&hellip;<\/p>\n","protected":false},"author":1,"featured_media":125710,"comment_status":"open","ping_status":"open","sticky":false,"template":"","format":"standard","meta":{"_acf_changed":false,"ngg_post_thumbnail":0,"jetpack_post_was_ever_published":false,"_jetpack_newsletter_access":"","_jetpack_dont_email_post_to_subs":false,"_jetpack_newsletter_tier_id":0,"_jetpack_memberships_contains_paywalled_content":false,"_jetpack_memberships_contains_paid_content":false,"footnotes":"","jetpack_publicize_message":"","jetpack_publicize_feature_enabled":true,"jetpack_social_post_already_shared":true,"jetpack_social_options":{"image_generator_settings":{"template":"highway","default_image_id":0,"font":"","enabled":false},"version":2}},"categories":[7],"tags":[18414,10084,8170,181,18177,18603,18650,18363,10887,18744,10669,10100,18290,18742,10449,1708,18725,18743,14274,10886,10539,18594],"class_list":["post-125680","post","type-post","status-publish","format-standard","has-post-thumbnail","hentry","category-alive","tag-18414","tag-alive","tag-ef-24-70-mm-f2-8l-ii-usm","tag-ef-70-200-mm-f28l-usm","tag-canon-eos-r6","tag-canon-eos-r6-mark-ii","tag-canon-eos-r8","tag-canon-rf-16-mm-f-2-8-stm","tag-canton-de-vaud","tag-da-cruz","tag-feu-dartifice","tag-franz-ferdinand","tag-fujifilm-x-t5","tag-la-colere","tag-nyon","tag-paleo-festival","tag-paleo-festival-2023","tag-roda-do-cavaco","tag-samyang-8-mm-f2-8-umc-fisheye-ii","tag-suisse","tag-theatre","tag-voigtlander-40-mm-f-1-4-ultron-nokton-classic-mc"],"acf":[],"geo":{"latitude":46.4043083,"longitude":6.2068462,"description":"Signy, Canton de Vaud, 1274, CH"},"jetpack_publicize_connections":[],"jetpack_featured_media_url":"https:\/\/www.wallendorff.com\/belogue\/wp-content\/uploads\/2023\/07\/20230725-28.jpg","jetpack_shortlink":"https:\/\/wp.me\/p3b35P-wH6","jetpack_sharing_enabled":true,"jetpack-related-posts":[{"id":129779,"url":"https:\/\/www.wallendorff.com\/belogue\/2024\/07\/30\/paleo-festival-2024-nyon-jour-6\/","url_meta":{"origin":125680,"position":0},"title":"Pal\u00e9o Festival 2024, Nyon, jour 6.","author":"dpc","date":"30 juillet 2024","format":false,"excerpt":"","rel":"","context":"Dans &quot;Alive&quot;","block_context":{"text":"Alive","link":"https:\/\/www.wallendorff.com\/belogue\/category\/alive\/"},"img":{"alt_text":"","src":"https:\/\/i0.wp.com\/www.wallendorff.com\/belogue\/wp-content\/uploads\/2024\/07\/20240729-35.jpg?resize=350%2C200&ssl=1","width":350,"height":200,"srcset":"https:\/\/i0.wp.com\/www.wallendorff.com\/belogue\/wp-content\/uploads\/2024\/07\/20240729-35.jpg?resize=350%2C200&ssl=1 1x, https:\/\/i0.wp.com\/www.wallendorff.com\/belogue\/wp-content\/uploads\/2024\/07\/20240729-35.jpg?resize=525%2C300&ssl=1 1.5x, https:\/\/i0.wp.com\/www.wallendorff.com\/belogue\/wp-content\/uploads\/2024\/07\/20240729-35.jpg?resize=700%2C400&ssl=1 2x, https:\/\/i0.wp.com\/www.wallendorff.com\/belogue\/wp-content\/uploads\/2024\/07\/20240729-35.jpg?resize=1050%2C600&ssl=1 3x"},"classes":[]},{"id":129644,"url":"https:\/\/www.wallendorff.com\/belogue\/2024\/07\/27\/paleo-festival-2024-nyon-jour-4\/","url_meta":{"origin":125680,"position":1},"title":"Pal\u00e9o Festival 2024, Nyon, jour 4.","author":"dpc","date":"27 juillet 2024","format":false,"excerpt":"","rel":"","context":"Dans &quot;Alive&quot;","block_context":{"text":"Alive","link":"https:\/\/www.wallendorff.com\/belogue\/category\/alive\/"},"img":{"alt_text":"","src":"https:\/\/i0.wp.com\/www.wallendorff.com\/belogue\/wp-content\/uploads\/2024\/07\/20240727-27.jpg?resize=350%2C200&ssl=1","width":350,"height":200,"srcset":"https:\/\/i0.wp.com\/www.wallendorff.com\/belogue\/wp-content\/uploads\/2024\/07\/20240727-27.jpg?resize=350%2C200&ssl=1 1x, https:\/\/i0.wp.com\/www.wallendorff.com\/belogue\/wp-content\/uploads\/2024\/07\/20240727-27.jpg?resize=525%2C300&ssl=1 1.5x, https:\/\/i0.wp.com\/www.wallendorff.com\/belogue\/wp-content\/uploads\/2024\/07\/20240727-27.jpg?resize=700%2C400&ssl=1 2x, https:\/\/i0.wp.com\/www.wallendorff.com\/belogue\/wp-content\/uploads\/2024\/07\/20240727-27.jpg?resize=1050%2C600&ssl=1 3x"},"classes":[]},{"id":129697,"url":"https:\/\/www.wallendorff.com\/belogue\/2024\/07\/28\/paleo-festival-2024-nyon-jour-5\/","url_meta":{"origin":125680,"position":2},"title":"Pal\u00e9o Festival 2024, Nyon, jour 5.","author":"dpc","date":"28 juillet 2024","format":false,"excerpt":"","rel":"","context":"Dans &quot;Alive&quot;","block_context":{"text":"Alive","link":"https:\/\/www.wallendorff.com\/belogue\/category\/alive\/"},"img":{"alt_text":"","src":"https:\/\/i0.wp.com\/www.wallendorff.com\/belogue\/wp-content\/uploads\/2024\/07\/20240728-70.jpg?resize=350%2C200&ssl=1","width":350,"height":200,"srcset":"https:\/\/i0.wp.com\/www.wallendorff.com\/belogue\/wp-content\/uploads\/2024\/07\/20240728-70.jpg?resize=350%2C200&ssl=1 1x, https:\/\/i0.wp.com\/www.wallendorff.com\/belogue\/wp-content\/uploads\/2024\/07\/20240728-70.jpg?resize=525%2C300&ssl=1 1.5x, https:\/\/i0.wp.com\/www.wallendorff.com\/belogue\/wp-content\/uploads\/2024\/07\/20240728-70.jpg?resize=700%2C400&ssl=1 2x, https:\/\/i0.wp.com\/www.wallendorff.com\/belogue\/wp-content\/uploads\/2024\/07\/20240728-70.jpg?resize=1050%2C600&ssl=1 3x"},"classes":[]},{"id":129565,"url":"https:\/\/www.wallendorff.com\/belogue\/2024\/07\/26\/paleo-festival-2024-nyon-jour-3\/","url_meta":{"origin":125680,"position":3},"title":"Pal\u00e9o Festival 2024, Nyon, jour 3.","author":"dpc","date":"26 juillet 2024","format":false,"excerpt":"Ambiance, Pal\u00e9o Festival Nyon 2024 Ambiance, Pal\u00e9o Festival Nyon 2024 Ambiance, Pal\u00e9o Festival Nyon 2024 Ambiance, Pal\u00e9o Festival Nyon 2024 Ambiance, Pal\u00e9o Festival Nyon 2024 Ambiance, Pal\u00e9o Festival Nyon 2024 Ambiance, Pal\u00e9o Festival Nyon 2024 Ambiance, Pal\u00e9o Festival Nyon 2024","rel":"","context":"Dans &quot;Alive&quot;","block_context":{"text":"Alive","link":"https:\/\/www.wallendorff.com\/belogue\/category\/alive\/"},"img":{"alt_text":"","src":"https:\/\/i0.wp.com\/www.wallendorff.com\/belogue\/wp-content\/uploads\/2024\/07\/20240726-55.jpg?resize=350%2C200&ssl=1","width":350,"height":200,"srcset":"https:\/\/i0.wp.com\/www.wallendorff.com\/belogue\/wp-content\/uploads\/2024\/07\/20240726-55.jpg?resize=350%2C200&ssl=1 1x, https:\/\/i0.wp.com\/www.wallendorff.com\/belogue\/wp-content\/uploads\/2024\/07\/20240726-55.jpg?resize=525%2C300&ssl=1 1.5x, https:\/\/i0.wp.com\/www.wallendorff.com\/belogue\/wp-content\/uploads\/2024\/07\/20240726-55.jpg?resize=700%2C400&ssl=1 2x, https:\/\/i0.wp.com\/www.wallendorff.com\/belogue\/wp-content\/uploads\/2024\/07\/20240726-55.jpg?resize=1050%2C600&ssl=1 3x"},"classes":[]},{"id":125615,"url":"https:\/\/www.wallendorff.com\/belogue\/2023\/07\/23\/paleo-festival-2023-nyon-jour-5\/","url_meta":{"origin":125680,"position":4},"title":"Pal\u00e9o Festival 2023, Nyon, jour 5.","author":"dpc","date":"23 juillet 2023","format":false,"excerpt":"Ambiance, Pal\u00e9o Festival Nyon 2023 Naomi Lareine, Pal\u00e9o Festival Nyon 2023 Ambiance, Pal\u00e9o Festival Nyon 2023 Naomi Lareine, Pal\u00e9o Festival Nyon 2023 Ambiance, Pal\u00e9o Festival Nyon 2023 Naomi Lareine, Pal\u00e9o Festival Nyon 2023 Ambiance, Pal\u00e9o Festival Nyon 2023 Ambiance, Pal\u00e9o Festival Nyon 2023 Ambiance, Pal\u00e9o Festival Nyon 2023 Ambiance, Pal\u00e9o\u2026","rel":"","context":"Dans &quot;Alive&quot;","block_context":{"text":"Alive","link":"https:\/\/www.wallendorff.com\/belogue\/category\/alive\/"},"img":{"alt_text":"","src":"https:\/\/i0.wp.com\/www.wallendorff.com\/belogue\/wp-content\/uploads\/2023\/07\/20230723-34.jpg?resize=350%2C200&ssl=1","width":350,"height":200,"srcset":"https:\/\/i0.wp.com\/www.wallendorff.com\/belogue\/wp-content\/uploads\/2023\/07\/20230723-34.jpg?resize=350%2C200&ssl=1 1x, https:\/\/i0.wp.com\/www.wallendorff.com\/belogue\/wp-content\/uploads\/2023\/07\/20230723-34.jpg?resize=525%2C300&ssl=1 1.5x, https:\/\/i0.wp.com\/www.wallendorff.com\/belogue\/wp-content\/uploads\/2023\/07\/20230723-34.jpg?resize=700%2C400&ssl=1 2x, https:\/\/i0.wp.com\/www.wallendorff.com\/belogue\/wp-content\/uploads\/2023\/07\/20230723-34.jpg?resize=1050%2C600&ssl=1 3x"},"classes":[]},{"id":125409,"url":"https:\/\/www.wallendorff.com\/belogue\/2023\/07\/20\/paleo-festival-2023-nyon-jour-2\/","url_meta":{"origin":125680,"position":5},"title":"Pal\u00e9o Festival 2023, Nyon, jour 2.","author":"dpc","date":"20 juillet 2023","format":false,"excerpt":"Ambiance, Pal\u00e9o Festival Nyon 2023 Ambiance, Pal\u00e9o Festival Nyon 2023 Ambiance, Pal\u00e9o Festival Nyon 2023 Ambiance, Pal\u00e9o Festival Nyon 2023 Ambiance, Pal\u00e9o Festival Nyon 2023 Ambiance, Pal\u00e9o Festival Nyon 2023 Ambiance, Pal\u00e9o Festival Nyon 2023 Ambiance, Pal\u00e9o Festival Nyon 2023 Ambiance, Pal\u00e9o Festival Nyon 2023 Ambiance, Pal\u00e9o Festival Nyon 2023\u2026","rel":"","context":"Dans &quot;Alive&quot;","block_context":{"text":"Alive","link":"https:\/\/www.wallendorff.com\/belogue\/category\/alive\/"},"img":{"alt_text":"","src":"https:\/\/i0.wp.com\/www.wallendorff.com\/belogue\/wp-content\/uploads\/2023\/07\/20230720-28.jpg?resize=350%2C200&ssl=1","width":350,"height":200,"srcset":"https:\/\/i0.wp.com\/www.wallendorff.com\/belogue\/wp-content\/uploads\/2023\/07\/20230720-28.jpg?resize=350%2C200&ssl=1 1x, https:\/\/i0.wp.com\/www.wallendorff.com\/belogue\/wp-content\/uploads\/2023\/07\/20230720-28.jpg?resize=525%2C300&ssl=1 1.5x, https:\/\/i0.wp.com\/www.wallendorff.com\/belogue\/wp-content\/uploads\/2023\/07\/20230720-28.jpg?resize=700%2C400&ssl=1 2x, https:\/\/i0.wp.com\/www.wallendorff.com\/belogue\/wp-content\/uploads\/2023\/07\/20230720-28.jpg?resize=1050%2C600&ssl=1 3x"},"classes":[]}],"_links":{"self":[{"href":"https:\/\/www.wallendorff.com\/belogue\/wp-json\/wp\/v2\/posts\/125680","targetHints":{"allow":["GET"]}}],"collection":[{"href":"https:\/\/www.wallendorff.com\/belogue\/wp-json\/wp\/v2\/posts"}],"about":[{"href":"https:\/\/www.wallendorff.com\/belogue\/wp-json\/wp\/v2\/types\/post"}],"author":[{"embeddable":true,"href":"https:\/\/www.wallendorff.com\/belogue\/wp-json\/wp\/v2\/users\/1"}],"replies":[{"embeddable":true,"href":"https:\/\/www.wallendorff.com\/belogue\/wp-json\/wp\/v2\/comments?post=125680"}],"version-history":[{"count":5,"href":"https:\/\/www.wallendorff.com\/belogue\/wp-json\/wp\/v2\/posts\/125680\/revisions"}],"predecessor-version":[{"id":125715,"href":"https:\/\/www.wallendorff.com\/belogue\/wp-json\/wp\/v2\/posts\/125680\/revisions\/125715"}],"wp:featuredmedia":[{"embeddable":true,"href":"https:\/\/www.wallendorff.com\/belogue\/wp-json\/wp\/v2\/media\/125710"}],"wp:attachment":[{"href":"https:\/\/www.wallendorff.com\/belogue\/wp-json\/wp\/v2\/media?parent=125680"}],"wp:term":[{"taxonomy":"category","embeddable":true,"href":"https:\/\/www.wallendorff.com\/belogue\/wp-json\/wp\/v2\/categories?post=125680"},{"taxonomy":"post_tag","embeddable":true,"href":"https:\/\/www.wallendorff.com\/belogue\/wp-json\/wp\/v2\/tags?post=125680"}],"curies":[{"name":"wp","href":"https:\/\/api.w.org\/{rel}","templated":true}]}}