{"id":1255,"date":"2008-06-23T10:05:56","date_gmt":"2008-06-23T10:05:56","guid":{"rendered":"http:\/\/www.po-l.com\/wordpress\/?p=1255"},"modified":"2013-10-22T17:05:26","modified_gmt":"2013-10-22T15:05:26","slug":"editors-le-bataclan-paris-7-avril","status":"publish","type":"post","link":"https:\/\/www.wallendorff.com\/belogue\/2008\/06\/23\/editors-le-bataclan-paris-7-avril\/","title":{"rendered":"Editors @ le Bataclan, Paris, 7 avril."},"content":{"rendered":"\n<div id=\"photo\">\n<p><img decoding=\"async\" src=\"https:\/\/www.wallendorff.com\/belogue\/photo\/2008\/06\/20080623.jpg\" \/><\/p>\n<\/p><\/div>\n<div id=\"bandeson\">\n<p><img decoding=\"async\" src=\"https:\/\/www.wallendorff.com\/belogue\/photo\/pochettes\/g\/garbage-version_20.jpg\" align=\"left\" \/>&nbsp;<a href=\"http:\/\/www.garbage.com\/\">Garbage<\/a> &ndash; <em>Special<\/em><\/p>\n<\/div>ngg_shortcode_0_placeholder<p>&nbsp;<\/p>\n","protected":false},"excerpt":{"rendered":"<p>&nbsp;Garbage &ndash; Special &nbsp;<\/p>\n","protected":false},"author":1,"featured_media":25180,"comment_status":"open","ping_status":"open","sticky":false,"template":"","format":"standard","meta":{"_acf_changed":false,"ngg_post_thumbnail":0,"jetpack_post_was_ever_published":false,"_jetpack_newsletter_access":"","_jetpack_dont_email_post_to_subs":false,"_jetpack_newsletter_tier_id":0,"_jetpack_memberships_contains_paywalled_content":false,"_jetpack_memberships_contains_paid_content":false,"footnotes":"","jetpack_publicize_message":"","jetpack_publicize_feature_enabled":true,"jetpack_social_post_already_shared":false,"jetpack_social_options":{"image_generator_settings":{"template":"highway","default_image_id":0,"font":"","enabled":false},"version":2}},"categories":[7],"tags":[203,10183,10084,737,181,187,2422,10337,10120,10213,10121,782,10332,10098,1369],"class_list":["post-1255","post","type-post","status-publish","format-standard","has-post-thumbnail","hentry","category-alive","tag-203","tag-10183","tag-alive","tag-bleu","tag-ef-70-200-mm-f28l-usm","tag-eos-1d-mark-ii","tag-diptyque","tag-editors","tag-france","tag-garbage","tag-ile-de-france","tag-jaune","tag-le-bataclan","tag-paris","tag-special"],"acf":[],"geo":{"latitude":48.8629417,"longitude":2.370445,"description":"1-15 Passage Saint-Pierre Amelot, 75011 Paris, France"},"jetpack_publicize_connections":[],"jetpack_featured_media_url":"https:\/\/www.wallendorff.com\/belogue\/wp-content\/uploads\/2015\/04\/20080623.jpg","jetpack_shortlink":"https:\/\/wp.me\/p3b35P-kf","jetpack_sharing_enabled":true,"jetpack-related-posts":[{"id":134068,"url":"https:\/\/www.wallendorff.com\/belogue\/2025\/10\/16\/the-cat-empire-le-bataclan-paris-14-octobre-2025\/","url_meta":{"origin":1255,"position":0},"title":"The Cat Empire @ le Bataclan, Paris, 14 octobre 2025.","author":"dpc","date":"16 octobre 2025","format":false,"excerpt":"The Cat Empire @ le Bataclan, Paris, 14\/10\/2025 The Cat Empire @ le Bataclan, Paris, 14\/10\/2025 The Cat Empire @ le Bataclan, Paris, 14\/10\/2025 The Cat Empire @ le Bataclan, Paris, 14\/10\/2025 The Cat Empire @ le Bataclan, Paris, 14\/10\/2025 The Cat Empire @ le Bataclan, Paris, 14\/10\/2025 The Cat\u2026","rel":"","context":"Dans &quot;Alive&quot;","block_context":{"text":"Alive","link":"https:\/\/www.wallendorff.com\/belogue\/category\/alive\/"},"img":{"alt_text":"","src":"https:\/\/i0.wp.com\/www.wallendorff.com\/belogue\/wp-content\/uploads\/2025\/10\/20251016-12.jpg?resize=350%2C200&ssl=1","width":350,"height":200,"srcset":"https:\/\/i0.wp.com\/www.wallendorff.com\/belogue\/wp-content\/uploads\/2025\/10\/20251016-12.jpg?resize=350%2C200&ssl=1 1x, https:\/\/i0.wp.com\/www.wallendorff.com\/belogue\/wp-content\/uploads\/2025\/10\/20251016-12.jpg?resize=525%2C300&ssl=1 1.5x, https:\/\/i0.wp.com\/www.wallendorff.com\/belogue\/wp-content\/uploads\/2025\/10\/20251016-12.jpg?resize=700%2C400&ssl=1 2x, https:\/\/i0.wp.com\/www.wallendorff.com\/belogue\/wp-content\/uploads\/2025\/10\/20251016-12.jpg?resize=1050%2C600&ssl=1 3x"},"classes":[]},{"id":130445,"url":"https:\/\/www.wallendorff.com\/belogue\/2024\/08\/31\/flogging-molly-le-bataclan-paris-27-aout-2024\/","url_meta":{"origin":1255,"position":1},"title":"Flogging Molly @ le Bataclan, Paris, 27 ao\u00fbt 2024.","author":"dpc","date":"31 ao\u00fbt 2024","format":false,"excerpt":"Drunken Lullabies | The Hand of John L. Sullivan | Swagger | (Try) Keep the Man Down | Whistles the Wind | Life in a Tenement Square | A Song of Liberty | Tobacco Island | The Croppy Boy '98 | Float | Saints & Sinners | Rebels of the\u2026","rel":"","context":"Dans &quot;Alive&quot;","block_context":{"text":"Alive","link":"https:\/\/www.wallendorff.com\/belogue\/category\/alive\/"},"img":{"alt_text":"","src":"https:\/\/i0.wp.com\/www.wallendorff.com\/belogue\/wp-content\/uploads\/2024\/08\/20240830-26.jpg?resize=350%2C200&ssl=1","width":350,"height":200,"srcset":"https:\/\/i0.wp.com\/www.wallendorff.com\/belogue\/wp-content\/uploads\/2024\/08\/20240830-26.jpg?resize=350%2C200&ssl=1 1x, https:\/\/i0.wp.com\/www.wallendorff.com\/belogue\/wp-content\/uploads\/2024\/08\/20240830-26.jpg?resize=525%2C300&ssl=1 1.5x, https:\/\/i0.wp.com\/www.wallendorff.com\/belogue\/wp-content\/uploads\/2024\/08\/20240830-26.jpg?resize=700%2C400&ssl=1 2x, https:\/\/i0.wp.com\/www.wallendorff.com\/belogue\/wp-content\/uploads\/2024\/08\/20240830-26.jpg?resize=1050%2C600&ssl=1 3x"},"classes":[]},{"id":983,"url":"https:\/\/www.wallendorff.com\/belogue\/2007\/06\/27\/kings-of-leon-le-bataclan-paris\/","url_meta":{"origin":1255,"position":2},"title":"Kings of Leon @ le Bataclan, Paris.","author":"dpc","date":"27 juin 2007","format":false,"excerpt":"\u00catre rock en 2007, c'est prendre son pied en concert. Ou ceux des autres, \u00e0 d\u00e9faut. Interpol. Le Z\u00e9nith. Paris. 21 novembre. \u00c7a me rappelle quelque chose, tiens. \u00a0Editors \u2013 Smokers Outside the Hospital Doors","rel":"","context":"Dans &quot;Alive&quot;","block_context":{"text":"Alive","link":"https:\/\/www.wallendorff.com\/belogue\/category\/alive\/"},"img":{"alt_text":"","src":"https:\/\/i0.wp.com\/www.wallendorff.com\/belogue\/wp-content\/uploads\/2015\/04\/200706271.jpg?resize=350%2C200&ssl=1","width":350,"height":200,"srcset":"https:\/\/i0.wp.com\/www.wallendorff.com\/belogue\/wp-content\/uploads\/2015\/04\/200706271.jpg?resize=350%2C200&ssl=1 1x, https:\/\/i0.wp.com\/www.wallendorff.com\/belogue\/wp-content\/uploads\/2015\/04\/200706271.jpg?resize=525%2C300&ssl=1 1.5x, https:\/\/i0.wp.com\/www.wallendorff.com\/belogue\/wp-content\/uploads\/2015\/04\/200706271.jpg?resize=700%2C400&ssl=1 2x"},"classes":[]},{"id":134398,"url":"https:\/\/www.wallendorff.com\/belogue\/2025\/11\/14\/dix\/","url_meta":{"origin":1255,"position":3},"title":"Dix.","author":"dpc","date":"14 novembre 2025","format":false,"excerpt":"Paris, 2015 \u2013 2024. \u00c0 P.A.,Au 131 autres morts,Aux milliers de victimes.","rel":"","context":"Dans &quot;DPC&quot;","block_context":{"text":"DPC","link":"https:\/\/www.wallendorff.com\/belogue\/category\/dpc\/"},"img":{"alt_text":"","src":"https:\/\/i0.wp.com\/www.wallendorff.com\/belogue\/wp-content\/uploads\/2025\/11\/20251114-26.jpg?resize=350%2C200&ssl=1","width":350,"height":200,"srcset":"https:\/\/i0.wp.com\/www.wallendorff.com\/belogue\/wp-content\/uploads\/2025\/11\/20251114-26.jpg?resize=350%2C200&ssl=1 1x, https:\/\/i0.wp.com\/www.wallendorff.com\/belogue\/wp-content\/uploads\/2025\/11\/20251114-26.jpg?resize=525%2C300&ssl=1 1.5x, https:\/\/i0.wp.com\/www.wallendorff.com\/belogue\/wp-content\/uploads\/2025\/11\/20251114-26.jpg?resize=700%2C400&ssl=1 2x, https:\/\/i0.wp.com\/www.wallendorff.com\/belogue\/wp-content\/uploads\/2025\/11\/20251114-26.jpg?resize=1050%2C600&ssl=1 3x"},"classes":[]},{"id":128393,"url":"https:\/\/www.wallendorff.com\/belogue\/2024\/06\/16\/cetait-2008\/","url_meta":{"origin":1255,"position":4},"title":"C&rsquo;\u00e9tait 2008.","author":"dpc","date":"16 juin 2024","format":false,"excerpt":"2008, fin de cycles. KillerPilze @ le Trabendo, Paris, 12 janvier 2008. Linkin Park @ le Galaxie, Amn\u00e9ville, 17 janvier 2008. Paris, 27 janvier 2008. Mademoiselle K @ studios Jet, Bruxelles, 16 f\u00e9vrier 2008. Londres, 18 f\u00e9vrier 2008. Amsterdam, 2 avril 2008. Editors @ le Bataclan, Paris, 07 avril 2008\u2026","rel":"","context":"Dans &quot;DPC&quot;","block_context":{"text":"DPC","link":"https:\/\/www.wallendorff.com\/belogue\/category\/dpc\/"},"img":{"alt_text":"","src":"https:\/\/i0.wp.com\/www.wallendorff.com\/belogue\/wp-content\/uploads\/2024\/06\/20240616-04.jpg?resize=350%2C200&ssl=1","width":350,"height":200,"srcset":"https:\/\/i0.wp.com\/www.wallendorff.com\/belogue\/wp-content\/uploads\/2024\/06\/20240616-04.jpg?resize=350%2C200&ssl=1 1x, https:\/\/i0.wp.com\/www.wallendorff.com\/belogue\/wp-content\/uploads\/2024\/06\/20240616-04.jpg?resize=525%2C300&ssl=1 1.5x, https:\/\/i0.wp.com\/www.wallendorff.com\/belogue\/wp-content\/uploads\/2024\/06\/20240616-04.jpg?resize=700%2C400&ssl=1 2x, https:\/\/i0.wp.com\/www.wallendorff.com\/belogue\/wp-content\/uploads\/2024\/06\/20240616-04.jpg?resize=1050%2C600&ssl=1 3x"},"classes":[]},{"id":1200,"url":"https:\/\/www.wallendorff.com\/belogue\/2008\/04\/08\/editors-le-bataclan-paris\/","url_meta":{"origin":1255,"position":5},"title":"Editors @ le Bataclan, Paris.","author":"dpc","date":"8 avril 2008","format":false,"excerpt":"Camera | An End Has a Start | Blood | Bullets | The Weight of the World | Escape the Nest | Lights | When Anger Shows | Banging Heads | Lullaby (The Cure) | All Sparks | Munich | Push Your Head Towards the Air | Bones | Fingers\u2026","rel":"","context":"Dans &quot;Alive&quot;","block_context":{"text":"Alive","link":"https:\/\/www.wallendorff.com\/belogue\/category\/alive\/"},"img":{"alt_text":"","src":"https:\/\/i0.wp.com\/www.wallendorff.com\/belogue\/wp-content\/uploads\/2015\/04\/200804081.jpg?resize=350%2C200&ssl=1","width":350,"height":200,"srcset":"https:\/\/i0.wp.com\/www.wallendorff.com\/belogue\/wp-content\/uploads\/2015\/04\/200804081.jpg?resize=350%2C200&ssl=1 1x, https:\/\/i0.wp.com\/www.wallendorff.com\/belogue\/wp-content\/uploads\/2015\/04\/200804081.jpg?resize=525%2C300&ssl=1 1.5x, https:\/\/i0.wp.com\/www.wallendorff.com\/belogue\/wp-content\/uploads\/2015\/04\/200804081.jpg?resize=700%2C400&ssl=1 2x"},"classes":[]}],"_links":{"self":[{"href":"https:\/\/www.wallendorff.com\/belogue\/wp-json\/wp\/v2\/posts\/1255","targetHints":{"allow":["GET"]}}],"collection":[{"href":"https:\/\/www.wallendorff.com\/belogue\/wp-json\/wp\/v2\/posts"}],"about":[{"href":"https:\/\/www.wallendorff.com\/belogue\/wp-json\/wp\/v2\/types\/post"}],"author":[{"embeddable":true,"href":"https:\/\/www.wallendorff.com\/belogue\/wp-json\/wp\/v2\/users\/1"}],"replies":[{"embeddable":true,"href":"https:\/\/www.wallendorff.com\/belogue\/wp-json\/wp\/v2\/comments?post=1255"}],"version-history":[{"count":4,"href":"https:\/\/www.wallendorff.com\/belogue\/wp-json\/wp\/v2\/posts\/1255\/revisions"}],"predecessor-version":[{"id":21847,"href":"https:\/\/www.wallendorff.com\/belogue\/wp-json\/wp\/v2\/posts\/1255\/revisions\/21847"}],"wp:featuredmedia":[{"embeddable":true,"href":"https:\/\/www.wallendorff.com\/belogue\/wp-json\/wp\/v2\/media\/25180"}],"wp:attachment":[{"href":"https:\/\/www.wallendorff.com\/belogue\/wp-json\/wp\/v2\/media?parent=1255"}],"wp:term":[{"taxonomy":"category","embeddable":true,"href":"https:\/\/www.wallendorff.com\/belogue\/wp-json\/wp\/v2\/categories?post=1255"},{"taxonomy":"post_tag","embeddable":true,"href":"https:\/\/www.wallendorff.com\/belogue\/wp-json\/wp\/v2\/tags?post=1255"}],"curies":[{"name":"wp","href":"https:\/\/api.w.org\/{rel}","templated":true}]}}