{"id":12546,"date":"2011-04-07T10:29:22","date_gmt":"2011-04-07T08:29:22","guid":{"rendered":"http:\/\/www.po-l.com\/belogue\/?p=12546"},"modified":"2012-02-19T18:07:47","modified_gmt":"2012-02-19T16:07:47","slug":"the-kills-s-c-u-m-le-bataclan-paris","status":"publish","type":"post","link":"https:\/\/www.wallendorff.com\/belogue\/2011\/04\/07\/the-kills-s-c-u-m-le-bataclan-paris\/","title":{"rendered":"The Kills + S.C.U.M @ le Bataclan, Paris."},"content":{"rendered":"\n<div id=\"photo\">\n<p><img decoding=\"async\" src=\"https:\/\/www.wallendorff.com\/belogue\/photo\/2011\/04\/20110407.jpg\" \/><\/p>\n<\/p><\/div>\n<div id=\"setlist\">\n<p><em>No Wow<\/em> | <em>Future Starts Slow<\/em> | <em>Heart Is a Beating Drum<\/em> | <em>Kissy Kissy<\/em> | <em>U.R.A. Fever<\/em> | <em>DNA<\/em> | <em>Satellite<\/em> | <em>Tape Song<\/em> | <em>Baby Says<\/em> | <em>You Don&rsquo;t Own the Road<\/em> | <em>Sour Cherry<\/em> || <em>The Last Goodbye<\/em> | <em>Pots and Pans<\/em> | <em>Fried My Little Brains<\/em><\/p>\n<\/div>\n<p>Il y a des choses dans la vie auxquelles il faut s&rsquo;habituer&nbsp;: le Bataclan chang&eacute; en sauna d&egrave;s qu&rsquo;on arrive en avril, l&rsquo;augmentation du public branchouille dans l&rsquo;audience des Kills, ce gars touffu, toujours le m&ecirc;me, qui monte sur sc&egrave;ne pour essayer de rouler des pelles &agrave; Mosshart &agrave; chaque fois qu&rsquo;elle passe &agrave; Paris<sup>1<\/sup> et ce nouvel album. Quoique ce sera facile de s&rsquo;habituer &agrave; ce nouvel album. Le seul reproche qu&rsquo;on pourrait lui faire, &agrave; cet album, c&rsquo;est de squatter la setlist au point que des <em>Fuck the People<\/em> et des <em>Cheap and Cheerful<\/em> s&rsquo;en trouvent &eacute;vinc&eacute;s. C&rsquo;est vrai qu&rsquo;il est difficile de caser 25 morceaux dans un set de 75 minutes [soit 0,38&nbsp;&euro;\/min], HEIN&nbsp;?<\/p>\n<p>Mais bon, il serait gonfl&eacute; de se plaindre. On est content de les retrouver, <em>Blood Pressures<\/em> est &agrave; la hauteur et la formule est toujours aussi efficace sur sc&egrave;ne, m&ecirc;me si les milieux concern&eacute;s s&rsquo;autorisent &agrave; penser que la pr&eacute;sence de Kate Moss dans le public ne soit pas \u00e9trang\u00e8re \u00e0 la soudaine baisse du nombre de coll&eacute;s-serr&eacute;s sauvages qui faisaient le charme lubrique du duo<sup>2<\/sup>. Jusqu&rsquo;ici, tout va bien, et comme le dit Alison Mosshart dans son <em>The Last Goodbye<\/em> tout mi&egrave;vre&nbsp;:<\/p>\n<p style=\"text-align:center\">&laquo;&nbsp;I have no regret for the pastis behind me.&nbsp;&raquo;<\/p>\n<p style=\"text-align:right\">Enfin, seulement si j&rsquo;ai bien compris.<\/p>\n<p>[Oh puis allez, avant de vous laissez avec les autres photos, je vous remets celle des Kilts que j&rsquo;avais bricol&eacute;e en 2008 pour me consoler d&rsquo;avoir loup&eacute; leur  Bataclan pr&eacute;c&eacute;dent parce qu&rsquo;elle me fait toujours autant lolire&nbsp;:]<\/p>\n<div id=\"photo2\">\n<p><img decoding=\"async\" src=\"https:\/\/www.wallendorff.com\/belogue\/photo\/2008\/10\/20081029.jpg\" \/><\/p>\n<\/p><\/div>\n<div id=\"bandeson\">\n<p><img decoding=\"async\" src=\"https:\/\/www.wallendorff.com\/belogue\/photo\/pochettes\/k\/kills_the-blood_pressures.jpg\" align=\"left\">&nbsp;<a href=\"http:\/\/www.thekills.tv\" >The Kills<\/a> &mdash; <em>Heart Is a Beating Drum<\/em><\/p>\n<\/p><\/div>\n<h1>S.C.U.M<\/h1>ngg_shortcode_0_placeholder<h1>The Kills<\/h1>ngg_shortcode_1_placeholder<div id=\"bas_note\">\n<p>_____ <\/p>\n<p><sup>1<\/sup> Ou au moins lors de la <a href=\"https:\/\/www.wallendorff.com\/belogue\/2009\/06\/30\/the-dead-weather-la-cigale-paris\/\">Cigale<\/a> et du <a href=\"https:\/\/www.wallendorff.com\/belogue\/2010\/07\/01\/the-dead-weather-le-bataclan-paris\/\">Bataclan<\/a> du D&egrave;de W&eacute;z&egrave;re. Je ne sais plus s&rsquo;il l&rsquo;avait aussi fait &agrave; l&rsquo;<a href=\"https:\/\/www.wallendorff.com\/belogue\/2009\/10\/29\/the-dead-weather-creature-with-the-atom-brain-lolympia-paris\/\">Olympia<\/a> ou bien.<\/p>\n<p><sup>2<\/sup> Je parle super-bien le TF1.<\/p>\n<\/p><\/div>\n","protected":false},"excerpt":{"rendered":"<p>No Wow | Future Starts Slow | Heart Is a Beating Drum | Kissy Kissy | U.R.A. Fever | DNA | Satellite | Tape Song | Baby Says | You Don&rsquo;t Own the Road | Sour Cherry || The Last Goodbye | Pots and Pans | Fried My Little Brains Il y a des choses&hellip;<\/p>\n","protected":false},"author":1,"featured_media":26154,"comment_status":"open","ping_status":"open","sticky":false,"template":"","format":"standard","meta":{"_acf_changed":false,"ngg_post_thumbnail":0,"jetpack_post_was_ever_published":false,"_jetpack_newsletter_access":"","_jetpack_dont_email_post_to_subs":false,"_jetpack_newsletter_tier_id":0,"_jetpack_memberships_contains_paywalled_content":false,"_jetpack_memberships_contains_paid_content":false,"footnotes":"","jetpack_publicize_message":"","jetpack_publicize_feature_enabled":true,"jetpack_social_post_already_shared":false,"jetpack_social_options":{"image_generator_settings":{"template":"highway","default_image_id":0,"font":"","enabled":false},"version":2}},"categories":[7],"tags":[10840,10084,4673,2571,196,181,2615,1243,10120,4803,10121,10332,10098,10873,10212],"class_list":["post-12546","post","type-post","status-publish","format-standard","has-post-thumbnail","hentry","category-alive","tag-10840","tag-alive","tag-blood-pressures","tag-ef-16-35-mm-f28l-ii-usm","tag-ef-28-70-mm-f28l-usm","tag-ef-70-200-mm-f28l-usm","tag-eos-5d-mark-ii","tag-carre","tag-france","tag-heart-is-a-beating-drum","tag-ile-de-france","tag-le-bataclan","tag-paris","tag-s-c-u-m","tag-the-kills"],"acf":[],"geo":{"latitude":48.8629417,"longitude":2.370445,"description":"1-15 Passage Saint-Pierre Amelot, 75011 Paris, France"},"jetpack_publicize_connections":[],"jetpack_featured_media_url":"https:\/\/www.wallendorff.com\/belogue\/wp-content\/uploads\/2015\/04\/201104071.jpg","jetpack_shortlink":"https:\/\/wp.me\/p3b35P-3gm","jetpack_sharing_enabled":true,"jetpack-related-posts":[{"id":134068,"url":"https:\/\/www.wallendorff.com\/belogue\/2025\/10\/16\/the-cat-empire-le-bataclan-paris-14-octobre-2025\/","url_meta":{"origin":12546,"position":0},"title":"The Cat Empire @ le Bataclan, Paris, 14 octobre 2025.","author":"dpc","date":"16 octobre 2025","format":false,"excerpt":"The Cat Empire @ le Bataclan, Paris, 14\/10\/2025 The Cat Empire @ le Bataclan, Paris, 14\/10\/2025 The Cat Empire @ le Bataclan, Paris, 14\/10\/2025 The Cat Empire @ le Bataclan, Paris, 14\/10\/2025 The Cat Empire @ le Bataclan, Paris, 14\/10\/2025 The Cat Empire @ le Bataclan, Paris, 14\/10\/2025 The Cat\u2026","rel":"","context":"Dans &quot;Alive&quot;","block_context":{"text":"Alive","link":"https:\/\/www.wallendorff.com\/belogue\/category\/alive\/"},"img":{"alt_text":"","src":"https:\/\/i0.wp.com\/www.wallendorff.com\/belogue\/wp-content\/uploads\/2025\/10\/20251016-12.jpg?resize=350%2C200&ssl=1","width":350,"height":200,"srcset":"https:\/\/i0.wp.com\/www.wallendorff.com\/belogue\/wp-content\/uploads\/2025\/10\/20251016-12.jpg?resize=350%2C200&ssl=1 1x, https:\/\/i0.wp.com\/www.wallendorff.com\/belogue\/wp-content\/uploads\/2025\/10\/20251016-12.jpg?resize=525%2C300&ssl=1 1.5x, https:\/\/i0.wp.com\/www.wallendorff.com\/belogue\/wp-content\/uploads\/2025\/10\/20251016-12.jpg?resize=700%2C400&ssl=1 2x, https:\/\/i0.wp.com\/www.wallendorff.com\/belogue\/wp-content\/uploads\/2025\/10\/20251016-12.jpg?resize=1050%2C600&ssl=1 3x"},"classes":[]},{"id":1221,"url":"https:\/\/www.wallendorff.com\/belogue\/2008\/05\/06\/killerpilze-ilis-paris-3-4-fvrier\/","url_meta":{"origin":12546,"position":1},"title":"KillerPilze + Ilis, Paris, 3-4 f\u00e9vrier.","author":"dpc","date":"6 mai 2008","format":false,"excerpt":"Le Trabendo, 3 f\u00e9vrier. Le Bataclan, 4 f\u00e9vrier Ilis KillerPilze Histoire de raviver nos mots-cl\u00e9s. Remettons-nous de cette d\u00e9bauche germano-rocko-graphique gr\u00e2ce aux Dandy Warhols, leur salutaire nouvel album \u00e0 para\u00eetre dans 13 jours et le MP3 cadeau qu'ils offrent sur leur site. Joie. \u00a0The Dandy Warhols \u2013 The World the\u2026","rel":"","context":"Dans &quot;Alive&quot;","block_context":{"text":"Alive","link":"https:\/\/www.wallendorff.com\/belogue\/category\/alive\/"},"img":{"alt_text":"","src":"https:\/\/i0.wp.com\/www.wallendorff.com\/belogue\/wp-content\/uploads\/2015\/04\/200805061.jpg?resize=350%2C200&ssl=1","width":350,"height":200,"srcset":"https:\/\/i0.wp.com\/www.wallendorff.com\/belogue\/wp-content\/uploads\/2015\/04\/200805061.jpg?resize=350%2C200&ssl=1 1x, https:\/\/i0.wp.com\/www.wallendorff.com\/belogue\/wp-content\/uploads\/2015\/04\/200805061.jpg?resize=525%2C300&ssl=1 1.5x, https:\/\/i0.wp.com\/www.wallendorff.com\/belogue\/wp-content\/uploads\/2015\/04\/200805061.jpg?resize=700%2C400&ssl=1 2x"},"classes":[]},{"id":33049,"url":"https:\/\/www.wallendorff.com\/belogue\/2016\/11\/22\/tinariwen-serotones-the-lemon-twigs-le-bataclan-paris\/","url_meta":{"origin":12546,"position":2},"title":"Tinariwen + Serotones + The Lemon Twigs @ le Bataclan, Paris.","author":"dpc","date":"22 novembre 2016","format":false,"excerpt":"The Lemon Twigs Serotones Tinariwen","rel":"","context":"Dans &quot;Alive&quot;","block_context":{"text":"Alive","link":"https:\/\/www.wallendorff.com\/belogue\/category\/alive\/"},"img":{"alt_text":"","src":"https:\/\/i0.wp.com\/www.wallendorff.com\/belogue\/wp-content\/uploads\/2016\/11\/20161122-20-1.jpg?resize=350%2C200&ssl=1","width":350,"height":200,"srcset":"https:\/\/i0.wp.com\/www.wallendorff.com\/belogue\/wp-content\/uploads\/2016\/11\/20161122-20-1.jpg?resize=350%2C200&ssl=1 1x, https:\/\/i0.wp.com\/www.wallendorff.com\/belogue\/wp-content\/uploads\/2016\/11\/20161122-20-1.jpg?resize=525%2C300&ssl=1 1.5x, https:\/\/i0.wp.com\/www.wallendorff.com\/belogue\/wp-content\/uploads\/2016\/11\/20161122-20-1.jpg?resize=700%2C400&ssl=1 2x"},"classes":[]},{"id":130445,"url":"https:\/\/www.wallendorff.com\/belogue\/2024\/08\/31\/flogging-molly-le-bataclan-paris-27-aout-2024\/","url_meta":{"origin":12546,"position":3},"title":"Flogging Molly @ le Bataclan, Paris, 27 ao\u00fbt 2024.","author":"dpc","date":"31 ao\u00fbt 2024","format":false,"excerpt":"Drunken Lullabies | The Hand of John L. Sullivan | Swagger | (Try) Keep the Man Down | Whistles the Wind | Life in a Tenement Square | A Song of Liberty | Tobacco Island | The Croppy Boy '98 | Float | Saints & Sinners | Rebels of the\u2026","rel":"","context":"Dans &quot;Alive&quot;","block_context":{"text":"Alive","link":"https:\/\/www.wallendorff.com\/belogue\/category\/alive\/"},"img":{"alt_text":"","src":"https:\/\/i0.wp.com\/www.wallendorff.com\/belogue\/wp-content\/uploads\/2024\/08\/20240830-26.jpg?resize=350%2C200&ssl=1","width":350,"height":200,"srcset":"https:\/\/i0.wp.com\/www.wallendorff.com\/belogue\/wp-content\/uploads\/2024\/08\/20240830-26.jpg?resize=350%2C200&ssl=1 1x, https:\/\/i0.wp.com\/www.wallendorff.com\/belogue\/wp-content\/uploads\/2024\/08\/20240830-26.jpg?resize=525%2C300&ssl=1 1.5x, https:\/\/i0.wp.com\/www.wallendorff.com\/belogue\/wp-content\/uploads\/2024\/08\/20240830-26.jpg?resize=700%2C400&ssl=1 2x, https:\/\/i0.wp.com\/www.wallendorff.com\/belogue\/wp-content\/uploads\/2024\/08\/20240830-26.jpg?resize=1050%2C600&ssl=1 3x"},"classes":[]},{"id":3807,"url":"https:\/\/www.wallendorff.com\/belogue\/2009\/01\/19\/animal-collective-le-bataclan-paris-16-janvier\/","url_meta":{"origin":12546,"position":4},"title":"Animal Collective @ le Bataclan, Paris, 16 janvier.","author":"dpc","date":"19 janvier 2009","format":false,"excerpt":"Y'a des week-ends comme \u00e7a qui commencent normalement et qui finissent avec une parution dans Le Monde. C'est quand m\u00eame chouette, la vie, des fois. Eagles of Death Metal \u2013 Cheap Thrills","rel":"","context":"Dans &quot;Alive&quot;","block_context":{"text":"Alive","link":"https:\/\/www.wallendorff.com\/belogue\/category\/alive\/"},"img":{"alt_text":"","src":"https:\/\/i0.wp.com\/www.wallendorff.com\/belogue\/wp-content\/uploads\/2015\/04\/200901191.jpg?resize=350%2C200&ssl=1","width":350,"height":200,"srcset":"https:\/\/i0.wp.com\/www.wallendorff.com\/belogue\/wp-content\/uploads\/2015\/04\/200901191.jpg?resize=350%2C200&ssl=1 1x, https:\/\/i0.wp.com\/www.wallendorff.com\/belogue\/wp-content\/uploads\/2015\/04\/200901191.jpg?resize=525%2C300&ssl=1 1.5x, https:\/\/i0.wp.com\/www.wallendorff.com\/belogue\/wp-content\/uploads\/2015\/04\/200901191.jpg?resize=700%2C400&ssl=1 2x"},"classes":[]},{"id":23857,"url":"https:\/\/www.wallendorff.com\/belogue\/2015\/02\/13\/george-ezra-le-bataclan-paris\/","url_meta":{"origin":12546,"position":5},"title":"George Ezra @ le Bataclan, Paris.","author":"dpc","date":"13 f\u00e9vrier 2015","format":false,"excerpt":"Blame It on Me George Ezra \u00a0","rel":"","context":"Dans &quot;Alive&quot;","block_context":{"text":"Alive","link":"https:\/\/www.wallendorff.com\/belogue\/category\/alive\/"},"img":{"alt_text":"","src":"https:\/\/i0.wp.com\/www.wallendorff.com\/belogue\/wp-content\/uploads\/2015\/04\/201502131.jpg?resize=350%2C200&ssl=1","width":350,"height":200,"srcset":"https:\/\/i0.wp.com\/www.wallendorff.com\/belogue\/wp-content\/uploads\/2015\/04\/201502131.jpg?resize=350%2C200&ssl=1 1x, https:\/\/i0.wp.com\/www.wallendorff.com\/belogue\/wp-content\/uploads\/2015\/04\/201502131.jpg?resize=525%2C300&ssl=1 1.5x, https:\/\/i0.wp.com\/www.wallendorff.com\/belogue\/wp-content\/uploads\/2015\/04\/201502131.jpg?resize=700%2C400&ssl=1 2x"},"classes":[]}],"_links":{"self":[{"href":"https:\/\/www.wallendorff.com\/belogue\/wp-json\/wp\/v2\/posts\/12546","targetHints":{"allow":["GET"]}}],"collection":[{"href":"https:\/\/www.wallendorff.com\/belogue\/wp-json\/wp\/v2\/posts"}],"about":[{"href":"https:\/\/www.wallendorff.com\/belogue\/wp-json\/wp\/v2\/types\/post"}],"author":[{"embeddable":true,"href":"https:\/\/www.wallendorff.com\/belogue\/wp-json\/wp\/v2\/users\/1"}],"replies":[{"embeddable":true,"href":"https:\/\/www.wallendorff.com\/belogue\/wp-json\/wp\/v2\/comments?post=12546"}],"version-history":[{"count":4,"href":"https:\/\/www.wallendorff.com\/belogue\/wp-json\/wp\/v2\/posts\/12546\/revisions"}],"predecessor-version":[{"id":15953,"href":"https:\/\/www.wallendorff.com\/belogue\/wp-json\/wp\/v2\/posts\/12546\/revisions\/15953"}],"wp:featuredmedia":[{"embeddable":true,"href":"https:\/\/www.wallendorff.com\/belogue\/wp-json\/wp\/v2\/media\/26154"}],"wp:attachment":[{"href":"https:\/\/www.wallendorff.com\/belogue\/wp-json\/wp\/v2\/media?parent=12546"}],"wp:term":[{"taxonomy":"category","embeddable":true,"href":"https:\/\/www.wallendorff.com\/belogue\/wp-json\/wp\/v2\/categories?post=12546"},{"taxonomy":"post_tag","embeddable":true,"href":"https:\/\/www.wallendorff.com\/belogue\/wp-json\/wp\/v2\/tags?post=12546"}],"curies":[{"name":"wp","href":"https:\/\/api.w.org\/{rel}","templated":true}]}}