{"id":1252,"date":"2008-06-18T09:58:27","date_gmt":"2008-06-18T09:58:27","guid":{"rendered":"http:\/\/www.po-l.com\/wordpress\/?p=1252"},"modified":"2012-04-12T09:20:06","modified_gmt":"2012-04-12T07:20:06","slug":"des-hans-bullent-thouars","status":"publish","type":"post","link":"https:\/\/www.wallendorff.com\/belogue\/2008\/06\/18\/des-hans-bullent-thouars\/","title":{"rendered":"Des hans bullent \u00e0 Thouars\u00b9."},"content":{"rendered":"<div id=\"photo\">\n<p><img decoding=\"async\" src=\"https:\/\/www.wallendorff.com\/belogue\/photo\/2008\/06\/20080618.jpg\" \/><br \/>\n Exposition Vivo In Typo, espace Topographie de l&rsquo;Art, Paris, 19 avril.<\/p>\n<\/div>\n<p>Histoire de f&ecirc;ter la naissance de ce <a href=\"http:\/\/discosuicide.blogspot.com\/\">journal &eacute;lectronique &agrave; qui l&rsquo;on souhaite longue vie<\/a> et parce que j&rsquo;ai chop&eacute; <a href=\"http:\/\/musique.fnac.com\/a2247872\/Babyshambles-Oh-what-a-lovely-tour-Inclus-DVD-bonus-CD-album\">le CD<\/a> hier, rem&eacute;morons-nous de <a href=\"https:\/\/www.wallendorff.com\/belogue\/2005\/08\/27\/et-pendant-ce-temps-a-rock-en-seine-2\">rocambolesques Rock en Seine<\/a> au son de l&rsquo;&oelig;uvre d&rsquo;exception qui rythma cet &eacute;t&eacute; 2005, pr&eacute;sent&eacute;e ici dans une version unique et historique, car elle a fut enregistr&eacute;e le seul soir de la derni&egrave;re tourn&eacute;e de B&eacute;bishemble o&ugrave; Doherty s&rsquo;est point&eacute; &agrave; son concert &agrave; l&rsquo;heure, pas &#8213;&nbsp;trop&nbsp;&#8213; intoxiqu&eacute;, sans rouler de pelle &agrave; Amy Vinouze ou voler la mobylette de Carl Bar&acirc;t, sans s&rsquo;\u00eatre coinc\u00e9 le doigt dans la porte du TGV, sans finir la nuit au poste, sans vomir sur le premier rang ni m&ecirc;me devoir rentrer chez lui 4 minutes apr&egrave;s sa descente de sc&egrave;ne pour respecter le couvre-feu impos&eacute; par la police. Attention, &eacute;motion.<\/p>\n<div id=\"bandeson\">\n<p><img decoding=\"async\" src=\"https:\/\/www.wallendorff.com\/belogue\/photo\/pochettes\/b\/babyshambles-oh_what_a_lovely_tour.jpg\" align=\"left\" \/>&nbsp;<a href=\"http:\/\/www.babyshambles.net\/\">Babyshambles<\/a> &ndash; <em>Fuck Forever<\/em> (live)<\/p>\n<\/div>\n<div id=\"bas_note\">\n<p>_____<\/p>\n<p><sup>1<\/sup> Dis donc je vis clairement une nouvelle et grave crise du mojo du titre, moi.<\/p>\n<\/div>\n","protected":false},"excerpt":{"rendered":"<p>Exposition Vivo In Typo, espace Topographie de l&rsquo;Art, Paris, 19 avril. Histoire de f&ecirc;ter la naissance de ce journal &eacute;lectronique &agrave; qui l&rsquo;on souhaite longue vie et parce que j&rsquo;ai chop&eacute; le CD hier, rem&eacute;morons-nous de rocambolesques Rock en Seine au son de l&rsquo;&oelig;uvre d&rsquo;exception qui rythma cet &eacute;t&eacute; 2005, pr&eacute;sent&eacute;e ici dans une version&hellip;<\/p>\n","protected":false},"author":1,"featured_media":25177,"comment_status":"open","ping_status":"open","sticky":false,"template":"","format":"standard","meta":{"_acf_changed":false,"ngg_post_thumbnail":0,"jetpack_post_was_ever_published":false,"_jetpack_newsletter_access":"","_jetpack_dont_email_post_to_subs":false,"_jetpack_newsletter_tier_id":0,"_jetpack_memberships_contains_paywalled_content":false,"_jetpack_memberships_contains_paid_content":false,"footnotes":"","jetpack_publicize_message":"","jetpack_publicize_feature_enabled":true,"jetpack_social_post_already_shared":false,"jetpack_social_options":{"image_generator_settings":{"template":"highway","default_image_id":0,"font":"","enabled":false},"version":2}},"categories":[3],"tags":[10336,10488,2156,142,132,2459,10329,10120,2461,10121,143,10098,10133,3031,2458],"class_list":["post-1252","post","type-post","status-publish","format-standard","has-post-thumbnail","hentry","category-dpc","tag-10336","tag-affiche","tag-babyshambles","tag-ef-s-10-22-mm-f35-45-usm","tag-eos-20d","tag-espace-topographie-de-lart","tag-exposition","tag-france","tag-fuck-forever","tag-ile-de-france","tag-noir-et-blanc","tag-paris","tag-rock-en-seine","tag-rock-en-seine-2008","tag-vivo-in-typo"],"acf":[],"geo":{"latitude":48.8603172,"longitude":2.3634768,"description":null},"jetpack_publicize_connections":[],"jetpack_featured_media_url":"https:\/\/www.wallendorff.com\/belogue\/wp-content\/uploads\/2015\/04\/200806181.jpg","jetpack_shortlink":"https:\/\/wp.me\/p3b35P-kc","jetpack_sharing_enabled":true,"jetpack-related-posts":[{"id":2584,"url":"https:\/\/www.wallendorff.com\/belogue\/2008\/08\/21\/rage-against-the-machine-rock-en-seine-les-photos1\/","url_meta":{"origin":1252,"position":0},"title":"Rage Against The Machine @ Rock en Seine, Paris, les photos1","author":"dpc","date":"21 ao\u00fbt 2008","format":false,"excerpt":"Cadrage prometteur, boulevard du Temple, Paris, 23 juillet. The Duke Spirit \u2013 Into the Fold Cette photo est l'implacable preuve qu'il faut toujours se promener avec une copine en culotte qui a besoin de laver son jean quand on va r\u00f4der en ville, juste au cas o\u00f9 se pr\u00e9senterait un\u2026","rel":"","context":"Dans &quot;DPC&quot;","block_context":{"text":"DPC","link":"https:\/\/www.wallendorff.com\/belogue\/category\/dpc\/"},"img":{"alt_text":"","src":"https:\/\/i0.wp.com\/www.wallendorff.com\/belogue\/wp-content\/uploads\/2015\/04\/200808211.jpg?resize=350%2C200&ssl=1","width":350,"height":200},"classes":[]},{"id":124851,"url":"https:\/\/www.wallendorff.com\/belogue\/2023\/06\/29\/at-home-astro-salon-international-de-laeronautique-et-de-lespace-le-bourget-20-et-22-juin-2023\/","url_meta":{"origin":1252,"position":1},"title":"At Home Astro @ Salon International de l&rsquo;A\u00e9ronautique et de l&rsquo;Espace, le Bourget, 20 et 22 juin 2023.","author":"dpc","date":"29 juin 2023","format":false,"excerpt":"Une exposition en partenariat avec l'Apave dans le cadre du Salon International de l'A\u00e9ronautique et de l'Espace de Paris-Le Bourget 2023.Merci \u00e0 Thomas Pesquet pour le pr\u00eat de ses imagesConception graphique : Laura L\u00e9sinTextes : Anne Pluvinage-Nierengarten et moi-m\u00eame.Premi\u00e8re photo : Marie Neubauer","rel":"","context":"Dans &quot;DPC&quot;","block_context":{"text":"DPC","link":"https:\/\/www.wallendorff.com\/belogue\/category\/dpc\/"},"img":{"alt_text":"","src":"https:\/\/i0.wp.com\/www.wallendorff.com\/belogue\/wp-content\/uploads\/2023\/06\/20230629-14.png?resize=350%2C200&ssl=1","width":350,"height":200,"srcset":"https:\/\/i0.wp.com\/www.wallendorff.com\/belogue\/wp-content\/uploads\/2023\/06\/20230629-14.png?resize=350%2C200&ssl=1 1x, https:\/\/i0.wp.com\/www.wallendorff.com\/belogue\/wp-content\/uploads\/2023\/06\/20230629-14.png?resize=525%2C300&ssl=1 1.5x, https:\/\/i0.wp.com\/www.wallendorff.com\/belogue\/wp-content\/uploads\/2023\/06\/20230629-14.png?resize=700%2C400&ssl=1 2x, https:\/\/i0.wp.com\/www.wallendorff.com\/belogue\/wp-content\/uploads\/2023\/06\/20230629-14.png?resize=1050%2C600&ssl=1 3x"},"classes":[]},{"id":1274,"url":"https:\/\/www.wallendorff.com\/belogue\/2008\/07\/21\/et-lemans-terres-monts-kerouac-sonne\/","url_meta":{"origin":1252,"position":2},"title":"Et L\u00e9mans, terres, monts&#8230; Kerouac sonne.","author":"dpc","date":"21 juillet 2008","format":false,"excerpt":"Jardin des Tuileries, Paris, 23 juin. Je r\u00eave d'un monde o\u00f9 il n'y aurait plus de fronti\u00e8re, o\u00f9 l'on fusionnerait tous les pays et o\u00f9 l'on mettrait en commun les jours f\u00e9ri\u00e9s du monde, ce qui me laisserait dormir ce matin en fredonnant une onirique Braban\u00e7onne. \u00a0 Jack White \u2013\u2026","rel":"","context":"Dans &quot;DPC&quot;","block_context":{"text":"DPC","link":"https:\/\/www.wallendorff.com\/belogue\/category\/dpc\/"},"img":{"alt_text":"","src":"https:\/\/i0.wp.com\/www.wallendorff.com\/belogue\/wp-content\/uploads\/2015\/04\/200807211.jpg?resize=350%2C200&ssl=1","width":350,"height":200},"classes":[]},{"id":775,"url":"https:\/\/www.wallendorff.com\/belogue\/2006\/08\/29\/the-raconteurs-rock-en-seine-paris-25-aout\/","url_meta":{"origin":1252,"position":3},"title":"The Raconteurs @ Rock en Seine, Paris, 25 ao\u00fbt.","author":"dpc","date":"29 ao\u00fbt 2006","format":false,"excerpt":"Brend-Hann vit le grand inconnu s'approcher du micro. Subjugu\u00e9 par sa stature, p\u00e9trifi\u00e9 par sa prestance, le candide breton se sentit submerg\u00e9 par une vague de curiosit\u00e9 m\u00eal\u00e9e d'un trouble haletant. Le grand \u00e9ph\u00e8be qui lui faisait face, feintant l'innocence mais s\u00fbr de son succ\u00e8s, ondula son corps d'un air\u2026","rel":"","context":"Dans &quot;Alive&quot;","block_context":{"text":"Alive","link":"https:\/\/www.wallendorff.com\/belogue\/category\/alive\/"},"img":{"alt_text":"","src":"https:\/\/i0.wp.com\/www.wallendorff.com\/belogue\/wp-content\/uploads\/2015\/04\/200608291.jpg?resize=350%2C200&ssl=1","width":350,"height":200},"classes":[]},{"id":1037,"url":"https:\/\/www.wallendorff.com\/belogue\/2007\/09\/14\/tentes-htives\/","url_meta":{"origin":1252,"position":4},"title":"Tentes h\u00e2tives.","author":"dpc","date":"14 septembre 2007","format":false,"excerpt":"Rock en Seine, Paris, 24 ao\u00fbt. [Nouveau Warlocks le 23 octobre, extrait en bande-son.] \u00a0The Warlocks \u2013 So Paranoid \/Edit : Supernana est morte. C'est un bout de ma jeunesse qui s'en va.","rel":"","context":"Dans &quot;DPC&quot;","block_context":{"text":"DPC","link":"https:\/\/www.wallendorff.com\/belogue\/category\/dpc\/"},"img":{"alt_text":"","src":"https:\/\/i0.wp.com\/www.wallendorff.com\/belogue\/wp-content\/uploads\/2015\/04\/200709141.jpg?resize=350%2C200&ssl=1","width":350,"height":200},"classes":[]},{"id":3371,"url":"https:\/\/www.wallendorff.com\/belogue\/2008\/09\/03\/rock-en-seine-2008-3\/","url_meta":{"origin":1252,"position":5},"title":"Rock en Seine 2008 #3.","author":"dpc","date":"3 septembre 2008","format":false,"excerpt":"En attendant Jamie Leaderprice, sc\u00e8ne de la Cascade, 29 ao\u00fbt. Salut le toi. Si comme Jean-Jean et K\u00e9vin, tu aimes voir le monde sans bouger de la verte pelouse qui tapisse ton repaire, \u00e7a tombe bien, j'ai officiellement termin\u00e91 la constitution de la carte du monde d\u00e9p\u00e9cien, une carte super-longue\u2026","rel":"","context":"Dans &quot;Alive&quot;","block_context":{"text":"Alive","link":"https:\/\/www.wallendorff.com\/belogue\/category\/alive\/"},"img":{"alt_text":"","src":"https:\/\/i0.wp.com\/www.wallendorff.com\/belogue\/wp-content\/uploads\/2015\/04\/200809031.jpg?resize=350%2C200&ssl=1","width":350,"height":200,"srcset":"https:\/\/i0.wp.com\/www.wallendorff.com\/belogue\/wp-content\/uploads\/2015\/04\/200809031.jpg?resize=350%2C200&ssl=1 1x, https:\/\/i0.wp.com\/www.wallendorff.com\/belogue\/wp-content\/uploads\/2015\/04\/200809031.jpg?resize=525%2C300&ssl=1 1.5x, https:\/\/i0.wp.com\/www.wallendorff.com\/belogue\/wp-content\/uploads\/2015\/04\/200809031.jpg?resize=700%2C400&ssl=1 2x"},"classes":[]}],"_links":{"self":[{"href":"https:\/\/www.wallendorff.com\/belogue\/wp-json\/wp\/v2\/posts\/1252","targetHints":{"allow":["GET"]}}],"collection":[{"href":"https:\/\/www.wallendorff.com\/belogue\/wp-json\/wp\/v2\/posts"}],"about":[{"href":"https:\/\/www.wallendorff.com\/belogue\/wp-json\/wp\/v2\/types\/post"}],"author":[{"embeddable":true,"href":"https:\/\/www.wallendorff.com\/belogue\/wp-json\/wp\/v2\/users\/1"}],"replies":[{"embeddable":true,"href":"https:\/\/www.wallendorff.com\/belogue\/wp-json\/wp\/v2\/comments?post=1252"}],"version-history":[{"count":3,"href":"https:\/\/www.wallendorff.com\/belogue\/wp-json\/wp\/v2\/posts\/1252\/revisions"}],"predecessor-version":[{"id":16831,"href":"https:\/\/www.wallendorff.com\/belogue\/wp-json\/wp\/v2\/posts\/1252\/revisions\/16831"}],"wp:featuredmedia":[{"embeddable":true,"href":"https:\/\/www.wallendorff.com\/belogue\/wp-json\/wp\/v2\/media\/25177"}],"wp:attachment":[{"href":"https:\/\/www.wallendorff.com\/belogue\/wp-json\/wp\/v2\/media?parent=1252"}],"wp:term":[{"taxonomy":"category","embeddable":true,"href":"https:\/\/www.wallendorff.com\/belogue\/wp-json\/wp\/v2\/categories?post=1252"},{"taxonomy":"post_tag","embeddable":true,"href":"https:\/\/www.wallendorff.com\/belogue\/wp-json\/wp\/v2\/tags?post=1252"}],"curies":[{"name":"wp","href":"https:\/\/api.w.org\/{rel}","templated":true}]}}