{"id":12490,"date":"2011-03-25T10:13:07","date_gmt":"2011-03-25T09:13:07","guid":{"rendered":"http:\/\/www.po-l.com\/belogue\/?p=12490"},"modified":"2012-02-15T10:57:14","modified_gmt":"2012-02-15T08:57:14","slug":"fond-de-tiroir-17","status":"publish","type":"post","link":"https:\/\/www.wallendorff.com\/belogue\/2011\/03\/25\/fond-de-tiroir-17\/","title":{"rendered":"Fond de tiroir #17."},"content":{"rendered":"\n<div id=\"photo\">\n<p><img decoding=\"async\" src=\"https:\/\/www.wallendorff.com\/belogue\/photo\/2011\/03\/20110325.jpg\" \/><br \/>\nBelfort, avant.<\/p>\n<\/p><\/div>\n<div id=\"bandeson\">\n<p><img decoding=\"async\" src=\"https:\/\/www.wallendorff.com\/belogue\/photo\/pochettes\/h\/harvey_pj-a_place_called_home.jpg\" align=\"left\" \/><a href=\"http:\/\/www.pjharvey.net\">PJ Harvey<\/a> &ndash; <em>Kick It to the Ground<\/em><\/p>\n<\/p><\/div>\n","protected":false},"excerpt":{"rendered":"<p>Belfort, avant. PJ Harvey &ndash; Kick It to the Ground<\/p>\n","protected":false},"author":1,"featured_media":26151,"comment_status":"open","ping_status":"open","sticky":false,"template":"","format":"standard","meta":{"_acf_changed":false,"ngg_post_thumbnail":0,"jetpack_post_was_ever_published":false,"_jetpack_newsletter_access":"","_jetpack_dont_email_post_to_subs":false,"_jetpack_newsletter_tier_id":0,"_jetpack_memberships_contains_paywalled_content":false,"_jetpack_memberships_contains_paid_content":false,"footnotes":"","jetpack_publicize_message":"","jetpack_publicize_feature_enabled":true,"jetpack_social_post_already_shared":false,"jetpack_social_options":{"image_generator_settings":{"template":"highway","default_image_id":0,"font":"","enabled":false},"version":2}},"categories":[3],"tags":[10110,196,187,1109,10109,3349,10136,10120,10296,4785,10147,10180,10135,10407,10295],"class_list":["post-12490","post","type-post","status-publish","format-standard","has-post-thumbnail","hentry","category-dpc","tag-belfort","tag-ef-28-70-mm-f28l-usm","tag-eos-1d-mark-ii","tag-chapiteau","tag-eurockeennes","tag-eurockeennes-2007","tag-festival","tag-france","tag-franche-comte","tag-kick-it-to-the-ground","tag-nuit","tag-pj-harvey","tag-public","tag-silhouette","tag-territoire-de-belfort"],"acf":[],"geo":{"latitude":47.6851463,"longitude":6.8091631,"description":"Chemin de Cramenuz, 90300 Sermamagny, France"},"jetpack_publicize_connections":[],"jetpack_featured_media_url":"https:\/\/www.wallendorff.com\/belogue\/wp-content\/uploads\/2015\/04\/201103251.jpg","jetpack_shortlink":"https:\/\/wp.me\/p3b35P-3fs","jetpack_sharing_enabled":true,"jetpack-related-posts":[{"id":8033,"url":"https:\/\/www.wallendorff.com\/belogue\/2010\/08\/15\/fond-de-tiroir-15\/","url_meta":{"origin":12490,"position":0},"title":"Fond de tiroir #15.","author":"dpc","date":"15 ao\u00fbt 2010","format":false,"excerpt":"Donnell Library Center, New York, 10 mai 2009. \u00a0PJ Harvey \u2013 Long Snake Moan","rel":"","context":"Dans &quot;DPC&quot;","block_context":{"text":"DPC","link":"https:\/\/www.wallendorff.com\/belogue\/category\/dpc\/"},"img":{"alt_text":"","src":"https:\/\/i0.wp.com\/www.wallendorff.com\/belogue\/wp-content\/uploads\/2015\/04\/201008151.jpg?resize=350%2C200&ssl=1","width":350,"height":200},"classes":[]},{"id":124968,"url":"https:\/\/www.wallendorff.com\/belogue\/2023\/07\/01\/les-eurockeennes-2023-belfort-jour-2\/","url_meta":{"origin":12490,"position":1},"title":"Les Eurock\u00e9ennes 2023, Belfort, jour 2.","author":"dpc","date":"1 juillet 2023","format":false,"excerpt":"Les Eurock\u00e9ennes, Belfort, 30\/06\/2023 Les Eurock\u00e9ennes, Belfort, 30\/06\/2023 Les Eurock\u00e9ennes, Belfort, 30\/06\/2023 Yard Act @ les Eurock\u00e9ennes, Belfort, 30\/06\/2023 Yard Act @ les Eurock\u00e9ennes, Belfort, 30\/06\/2023 Yard Act @ les Eurock\u00e9ennes, Belfort, 30\/06\/2023 Les Eurock\u00e9ennes, Belfort, 30\/06\/2023 Yard Act @ les Eurock\u00e9ennes, Belfort, 30\/06\/2023 Yard Act @ les Eurock\u00e9ennes, Belfort,\u2026","rel":"","context":"Dans &quot;Alive&quot;","block_context":{"text":"Alive","link":"https:\/\/www.wallendorff.com\/belogue\/category\/alive\/"},"img":{"alt_text":"","src":"https:\/\/i0.wp.com\/www.wallendorff.com\/belogue\/wp-content\/uploads\/2023\/07\/20230701-74.jpg?resize=350%2C200&ssl=1","width":350,"height":200,"srcset":"https:\/\/i0.wp.com\/www.wallendorff.com\/belogue\/wp-content\/uploads\/2023\/07\/20230701-74.jpg?resize=350%2C200&ssl=1 1x, https:\/\/i0.wp.com\/www.wallendorff.com\/belogue\/wp-content\/uploads\/2023\/07\/20230701-74.jpg?resize=525%2C300&ssl=1 1.5x, https:\/\/i0.wp.com\/www.wallendorff.com\/belogue\/wp-content\/uploads\/2023\/07\/20230701-74.jpg?resize=700%2C400&ssl=1 2x, https:\/\/i0.wp.com\/www.wallendorff.com\/belogue\/wp-content\/uploads\/2023\/07\/20230701-74.jpg?resize=1050%2C600&ssl=1 3x"},"classes":[]},{"id":132705,"url":"https:\/\/www.wallendorff.com\/belogue\/2025\/07\/07\/les-eurockeennes-2025-belfort-jour-4\/","url_meta":{"origin":12490,"position":2},"title":"Les Eurock\u00e9ennes 2025, Belfort, jour 4.","author":"dpc","date":"7 juillet 2025","format":false,"excerpt":"Les Eurock\u00e9ennes, Belfort, 06\/07\/2024 Molotovs @ les Eurock\u00e9ennes, Belfort, 06\/07\/2025 Molotovs @ les Eurock\u00e9ennes, Belfort, 06\/07\/2025 Molotovs @ les Eurock\u00e9ennes, Belfort, 06\/07\/2025 Molotovs @ les Eurock\u00e9ennes, Belfort, 06\/07\/2025 Molotovs @ les Eurock\u00e9ennes, Belfort, 06\/07\/2025 Molotovs @ les Eurock\u00e9ennes, Belfort, 06\/07\/2025 Molotovs @ les Eurock\u00e9ennes, Belfort, 06\/07\/2025 Molotovs @ les Eurock\u00e9ennes,\u2026","rel":"","context":"Dans &quot;Alive&quot;","block_context":{"text":"Alive","link":"https:\/\/www.wallendorff.com\/belogue\/category\/alive\/"},"img":{"alt_text":"","src":"https:\/\/i0.wp.com\/www.wallendorff.com\/belogue\/wp-content\/uploads\/2025\/07\/20250707-08.jpg?resize=350%2C200&ssl=1","width":350,"height":200,"srcset":"https:\/\/i0.wp.com\/www.wallendorff.com\/belogue\/wp-content\/uploads\/2025\/07\/20250707-08.jpg?resize=350%2C200&ssl=1 1x, https:\/\/i0.wp.com\/www.wallendorff.com\/belogue\/wp-content\/uploads\/2025\/07\/20250707-08.jpg?resize=525%2C300&ssl=1 1.5x, https:\/\/i0.wp.com\/www.wallendorff.com\/belogue\/wp-content\/uploads\/2025\/07\/20250707-08.jpg?resize=700%2C400&ssl=1 2x, https:\/\/i0.wp.com\/www.wallendorff.com\/belogue\/wp-content\/uploads\/2025\/07\/20250707-08.jpg?resize=1050%2C600&ssl=1 3x"},"classes":[]},{"id":124880,"url":"https:\/\/www.wallendorff.com\/belogue\/2023\/06\/30\/les-eurockeennes-2023-belfort-jour-1\/","url_meta":{"origin":12490,"position":3},"title":"Les Eurock\u00e9ennes 2023, Belfort, jour 1.","author":"dpc","date":"30 juin 2023","format":false,"excerpt":"Ad\u00e9 @ les Eurock\u00e9ennes, Belfort, 29\/06\/2023 Les Eurock\u00e9ennes, Belfort, 29\/06\/2023 Ad\u00e9 @ les Eurock\u00e9ennes, Belfort, 29\/06\/2023 Ad\u00e9 @ les Eurock\u00e9ennes, Belfort, 29\/06\/2023 Ad\u00e9 @ les Eurock\u00e9ennes, Belfort, 29\/06\/2023 Ad\u00e9 @ les Eurock\u00e9ennes, Belfort, 29\/06\/2023 Ad\u00e9 @ les Eurock\u00e9ennes, Belfort, 29\/06\/2023 Les Eurock\u00e9ennes, Belfort, 29\/06\/2023 Les Eurock\u00e9ennes, Belfort, 29\/06\/2023 Les Eurock\u00e9ennes,\u2026","rel":"","context":"Dans &quot;Alive&quot;","block_context":{"text":"Alive","link":"https:\/\/www.wallendorff.com\/belogue\/category\/alive\/"},"img":{"alt_text":"","src":"https:\/\/i0.wp.com\/www.wallendorff.com\/belogue\/wp-content\/uploads\/2023\/06\/20230630-50.jpg?resize=350%2C200&ssl=1","width":350,"height":200,"srcset":"https:\/\/i0.wp.com\/www.wallendorff.com\/belogue\/wp-content\/uploads\/2023\/06\/20230630-50.jpg?resize=350%2C200&ssl=1 1x, https:\/\/i0.wp.com\/www.wallendorff.com\/belogue\/wp-content\/uploads\/2023\/06\/20230630-50.jpg?resize=525%2C300&ssl=1 1.5x, https:\/\/i0.wp.com\/www.wallendorff.com\/belogue\/wp-content\/uploads\/2023\/06\/20230630-50.jpg?resize=700%2C400&ssl=1 2x, https:\/\/i0.wp.com\/www.wallendorff.com\/belogue\/wp-content\/uploads\/2023\/06\/20230630-50.jpg?resize=1050%2C600&ssl=1 3x"},"classes":[]},{"id":125054,"url":"https:\/\/www.wallendorff.com\/belogue\/2023\/07\/02\/les-eurockeennes-2023-belfort-jour-3\/","url_meta":{"origin":12490,"position":4},"title":"Les Eurock\u00e9ennes 2023, Belfort, jour 3.","author":"dpc","date":"2 juillet 2023","format":false,"excerpt":"Larkin Poe @ les Eurock\u00e9ennes, Belfort, 01\/07\/2023 Larkin Poe @ les Eurock\u00e9ennes, Belfort, 01\/07\/2023 Larkin Poe @ les Eurock\u00e9ennes, Belfort, 01\/07\/2023 Les Eurock\u00e9ennes, Belfort, 01\/07\/2023 Larkin Poe @ les Eurock\u00e9ennes, Belfort, 01\/07\/2023 Les Eurock\u00e9ennes, Belfort, 01\/07\/2023 Larkin Poe @ les Eurock\u00e9ennes, Belfort, 01\/07\/2023 Larkin Poe @ les Eurock\u00e9ennes, Belfort, 01\/07\/2023\u2026","rel":"","context":"Dans &quot;Alive&quot;","block_context":{"text":"Alive","link":"https:\/\/www.wallendorff.com\/belogue\/category\/alive\/"},"img":{"alt_text":"","src":"https:\/\/i0.wp.com\/www.wallendorff.com\/belogue\/wp-content\/uploads\/2023\/07\/20230702-56.jpg?resize=350%2C200&ssl=1","width":350,"height":200,"srcset":"https:\/\/i0.wp.com\/www.wallendorff.com\/belogue\/wp-content\/uploads\/2023\/07\/20230702-56.jpg?resize=350%2C200&ssl=1 1x, https:\/\/i0.wp.com\/www.wallendorff.com\/belogue\/wp-content\/uploads\/2023\/07\/20230702-56.jpg?resize=525%2C300&ssl=1 1.5x, https:\/\/i0.wp.com\/www.wallendorff.com\/belogue\/wp-content\/uploads\/2023\/07\/20230702-56.jpg?resize=700%2C400&ssl=1 2x, https:\/\/i0.wp.com\/www.wallendorff.com\/belogue\/wp-content\/uploads\/2023\/07\/20230702-56.jpg?resize=1050%2C600&ssl=1 3x"},"classes":[]},{"id":128953,"url":"https:\/\/www.wallendorff.com\/belogue\/2024\/07\/05\/les-eurockeennes-2024-belfort-jour-1\/","url_meta":{"origin":12490,"position":5},"title":"Les Eurock\u00e9ennes 2024, Belfort, jour 1.","author":"dpc","date":"5 juillet 2024","format":false,"excerpt":"Les Eurock\u00e9ennes, Belfort, 04\/07\/2024 Oumou Sangar\u00e9 @ les Eurock\u00e9ennes, Belfort, 04\/07\/2024 Les Eurock\u00e9ennes, Belfort, 04\/07\/2024 Oumou Sangar\u00e9 @ les Eurock\u00e9ennes, Belfort, 04\/07\/2024 Les Eurock\u00e9ennes, Belfort, 04\/07\/2024 Oumou Sangar\u00e9 @ les Eurock\u00e9ennes, Belfort, 04\/07\/2024 Les Eurock\u00e9ennes, Belfort, 04\/07\/2024 Oumou Sangar\u00e9 @ les Eurock\u00e9ennes, Belfort, 04\/07\/2024 Oumou Sangar\u00e9 @ les Eurock\u00e9ennes, Belfort,\u2026","rel":"","context":"Dans &quot;Alive&quot;","block_context":{"text":"Alive","link":"https:\/\/www.wallendorff.com\/belogue\/category\/alive\/"},"img":{"alt_text":"","src":"https:\/\/i0.wp.com\/www.wallendorff.com\/belogue\/wp-content\/uploads\/2024\/07\/20240705-32.jpg?resize=350%2C200&ssl=1","width":350,"height":200,"srcset":"https:\/\/i0.wp.com\/www.wallendorff.com\/belogue\/wp-content\/uploads\/2024\/07\/20240705-32.jpg?resize=350%2C200&ssl=1 1x, https:\/\/i0.wp.com\/www.wallendorff.com\/belogue\/wp-content\/uploads\/2024\/07\/20240705-32.jpg?resize=525%2C300&ssl=1 1.5x, https:\/\/i0.wp.com\/www.wallendorff.com\/belogue\/wp-content\/uploads\/2024\/07\/20240705-32.jpg?resize=700%2C400&ssl=1 2x, https:\/\/i0.wp.com\/www.wallendorff.com\/belogue\/wp-content\/uploads\/2024\/07\/20240705-32.jpg?resize=1050%2C600&ssl=1 3x"},"classes":[]}],"_links":{"self":[{"href":"https:\/\/www.wallendorff.com\/belogue\/wp-json\/wp\/v2\/posts\/12490","targetHints":{"allow":["GET"]}}],"collection":[{"href":"https:\/\/www.wallendorff.com\/belogue\/wp-json\/wp\/v2\/posts"}],"about":[{"href":"https:\/\/www.wallendorff.com\/belogue\/wp-json\/wp\/v2\/types\/post"}],"author":[{"embeddable":true,"href":"https:\/\/www.wallendorff.com\/belogue\/wp-json\/wp\/v2\/users\/1"}],"replies":[{"embeddable":true,"href":"https:\/\/www.wallendorff.com\/belogue\/wp-json\/wp\/v2\/comments?post=12490"}],"version-history":[{"count":1,"href":"https:\/\/www.wallendorff.com\/belogue\/wp-json\/wp\/v2\/posts\/12490\/revisions"}],"predecessor-version":[{"id":15888,"href":"https:\/\/www.wallendorff.com\/belogue\/wp-json\/wp\/v2\/posts\/12490\/revisions\/15888"}],"wp:featuredmedia":[{"embeddable":true,"href":"https:\/\/www.wallendorff.com\/belogue\/wp-json\/wp\/v2\/media\/26151"}],"wp:attachment":[{"href":"https:\/\/www.wallendorff.com\/belogue\/wp-json\/wp\/v2\/media?parent=12490"}],"wp:term":[{"taxonomy":"category","embeddable":true,"href":"https:\/\/www.wallendorff.com\/belogue\/wp-json\/wp\/v2\/categories?post=12490"},{"taxonomy":"post_tag","embeddable":true,"href":"https:\/\/www.wallendorff.com\/belogue\/wp-json\/wp\/v2\/tags?post=12490"}],"curies":[{"name":"wp","href":"https:\/\/api.w.org\/{rel}","templated":true}]}}