{"id":1247,"date":"2008-06-11T09:45:30","date_gmt":"2008-06-11T09:45:30","guid":{"rendered":"http:\/\/www.po-l.com\/wordpress\/?p=1247"},"modified":"2012-10-10T10:26:54","modified_gmt":"2012-10-10T08:26:54","slug":"l-fers-luisent-trio","status":"publish","type":"post","link":"https:\/\/www.wallendorff.com\/belogue\/2008\/06\/11\/l-fers-luisent-trio\/","title":{"rendered":"L\u00e0, fers luisent \u2015 (trio)\u00b9"},"content":{"rendered":"<div id=\"photo\">\n<p><img decoding=\"async\" src=\"https:\/\/www.wallendorff.com\/belogue\/photo\/2008\/06\/20080611.jpg\"\/><br \/>\n   Rue du Mont Cenis, Paris, 12 avril.<\/p>\n<\/div>\n<p style=\"text-align:right\">Sinon <a href=\"http:\/\/www.nme.com\/news\/black-rebel-motorcycle-club\/37235\">Nick Jago [re]quitte BRMC<\/a>. <\/p>\n<div id=\"bandeson\">\n<p><img decoding=\"async\" src=\"https:\/\/www.wallendorff.com\/belogue\/photo\/pochettes\/i\/interpol-turn_on_the_bright_lights.jpg\" align=\"left\" \/>&nbsp;<a href=\"http:\/\/www.interpolnyc.com\/\">Interpol<\/a> &ndash; <em>Untitled<\/em><\/p>\n<\/p><\/div>\n<div id=\"bas_note\">\n<p>_____<\/p>\n<p><sup>1<\/sup> Certain d&rsquo;avoir d\u00e9j\u00e0 fait un jeu de mot avec, mais impossible de remettre la main dessus.<\/p>\n<\/div>\n","protected":false},"excerpt":{"rendered":"<p>Rue du Mont Cenis, Paris, 12 avril. Sinon Nick Jago [re]quitte BRMC. &nbsp;Interpol &ndash; Untitled _____ 1 Certain d&rsquo;avoir d\u00e9j\u00e0 fait un jeu de mot avec, mais impossible de remettre la main dessus.<\/p>\n","protected":false},"author":1,"featured_media":25172,"comment_status":"open","ping_status":"open","sticky":false,"template":"","format":"standard","meta":{"_acf_changed":false,"ngg_post_thumbnail":0,"jetpack_post_was_ever_published":false,"_jetpack_newsletter_access":"","_jetpack_dont_email_post_to_subs":false,"_jetpack_newsletter_tier_id":0,"_jetpack_memberships_contains_paywalled_content":false,"_jetpack_memberships_contains_paid_content":false,"footnotes":"","jetpack_publicize_message":"","jetpack_publicize_feature_enabled":true,"jetpack_social_post_already_shared":false,"jetpack_social_options":{"image_generator_settings":{"template":"highway","default_image_id":0,"font":"","enabled":false},"version":2}},"categories":[3],"tags":[10143,10118,142,132,10210,10120,10121,10111,10278,10142,143,10147,10098,2449,2450,6757,85],"class_list":["post-1247","post","type-post","status-publish","format-standard","has-post-thumbnail","hentry","category-dpc","tag-10143","tag-black-rebel-motorcycle-club","tag-ef-s-10-22-mm-f35-45-usm","tag-eos-20d","tag-escalier","tag-france","tag-ile-de-france","tag-interpol","tag-lampadaire","tag-montmartre","tag-noir-et-blanc","tag-nuit","tag-paris","tag-rue-du-mont-cenis","tag-triptyque","tag-turn-on-the-bright-lights","tag-untitled"],"acf":[],"geo":{"latitude":48.8879128,"longitude":2.3416998,"description":null},"jetpack_publicize_connections":[],"jetpack_featured_media_url":"https:\/\/www.wallendorff.com\/belogue\/wp-content\/uploads\/2015\/04\/200806111.jpg","jetpack_shortlink":"https:\/\/wp.me\/p3b35P-k7","jetpack_sharing_enabled":true,"jetpack-related-posts":[{"id":11585,"url":"https:\/\/www.wallendorff.com\/belogue\/2011\/01\/13\/parc-mont-seau\/","url_meta":{"origin":1247,"position":0},"title":"Parc mont-seau.","author":"dpc","date":"13 janvier 2011","format":false,"excerpt":"Rue du Mont-Cenis, Paris, 20 novembre 2010. \u00ab\u00a0Mont-seau\u00a0\u00bb parce qu'au milieu du square il y a un ch\u00e2teau d'eau et que \u00e7a sonne comme Monceau. D'o\u00f9 dr\u00f4le, d'o\u00f9 lol mdr rophlmao poney poney. Enfin normalement. Hum. \u00a0Amanda Palmer \u2013 I Will Follow You into the Dark (Death Cab for Cutie\u2026","rel":"","context":"Dans &quot;DPC&quot;","block_context":{"text":"DPC","link":"https:\/\/www.wallendorff.com\/belogue\/category\/dpc\/"},"img":{"alt_text":"","src":"https:\/\/i0.wp.com\/www.wallendorff.com\/belogue\/wp-content\/uploads\/2015\/04\/201101131.jpg?resize=350%2C200&ssl=1","width":350,"height":200},"classes":[]},{"id":12088,"url":"https:\/\/www.wallendorff.com\/belogue\/2011\/01\/25\/hey-ho-lets-grow\/","url_meta":{"origin":1247,"position":1},"title":"Hey ho let&rsquo;s grow.","author":"dpc","date":"25 janvier 2011","format":false,"excerpt":"Rue du Mont-Cenis, Paris, 18 d\u00e9cembre 2010. Oui c'est tr\u00e8s cr\u00e9tin mais j'avais envie de citer les Rameauxnes. Ahah. Bref. \u00a0Scott Matthews \u2013 Elusive","rel":"","context":"Dans &quot;DPC&quot;","block_context":{"text":"DPC","link":"https:\/\/www.wallendorff.com\/belogue\/category\/dpc\/"},"img":{"alt_text":"","src":"https:\/\/i0.wp.com\/www.wallendorff.com\/belogue\/wp-content\/uploads\/2015\/04\/201101251.jpg?resize=350%2C200&ssl=1","width":350,"height":200},"classes":[]},{"id":125178,"url":"https:\/\/www.wallendorff.com\/belogue\/2023\/07\/08\/interpol-jenny-beth-festival-days-off-philharmonie-de-paris-5-juillet-2023\/","url_meta":{"origin":1247,"position":2},"title":"Interpol + Jehnny Beth @ festival Days Off, Philharmonie de Paris, 5 juillet 2023.","author":"dpc","date":"8 juillet 2023","format":false,"excerpt":"Next Exit | Evil | Narc | Take You on a Cruise | Slow Hands | Not Even Jail | Public Pervert | C'mere | Length of Love | A Time to Be So Small || Lights | Obstacle 1 | My Desire | Toni | Pioneer to the Falls\u2026","rel":"","context":"Dans &quot;Alive&quot;","block_context":{"text":"Alive","link":"https:\/\/www.wallendorff.com\/belogue\/category\/alive\/"},"img":{"alt_text":"","src":"https:\/\/i0.wp.com\/www.wallendorff.com\/belogue\/wp-content\/uploads\/2023\/07\/20230708-10.jpg?resize=350%2C200&ssl=1","width":350,"height":200,"srcset":"https:\/\/i0.wp.com\/www.wallendorff.com\/belogue\/wp-content\/uploads\/2023\/07\/20230708-10.jpg?resize=350%2C200&ssl=1 1x, https:\/\/i0.wp.com\/www.wallendorff.com\/belogue\/wp-content\/uploads\/2023\/07\/20230708-10.jpg?resize=525%2C300&ssl=1 1.5x, https:\/\/i0.wp.com\/www.wallendorff.com\/belogue\/wp-content\/uploads\/2023\/07\/20230708-10.jpg?resize=700%2C400&ssl=1 2x, https:\/\/i0.wp.com\/www.wallendorff.com\/belogue\/wp-content\/uploads\/2023\/07\/20230708-10.jpg?resize=1050%2C600&ssl=1 3x"},"classes":[]},{"id":110630,"url":"https:\/\/www.wallendorff.com\/belogue\/2023\/01\/31\/janvier-2023\/","url_meta":{"origin":1247,"position":3},"title":"Janvier 2023.","author":"dpc","date":"31 janvier 2023","format":false,"excerpt":"Un r\u00e9veillon, un lac, une autoroute, un ap\u00e9ro, un gros chausson, un sapin de No\u00ebl, des photographes, une fin de spectacle, des pipes, un m\u00e9tro, des tours Eiffel en plastique, un mus\u00e9e, une passerelle, un violoncelle, un escalier, une \u00e9glise, un tigre douillet, un no\u00ebl du livre, un graffiti, une\u2026","rel":"","context":"Dans &quot;Blog-note&quot;","block_context":{"text":"Blog-note","link":"https:\/\/www.wallendorff.com\/belogue\/category\/blog-note\/"},"img":{"alt_text":"","src":"https:\/\/i0.wp.com\/www.wallendorff.com\/belogue\/wp-content\/uploads\/2023\/02\/20230215-62.jpg?resize=350%2C200&ssl=1","width":350,"height":200,"srcset":"https:\/\/i0.wp.com\/www.wallendorff.com\/belogue\/wp-content\/uploads\/2023\/02\/20230215-62.jpg?resize=350%2C200&ssl=1 1x, https:\/\/i0.wp.com\/www.wallendorff.com\/belogue\/wp-content\/uploads\/2023\/02\/20230215-62.jpg?resize=525%2C300&ssl=1 1.5x, https:\/\/i0.wp.com\/www.wallendorff.com\/belogue\/wp-content\/uploads\/2023\/02\/20230215-62.jpg?resize=700%2C400&ssl=1 2x, https:\/\/i0.wp.com\/www.wallendorff.com\/belogue\/wp-content\/uploads\/2023\/02\/20230215-62.jpg?resize=1050%2C600&ssl=1 3x"},"classes":[]},{"id":1070,"url":"https:\/\/www.wallendorff.com\/belogue\/2007\/10\/31\/route-bas-gars\/","url_meta":{"origin":1247,"position":4},"title":"Route \u00e0 bas gars.","author":"dpc","date":"31 octobre 2007","format":false,"excerpt":"Rue Ligner, Paris, 11 octobre. Same old same old, hein. \u00a0Interpol \u2013 Pioneer to the Falls","rel":"","context":"Dans &quot;DPC&quot;","block_context":{"text":"DPC","link":"https:\/\/www.wallendorff.com\/belogue\/category\/dpc\/"},"img":{"alt_text":"","src":"https:\/\/i0.wp.com\/www.wallendorff.com\/belogue\/wp-content\/uploads\/2015\/04\/20071031.jpg?resize=350%2C200&ssl=1","width":350,"height":200},"classes":[]},{"id":23063,"url":"https:\/\/www.wallendorff.com\/belogue\/2014\/06\/26\/interpol-theatre-de-lalhambra-paris-24-juin\/","url_meta":{"origin":1247,"position":5},"title":"Interpol @ th\u00e9\u00e2tre de l&rsquo;Alhambra, Paris, 24 juin.","author":"dpc","date":"26 juin 2014","format":false,"excerpt":"Say Hello to the Angels | Evil | C'mere | My Desire | Hands Away | Not Even Jail | NYC | Anywhere | Narc | Leif Erikson | All the Rage Back Home | PDA | Slow Hands || Lights | Stella Was a Diver and She Was Always\u2026","rel":"","context":"Dans &quot;Alive&quot;","block_context":{"text":"Alive","link":"https:\/\/www.wallendorff.com\/belogue\/category\/alive\/"},"img":{"alt_text":"","src":"https:\/\/i0.wp.com\/www.wallendorff.com\/belogue\/wp-content\/uploads\/2015\/04\/201406261.jpg?resize=350%2C200&ssl=1","width":350,"height":200,"srcset":"https:\/\/i0.wp.com\/www.wallendorff.com\/belogue\/wp-content\/uploads\/2015\/04\/201406261.jpg?resize=350%2C200&ssl=1 1x, https:\/\/i0.wp.com\/www.wallendorff.com\/belogue\/wp-content\/uploads\/2015\/04\/201406261.jpg?resize=525%2C300&ssl=1 1.5x, https:\/\/i0.wp.com\/www.wallendorff.com\/belogue\/wp-content\/uploads\/2015\/04\/201406261.jpg?resize=700%2C400&ssl=1 2x"},"classes":[]}],"_links":{"self":[{"href":"https:\/\/www.wallendorff.com\/belogue\/wp-json\/wp\/v2\/posts\/1247","targetHints":{"allow":["GET"]}}],"collection":[{"href":"https:\/\/www.wallendorff.com\/belogue\/wp-json\/wp\/v2\/posts"}],"about":[{"href":"https:\/\/www.wallendorff.com\/belogue\/wp-json\/wp\/v2\/types\/post"}],"author":[{"embeddable":true,"href":"https:\/\/www.wallendorff.com\/belogue\/wp-json\/wp\/v2\/users\/1"}],"replies":[{"embeddable":true,"href":"https:\/\/www.wallendorff.com\/belogue\/wp-json\/wp\/v2\/comments?post=1247"}],"version-history":[{"count":2,"href":"https:\/\/www.wallendorff.com\/belogue\/wp-json\/wp\/v2\/posts\/1247\/revisions"}],"predecessor-version":[{"id":19221,"href":"https:\/\/www.wallendorff.com\/belogue\/wp-json\/wp\/v2\/posts\/1247\/revisions\/19221"}],"wp:featuredmedia":[{"embeddable":true,"href":"https:\/\/www.wallendorff.com\/belogue\/wp-json\/wp\/v2\/media\/25172"}],"wp:attachment":[{"href":"https:\/\/www.wallendorff.com\/belogue\/wp-json\/wp\/v2\/media?parent=1247"}],"wp:term":[{"taxonomy":"category","embeddable":true,"href":"https:\/\/www.wallendorff.com\/belogue\/wp-json\/wp\/v2\/categories?post=1247"},{"taxonomy":"post_tag","embeddable":true,"href":"https:\/\/www.wallendorff.com\/belogue\/wp-json\/wp\/v2\/tags?post=1247"}],"curies":[{"name":"wp","href":"https:\/\/api.w.org\/{rel}","templated":true}]}}