{"id":12469,"date":"2011-03-23T11:47:01","date_gmt":"2011-03-23T10:47:01","guid":{"rendered":"http:\/\/www.po-l.com\/belogue\/?p=12469"},"modified":"2012-02-14T11:21:32","modified_gmt":"2012-02-14T09:21:32","slug":"elista-salon-du-livre-paris-19-mars","status":"publish","type":"post","link":"https:\/\/www.wallendorff.com\/belogue\/2011\/03\/23\/elista-salon-du-livre-paris-19-mars\/","title":{"rendered":"Elista @ Salon du Livre, Paris, 19 mars."},"content":{"rendered":"<div id=\"photo\">\n<p><img decoding=\"async\" src=\"https:\/\/www.wallendorff.com\/belogue\/photo\/2011\/03\/20110323.jpg\" \/><\/p>\n<\/div>\n<p style=\"text-align:right\">On va &eacute;viter d&rsquo;\u00e9voquer <a href=\"https:\/\/www.wallendorff.com\/belogue\/photo\/2011\/03\/20110323-00.jpg\">\u00e7a<\/a> pour l&rsquo;instant.<\/p>\n<p style=\"text-align:right\">J&rsquo;y suis all&eacute; sans pr&eacute;voir de faire de photo et finalement en voil&agrave; quatre, prises de mon si&egrave;ge.<\/p>\n<p style=\"text-align:right\">Pas pu m&#8217;emp&ecirc;cher.<\/p>\n<p style=\"text-align:right\">C&rsquo;&eacute;tait plus fort que moi.<\/p>\n<p style=\"text-align:right\">Pardon.<\/p>ngg_shortcode_0_placeholder<div id=\"bandeson\">\n<p><img decoding=\"async\" src=\"https:\/\/www.wallendorff.com\/belogue\/photo\/pochettes\/m\/maps&#038;atlases-perch_patchwork.jpg\" align=\"left\" \/><a href=\"http:\/\/www.mapsandatlases.org\/\">Maps &amp; Atlases<\/a> &ndash; <em>Living Decorations<\/em><\/p>\n<\/div>\n","protected":false},"excerpt":{"rendered":"<p>On va &eacute;viter d&rsquo;\u00e9voquer \u00e7a pour l&rsquo;instant. J&rsquo;y suis all&eacute; sans pr&eacute;voir de faire de photo et finalement en voil&agrave; quatre, prises de mon si&egrave;ge. Pas pu m&#8217;emp&ecirc;cher. C&rsquo;&eacute;tait plus fort que moi. Pardon. Maps &amp; Atlases &ndash; Living Decorations<\/p>\n","protected":false},"author":1,"featured_media":25982,"comment_status":"open","ping_status":"open","sticky":false,"template":"","format":"standard","meta":{"_acf_changed":false,"ngg_post_thumbnail":0,"jetpack_post_was_ever_published":false,"_jetpack_newsletter_access":"","_jetpack_dont_email_post_to_subs":false,"_jetpack_newsletter_tier_id":0,"_jetpack_memberships_contains_paywalled_content":false,"_jetpack_memberships_contains_paid_content":false,"footnotes":"","jetpack_publicize_message":"","jetpack_publicize_feature_enabled":true,"jetpack_social_post_already_shared":false,"jetpack_social_options":{"image_generator_settings":{"template":"highway","default_image_id":0,"font":"","enabled":false},"version":2}},"categories":[7],"tags":[10840,10243,10084,2615,10163,10120,10121,4781,4780,143,10098,10244,10871,170],"class_list":["post-12469","post","type-post","status-publish","format-standard","has-post-thumbnail","hentry","category-alive","tag-10840","tag-10243","tag-alive","tag-eos-5d-mark-ii","tag-elista","tag-france","tag-ile-de-france","tag-living-decorations","tag-maps-atlases","tag-noir-et-blanc","tag-paris","tag-paris-expo","tag-salon-du-livre","tag-sigma-70-300-mm-f4-56-dg-apo-macro"],"acf":[],"geo":{"latitude":48.8319359,"longitude":2.2854459,"description":"Rue des Sciences, 75015 Paris, France"},"jetpack_publicize_connections":[],"jetpack_featured_media_url":"https:\/\/www.wallendorff.com\/belogue\/wp-content\/uploads\/2015\/04\/201103231.jpg","jetpack_shortlink":"https:\/\/wp.me\/p3b35P-3f7","jetpack_sharing_enabled":true,"jetpack-related-posts":[{"id":899,"url":"https:\/\/www.wallendorff.com\/belogue\/2007\/02\/17\/elista-la-fleche-d-or-paris\/","url_meta":{"origin":12469,"position":0},"title":"Elista @ la Fl\u00e8che d&rsquo;Or, Paris.","author":"dpc","date":"17 f\u00e9vrier 2007","format":false,"excerpt":"Le m\u00eame que la derni\u00e8re fois, mais avec un m\u00e9chant final de batterie sur Derri\u00e8re elle, des pogos un peu partout [c'est bien la premi\u00e8re fois que j'en vois pogoter sur Elista, tiens] et un featuring breton m\u00e9morable [et houblonn\u00e9] sur Debout. Le concert \u00e9tait enregistr\u00e9 par Radio N\u00e9o, en\u2026","rel":"","context":"Dans &quot;Alive&quot;","block_context":{"text":"Alive","link":"https:\/\/www.wallendorff.com\/belogue\/category\/alive\/"},"img":{"alt_text":"","src":"https:\/\/i0.wp.com\/www.wallendorff.com\/belogue\/wp-content\/uploads\/2015\/04\/200702171.jpg?resize=350%2C200&ssl=1","width":350,"height":200},"classes":[]},{"id":969,"url":"https:\/\/www.wallendorff.com\/belogue\/2007\/06\/05\/elista-la-maroquinerie-paris\/","url_meta":{"origin":12469,"position":1},"title":"Elista @ la Maroquinerie, Paris.","author":"dpc","date":"5 juin 2007","format":false,"excerpt":"Et happy 200, yeah. \u00a0Black Rebel Motorcycle Club \u2013 The Hardest Button to Button (The White Stripes cover) (live Reading 2003)","rel":"","context":"Dans &quot;Alive&quot;","block_context":{"text":"Alive","link":"https:\/\/www.wallendorff.com\/belogue\/category\/alive\/"},"img":{"alt_text":"","src":"https:\/\/i0.wp.com\/www.wallendorff.com\/belogue\/wp-content\/uploads\/2015\/04\/200706051.jpg?resize=350%2C200&ssl=1","width":350,"height":200,"srcset":"https:\/\/i0.wp.com\/www.wallendorff.com\/belogue\/wp-content\/uploads\/2015\/04\/200706051.jpg?resize=350%2C200&ssl=1 1x, https:\/\/i0.wp.com\/www.wallendorff.com\/belogue\/wp-content\/uploads\/2015\/04\/200706051.jpg?resize=525%2C300&ssl=1 1.5x, https:\/\/i0.wp.com\/www.wallendorff.com\/belogue\/wp-content\/uploads\/2015\/04\/200706051.jpg?resize=700%2C400&ssl=1 2x"},"classes":[]},{"id":814,"url":"https:\/\/www.wallendorff.com\/belogue\/2006\/10\/26\/elista-le-bataclan-paris\/","url_meta":{"origin":12469,"position":2},"title":"Elista @ Le Bataclan, Paris.","author":"dpc","date":"26 octobre 2006","format":false,"excerpt":"Ils ont s\u00e9duit en premi\u00e8re partie de The Servant hier soir, ils sont sympas, ils ont fait un chouette album y a trois ans et un encore plus chouette y a trois jours et je vous les conseille parce que pour une fois qu'un groupe fran\u00e7ais est bien, hein, profitons-en.\u2026","rel":"","context":"Dans &quot;Alive&quot;","block_context":{"text":"Alive","link":"https:\/\/www.wallendorff.com\/belogue\/category\/alive\/"},"img":{"alt_text":"","src":"https:\/\/i0.wp.com\/www.wallendorff.com\/belogue\/wp-content\/uploads\/2015\/04\/200610261.jpg?resize=350%2C200&ssl=1","width":350,"height":200},"classes":[]},{"id":10610,"url":"https:\/\/www.wallendorff.com\/belogue\/2010\/12\/12\/elista-la-fleche-dor-paris-10-decembre\/","url_meta":{"origin":12469,"position":3},"title":"Elista @ la Fl\u00e8che d&rsquo;Or, Paris, 10 d\u00e9cembre.","author":"dpc","date":"12 d\u00e9cembre 2010","format":false,"excerpt":"De retour trois ans apr\u00e8s. Nouvel album, L'Amour, la guerre et l'imb\u00e9cile, le 24 janvier. Plus d'infos sur LeurEspace. Mumford & Sons\u2013 Little Lion Man (live Shepherd's Bush Empire)","rel":"","context":"Dans &quot;Alive&quot;","block_context":{"text":"Alive","link":"https:\/\/www.wallendorff.com\/belogue\/category\/alive\/"},"img":{"alt_text":"","src":"https:\/\/i0.wp.com\/www.wallendorff.com\/belogue\/wp-content\/uploads\/2015\/04\/201012121.jpg?resize=350%2C200&ssl=1","width":350,"height":200,"srcset":"https:\/\/i0.wp.com\/www.wallendorff.com\/belogue\/wp-content\/uploads\/2015\/04\/201012121.jpg?resize=350%2C200&ssl=1 1x, https:\/\/i0.wp.com\/www.wallendorff.com\/belogue\/wp-content\/uploads\/2015\/04\/201012121.jpg?resize=525%2C300&ssl=1 1.5x, https:\/\/i0.wp.com\/www.wallendorff.com\/belogue\/wp-content\/uploads\/2015\/04\/201012121.jpg?resize=700%2C400&ssl=1 2x"},"classes":[]},{"id":855,"url":"https:\/\/www.wallendorff.com\/belogue\/2006\/12\/20\/elista-la-boule-noire-paris\/","url_meta":{"origin":12469,"position":4},"title":"Elista @ la Boule Noire, Paris.","author":"dpc","date":"20 d\u00e9cembre 2006","format":false,"excerpt":"Finir dans les journaux r\u00e9veill\u00e9, La folie douce tendu, Mon ivresse (\u00c0 l'autoroute A3) survolt\u00e9... Si le c\u00f4t\u00e9 rock aiguis\u00e9 du deuxi\u00e8me album s\u00e9duisait sur disque, il arrache tout en live. Elista s'\u00e9nerve, enrage et \u00e9lectrise m\u00eame ses anciennes compos (La vie \u00e0 deux, D\u00e9\u00e7us du paradis). On passa par\u2026","rel":"","context":"Dans &quot;Alive&quot;","block_context":{"text":"Alive","link":"https:\/\/www.wallendorff.com\/belogue\/category\/alive\/"},"img":{"alt_text":"","src":"https:\/\/i0.wp.com\/www.wallendorff.com\/belogue\/wp-content\/uploads\/2015\/04\/200612201.jpg?resize=350%2C200&ssl=1","width":350,"height":200},"classes":[]},{"id":1001,"url":"https:\/\/www.wallendorff.com\/belogue\/2007\/07\/26\/previously-unreleased-59\/","url_meta":{"origin":12469,"position":5},"title":"Previously unreleased #59\u00b9.","author":"dpc","date":"26 juillet 2007","format":false,"excerpt":"Elista, la Maroquinerie, Paris, 4 juin. [Numb it again.] \u00a0Archive \u2013 Sane","rel":"","context":"Dans &quot;Previously unreleased&quot;","block_context":{"text":"Previously unreleased","link":"https:\/\/www.wallendorff.com\/belogue\/category\/previously-unreleased\/"},"img":{"alt_text":"","src":"https:\/\/i0.wp.com\/www.wallendorff.com\/belogue\/wp-content\/uploads\/2015\/04\/200707261.jpg?resize=350%2C200&ssl=1","width":350,"height":200},"classes":[]}],"_links":{"self":[{"href":"https:\/\/www.wallendorff.com\/belogue\/wp-json\/wp\/v2\/posts\/12469","targetHints":{"allow":["GET"]}}],"collection":[{"href":"https:\/\/www.wallendorff.com\/belogue\/wp-json\/wp\/v2\/posts"}],"about":[{"href":"https:\/\/www.wallendorff.com\/belogue\/wp-json\/wp\/v2\/types\/post"}],"author":[{"embeddable":true,"href":"https:\/\/www.wallendorff.com\/belogue\/wp-json\/wp\/v2\/users\/1"}],"replies":[{"embeddable":true,"href":"https:\/\/www.wallendorff.com\/belogue\/wp-json\/wp\/v2\/comments?post=12469"}],"version-history":[{"count":5,"href":"https:\/\/www.wallendorff.com\/belogue\/wp-json\/wp\/v2\/posts\/12469\/revisions"}],"predecessor-version":[{"id":15871,"href":"https:\/\/www.wallendorff.com\/belogue\/wp-json\/wp\/v2\/posts\/12469\/revisions\/15871"}],"wp:featuredmedia":[{"embeddable":true,"href":"https:\/\/www.wallendorff.com\/belogue\/wp-json\/wp\/v2\/media\/25982"}],"wp:attachment":[{"href":"https:\/\/www.wallendorff.com\/belogue\/wp-json\/wp\/v2\/media?parent=12469"}],"wp:term":[{"taxonomy":"category","embeddable":true,"href":"https:\/\/www.wallendorff.com\/belogue\/wp-json\/wp\/v2\/categories?post=12469"},{"taxonomy":"post_tag","embeddable":true,"href":"https:\/\/www.wallendorff.com\/belogue\/wp-json\/wp\/v2\/tags?post=12469"}],"curies":[{"name":"wp","href":"https:\/\/api.w.org\/{rel}","templated":true}]}}