{"id":12465,"date":"2011-03-22T12:45:50","date_gmt":"2011-03-22T11:45:50","guid":{"rendered":"http:\/\/www.po-l.com\/belogue\/?p=12465"},"modified":"2013-02-27T12:45:49","modified_gmt":"2013-02-27T10:45:49","slug":"shooting-meuhmeuhz-2","status":"publish","type":"post","link":"https:\/\/www.wallendorff.com\/belogue\/2011\/03\/22\/shooting-meuhmeuhz-2\/","title":{"rendered":"Shooting meuhmeuhz #2."},"content":{"rendered":"\n<div id=\"photo\">\n<p><img decoding=\"async\" src=\"https:\/\/www.wallendorff.com\/belogue\/photo\/2011\/03\/20110322.jpg\" \/><br \/>\nSalon de la meuh-meuh,  Paris, 23 f&eacute;vrier.<\/p>\n<\/p><\/div>\n<p style=\"text-align:right\">Comme Rustine me fait une t&ecirc;te de cochon depuis deux semaines parce que j&rsquo;ai oubli&eacute; de publier sa photo dans <a href=\"https:\/\/www.wallendorff.com\/belogue\/2011\/02\/24\/shooting-meuhmeuhz\/\">ma s&eacute;rie de l&rsquo;autre jour<\/a>, aujourd&rsquo;hui ce sera photo de Rustine.<\/p>\n<p style=\"text-align:right\">Voil&agrave;.<\/p>\n<p style=\"text-align:right\">Bonjour, Rustine.<\/p>\n<div id=\"bandeson\">\n<p><img decoding=\"async\" src=\"https:\/\/www.wallendorff.com\/belogue\/photo\/pochettes\/i\/im_from_barcelona-but_hey_even_though_your_horses_went_away.jpg\" align=\"left\" \/><a href=\"http:\/\/www.imfrombarcelona.com\">I&rsquo;m from Barcelona<\/a> &ndash; <em>But Hey Even Though Your Horses Went Away<\/em> (Anna Fr&ouml;derberg)        <\/p>\n<\/p><\/div>\n","protected":false},"excerpt":{"rendered":"<p>Salon de la meuh-meuh, Paris, 23 f&eacute;vrier. Comme Rustine me fait une t&ecirc;te de cochon depuis deux semaines parce que j&rsquo;ai oubli&eacute; de publier sa photo dans ma s&eacute;rie de l&rsquo;autre jour, aujourd&rsquo;hui ce sera photo de Rustine. Voil&agrave;. Bonjour, Rustine. I&rsquo;m from Barcelona &ndash; But Hey Even Though Your Horses Went Away (Anna Fr&ouml;derberg)<\/p>\n","protected":false},"author":1,"featured_media":26181,"comment_status":"open","ping_status":"open","sticky":false,"template":"","format":"standard","meta":{"_acf_changed":false,"ngg_post_thumbnail":0,"jetpack_post_was_ever_published":false,"_jetpack_newsletter_access":"","_jetpack_dont_email_post_to_subs":false,"_jetpack_newsletter_tier_id":0,"_jetpack_memberships_contains_paywalled_content":false,"_jetpack_memberships_contains_paid_content":false,"footnotes":"","jetpack_publicize_message":"","jetpack_publicize_feature_enabled":true,"jetpack_social_post_already_shared":false,"jetpack_social_options":{"image_generator_settings":{"template":"highway","default_image_id":0,"font":"","enabled":false},"version":2}},"categories":[7357],"tags":[10243,4778,4777,2571,2615,10120,10431,10121,10568,143,10098,10244,878],"class_list":["post-12465","post","type-post","status-publish","format-standard","has-post-thumbnail","hentry","category-shooting-meuhmeuhz","tag-10243","tag-anna-froderberg","tag-but-hey-even-though-your-horses-went-away","tag-ef-16-35-mm-f28l-ii-usm","tag-eos-5d-mark-ii","tag-france","tag-im-from-barcelona","tag-ile-de-france","tag-mouton","tag-noir-et-blanc","tag-paris","tag-paris-expo","tag-salon-de-lagriculture"],"acf":[],"geo":{"latitude":48.8319359,"longitude":2.2854459,"description":"Rue des Sciences, 75015 Paris, France"},"jetpack_publicize_connections":[],"jetpack_featured_media_url":"https:\/\/www.wallendorff.com\/belogue\/wp-content\/uploads\/2015\/04\/201103221.jpg","jetpack_shortlink":"https:\/\/wp.me\/p3b35P-3f3","jetpack_sharing_enabled":true,"jetpack-related-posts":[{"id":22886,"url":"https:\/\/www.wallendorff.com\/belogue\/2014\/06\/04\/10-ans-a-la-ferme\/","url_meta":{"origin":12465,"position":0},"title":"10 ans [\u00e0 la] ferme.","author":"dpc","date":"4 juin 2014","format":false,"excerpt":"10 ans de jappement, de meuglements, de caquettements, de b\u00ealements et de piaillement. D'abord avec des toutous, puis des chats, puis tout le reste de la ferme quand na\u00eet en 2011 notre tradition de la visite annuelle au salon de la meuh-meuh (et \u00e0 l'ap\u00e9ro des producteurs de brebis). 10\u2026","rel":"","context":"Dans &quot;DPC&quot;","block_context":{"text":"DPC","link":"https:\/\/www.wallendorff.com\/belogue\/category\/dpc\/"},"img":{"alt_text":"","src":"https:\/\/i0.wp.com\/www.wallendorff.com\/belogue\/wp-content\/uploads\/2015\/04\/201204262.jpg?resize=350%2C200&ssl=1","width":350,"height":200,"srcset":"https:\/\/i0.wp.com\/www.wallendorff.com\/belogue\/wp-content\/uploads\/2015\/04\/201204262.jpg?resize=350%2C200&ssl=1 1x, https:\/\/i0.wp.com\/www.wallendorff.com\/belogue\/wp-content\/uploads\/2015\/04\/201204262.jpg?resize=525%2C300&ssl=1 1.5x, https:\/\/i0.wp.com\/www.wallendorff.com\/belogue\/wp-content\/uploads\/2015\/04\/201204262.jpg?resize=700%2C400&ssl=1 2x"},"classes":[]},{"id":12346,"url":"https:\/\/www.wallendorff.com\/belogue\/2011\/02\/24\/shooting-meuhmeuhz\/","url_meta":{"origin":12465,"position":1},"title":"Shooting meuhmeuhz.","author":"dpc","date":"24 f\u00e9vrier 2011","format":false,"excerpt":"Porte de Versailles, 23 f\u00e9vrier. \u00a0The Dandy Warhols1 \u2013 The New Country _____ 1 Je promets solennellement de ne plus poster de Dandy Warhols en bande-son jusqu'\u00e0 au moins la semaine prochaine.","rel":"","context":"Dans &quot;Shooting meuhmeuhz&quot;","block_context":{"text":"Shooting meuhmeuhz","link":"https:\/\/www.wallendorff.com\/belogue\/category\/shooting-meuhmeuhz\/"},"img":{"alt_text":"","src":"https:\/\/i0.wp.com\/www.wallendorff.com\/belogue\/wp-content\/uploads\/2015\/04\/20110224-011.jpg?resize=350%2C200&ssl=1","width":350,"height":200,"srcset":"https:\/\/i0.wp.com\/www.wallendorff.com\/belogue\/wp-content\/uploads\/2015\/04\/20110224-011.jpg?resize=350%2C200&ssl=1 1x, https:\/\/i0.wp.com\/www.wallendorff.com\/belogue\/wp-content\/uploads\/2015\/04\/20110224-011.jpg?resize=525%2C300&ssl=1 1.5x"},"classes":[]},{"id":20519,"url":"https:\/\/www.wallendorff.com\/belogue\/2013\/02\/27\/shooting-meuhmeuhz-4\/","url_meta":{"origin":12465,"position":2},"title":"Shooting meuhmeuhz #4.","author":"dpc","date":"27 f\u00e9vrier 2013","format":false,"excerpt":"Avec, par ordre d'apparition\u00a0: \u00c9ric, Gondole, P\u00e9tale, Ghislain, Bandouli\u00e8re, Joseph, Sigourney, Ramette, Ventouse, Chantal, Cafeti\u00e8re, Gis\u00e8le, Ramette, Guidon, Yves, Altim\u00e8tre, David-Bowie, Cassoulet, \u00c9charpe, Ramette, Claudie, Trap\u00e8ze, Allan et Ramette. Merci \u00c9ric, merci Gondole, merci P\u00e9tale, merci Ghislain, merci Bandouli\u00e8re, merci Joseph, merci Sigourney, merci Ramette, merci Ventouse, merci Chantal, merci\u2026","rel":"","context":"Dans &quot;Alive&quot;","block_context":{"text":"Alive","link":"https:\/\/www.wallendorff.com\/belogue\/category\/alive\/"},"img":{"alt_text":"","src":"https:\/\/i0.wp.com\/www.wallendorff.com\/belogue\/wp-content\/uploads\/2015\/04\/20130227.jpg?resize=350%2C200&ssl=1","width":350,"height":200,"srcset":"https:\/\/i0.wp.com\/www.wallendorff.com\/belogue\/wp-content\/uploads\/2015\/04\/20130227.jpg?resize=350%2C200&ssl=1 1x, https:\/\/i0.wp.com\/www.wallendorff.com\/belogue\/wp-content\/uploads\/2015\/04\/20130227.jpg?resize=525%2C300&ssl=1 1.5x, https:\/\/i0.wp.com\/www.wallendorff.com\/belogue\/wp-content\/uploads\/2015\/04\/20130227.jpg?resize=700%2C400&ssl=1 2x"},"classes":[]},{"id":16133,"url":"https:\/\/www.wallendorff.com\/belogue\/2012\/02\/29\/shooting-meuhmeuhz-3\/","url_meta":{"origin":12465,"position":3},"title":"Shooting meuhmeuhz #3.","author":"dpc","date":"29 f\u00e9vrier 2012","format":false,"excerpt":"Je tiens \u00e0 remercier publiquement Chantal le veau, mais \u00e9galement ses amis Gilles, Djayzone, Arnufle, Potence, Ringo et Paul, Sigourney, Jean-Bielle, Flatule, Ramette, Maurice, Casserole, Ramette, Xavier-Ren\u00e9, Ramette et tous ceux que j'oublie pour s'\u00eatre gentiment laiss\u00e9 approcher sans meugler, b\u00ealer, b\u00e9gu\u00e9ter, grouiner, caqueter, clapir ni broncher. Chantal le veau,\u2026","rel":"","context":"Dans &quot;Alive&quot;","block_context":{"text":"Alive","link":"https:\/\/www.wallendorff.com\/belogue\/category\/alive\/"},"img":{"alt_text":"","src":"https:\/\/i0.wp.com\/www.wallendorff.com\/belogue\/wp-content\/uploads\/2015\/04\/201202291.jpg?resize=350%2C200&ssl=1","width":350,"height":200,"srcset":"https:\/\/i0.wp.com\/www.wallendorff.com\/belogue\/wp-content\/uploads\/2015\/04\/201202291.jpg?resize=350%2C200&ssl=1 1x, https:\/\/i0.wp.com\/www.wallendorff.com\/belogue\/wp-content\/uploads\/2015\/04\/201202291.jpg?resize=525%2C300&ssl=1 1.5x, https:\/\/i0.wp.com\/www.wallendorff.com\/belogue\/wp-content\/uploads\/2015\/04\/201202291.jpg?resize=700%2C400&ssl=1 2x"},"classes":[]},{"id":443,"url":"https:\/\/www.wallendorff.com\/belogue\/2005\/03\/11\/fringues-en-destrie\/","url_meta":{"origin":12465,"position":4},"title":"Fringues en destri&eacute;.","author":"dpc","date":"11 mars 2005","format":false,"excerpt":"Salon de la Meuh-Meuh, Paris, 5 mars. [Je sais, au salon de la Meuh-Meuh, on est cens\u00e9 photographier des Meuh-Meuhs, voire des coins-coins, mais pas des gens sur un escalier vide.] [Mais \u00e7a lui faisait plaisir, aussi, \u00e0 l'escalier, de voir que tout le monde ne l'avait pas oubli\u00e9, hein.\u2026","rel":"","context":"Dans &quot;DPC&quot;","block_context":{"text":"DPC","link":"https:\/\/www.wallendorff.com\/belogue\/category\/dpc\/"},"img":{"alt_text":"","src":"https:\/\/i0.wp.com\/www.wallendorff.com\/belogue\/wp-content\/uploads\/2015\/04\/20050311-011.jpg?resize=350%2C200&ssl=1","width":350,"height":200},"classes":[]},{"id":22551,"url":"https:\/\/www.wallendorff.com\/belogue\/2014\/02\/27\/shooting-meuhmeuhz-5\/","url_meta":{"origin":12465,"position":5},"title":"Shooting meuhmeuhz #5.","author":"dpc","date":"27 f\u00e9vrier 2014","format":false,"excerpt":"Les gens, je vous pr\u00e9sente mes nouveaux amis Blaise, Chemise, Rajiv, Ramette, Chicon, Georges, Socquette, Ramette, Pantoufle, Enclume, Jean-Louis, Siphon, Ramette, Ampoule, Bigorneau, Sonia, Ramette, Ventoline, Tricycle, Hayon, Ramette, Staline, Ricotta, Rago\u00fbt, G\u00e9n\u00e9pi, Dan-Ackroyd, Ramette, C\u00e9novis, Claquette, Simon, Ramette, Ramette, Ouanedirection, Gla\u00efeul et Ramette. Blaise, Chemise, Rajiv, Ramette, Chicon, Georges,\u2026","rel":"","context":"Dans &quot;Alive&quot;","block_context":{"text":"Alive","link":"https:\/\/www.wallendorff.com\/belogue\/category\/alive\/"},"img":{"alt_text":"","src":"https:\/\/i0.wp.com\/www.wallendorff.com\/belogue\/wp-content\/uploads\/2015\/04\/201402271.jpg?resize=350%2C200&ssl=1","width":350,"height":200,"srcset":"https:\/\/i0.wp.com\/www.wallendorff.com\/belogue\/wp-content\/uploads\/2015\/04\/201402271.jpg?resize=350%2C200&ssl=1 1x, https:\/\/i0.wp.com\/www.wallendorff.com\/belogue\/wp-content\/uploads\/2015\/04\/201402271.jpg?resize=525%2C300&ssl=1 1.5x, https:\/\/i0.wp.com\/www.wallendorff.com\/belogue\/wp-content\/uploads\/2015\/04\/201402271.jpg?resize=700%2C400&ssl=1 2x"},"classes":[]}],"_links":{"self":[{"href":"https:\/\/www.wallendorff.com\/belogue\/wp-json\/wp\/v2\/posts\/12465","targetHints":{"allow":["GET"]}}],"collection":[{"href":"https:\/\/www.wallendorff.com\/belogue\/wp-json\/wp\/v2\/posts"}],"about":[{"href":"https:\/\/www.wallendorff.com\/belogue\/wp-json\/wp\/v2\/types\/post"}],"author":[{"embeddable":true,"href":"https:\/\/www.wallendorff.com\/belogue\/wp-json\/wp\/v2\/users\/1"}],"replies":[{"embeddable":true,"href":"https:\/\/www.wallendorff.com\/belogue\/wp-json\/wp\/v2\/comments?post=12465"}],"version-history":[{"count":4,"href":"https:\/\/www.wallendorff.com\/belogue\/wp-json\/wp\/v2\/posts\/12465\/revisions"}],"predecessor-version":[{"id":20521,"href":"https:\/\/www.wallendorff.com\/belogue\/wp-json\/wp\/v2\/posts\/12465\/revisions\/20521"}],"wp:featuredmedia":[{"embeddable":true,"href":"https:\/\/www.wallendorff.com\/belogue\/wp-json\/wp\/v2\/media\/26181"}],"wp:attachment":[{"href":"https:\/\/www.wallendorff.com\/belogue\/wp-json\/wp\/v2\/media?parent=12465"}],"wp:term":[{"taxonomy":"category","embeddable":true,"href":"https:\/\/www.wallendorff.com\/belogue\/wp-json\/wp\/v2\/categories?post=12465"},{"taxonomy":"post_tag","embeddable":true,"href":"https:\/\/www.wallendorff.com\/belogue\/wp-json\/wp\/v2\/tags?post=12465"}],"curies":[{"name":"wp","href":"https:\/\/api.w.org\/{rel}","templated":true}]}}