{"id":124628,"date":"2023-06-05T15:50:40","date_gmt":"2023-06-05T13:50:40","guid":{"rendered":"https:\/\/www.wallendorff.com\/belogue\/?p=124628"},"modified":"2023-06-05T15:59:18","modified_gmt":"2023-06-05T13:59:18","slug":"into-the-wide-279","status":"publish","type":"post","link":"https:\/\/www.wallendorff.com\/belogue\/2023\/06\/05\/into-the-wide-279\/","title":{"rendered":"Into the wide #279."},"content":{"rendered":"\t\t<div data-elementor-type=\"wp-post\" data-elementor-id=\"124628\" class=\"elementor elementor-124628\" data-elementor-post-type=\"post\">\n\t\t\t\t\t\t<section class=\"elementor-section elementor-top-section elementor-element elementor-element-7bbd62f elementor-section-boxed elementor-section-height-default elementor-section-height-default\" data-id=\"7bbd62f\" data-element_type=\"section\" data-e-type=\"section\">\n\t\t\t\t\t\t<div class=\"elementor-container elementor-column-gap-default\">\n\t\t\t\t\t<div class=\"elementor-column elementor-col-100 elementor-top-column elementor-element elementor-element-7a479fb\" data-id=\"7a479fb\" data-element_type=\"column\" data-e-type=\"column\">\n\t\t\t<div class=\"elementor-widget-wrap elementor-element-populated\">\n\t\t\t\t\t\t<div class=\"elementor-element elementor-element-94bcd3f elementor-widget elementor-widget-text-editor\" data-id=\"94bcd3f\" data-element_type=\"widget\" data-e-type=\"widget\" data-widget_type=\"text-editor.default\">\n\t\t\t\t<div class=\"elementor-widget-container\">\n\t\t\t\t\t\t\t\t\t<p style=\"text-align: right;\">Pas la meilleure de la s\u00e9rie, d&rsquo;accord, mais fichtre ! Elle a un ch\u00e2teau ET un arc-en-ciel.<\/p>\t\t\t\t\t\t\t\t<\/div>\n\t\t\t\t<\/div>\n\t\t\t\t<div class=\"elementor-element elementor-element-145561a elementor-widget elementor-widget-text-editor\" data-id=\"145561a\" data-element_type=\"widget\" data-e-type=\"widget\" data-widget_type=\"text-editor.default\">\n\t\t\t\t<div class=\"elementor-widget-container\">\n\t\t\t\t\t\t\t\t\t<div id=\"photo\">\n\n<img decoding=\"async\" src=\"https:\/\/www.wallendorff.com\/belogue\/wp-content\/uploads\/2023\/06\/20230605-03.jpg\" \/>\nCh\u00e2teau de la Roche-d&rsquo;Al\u00e8s, Marray, 1<sup>er<\/sup> avril 2023.\n\n<\/div>\n<div id=\"photo2\">\n\n<img decoding=\"async\" src=\"https:\/\/www.wallendorff.com\/belogue\/wp-content\/uploads\/2023\/06\/20230605-01.jpg\" \/>\n\n<\/div>\n<div id=\"photo2\">\n\n<img decoding=\"async\" src=\"https:\/\/www.wallendorff.com\/belogue\/wp-content\/uploads\/2023\/06\/20230605-02.jpg\" \/>\n\n<\/div>\t\t\t\t\t\t\t\t<\/div>\n\t\t\t\t<\/div>\n\t\t\t\t\t<\/div>\n\t\t<\/div>\n\t\t\t\t\t<\/div>\n\t\t<\/section>\n\t\t\t\t<\/div>\n\t\t","protected":false},"excerpt":{"rendered":"<p>Pas la meilleure de la s\u00e9rie, d&rsquo;accord, mais fichtre ! Elle a un ch\u00e2teau ET un arc-en-ciel. Ch\u00e2teau de la Roche-d&rsquo;Al\u00e8s, Marray, 1er avril 2023.<\/p>\n","protected":false},"author":1,"featured_media":124636,"comment_status":"open","ping_status":"open","sticky":false,"template":"","format":"standard","meta":{"_acf_changed":false,"ngg_post_thumbnail":0,"jetpack_post_was_ever_published":false,"_jetpack_newsletter_access":"","_jetpack_dont_email_post_to_subs":false,"_jetpack_newsletter_tier_id":0,"_jetpack_memberships_contains_paywalled_content":false,"_jetpack_memberships_contains_paid_content":false,"footnotes":"","jetpack_publicize_message":"","jetpack_publicize_feature_enabled":true,"jetpack_social_post_already_shared":true,"jetpack_social_options":{"image_generator_settings":{"template":"highway","default_image_id":0,"font":"","enabled":false},"version":2}},"categories":[7356],"tags":[6414,10304,10633,18565,11022,10120,18290,10306,18577,10592,14274],"class_list":["post-124628","post","type-post","status-publish","format-standard","has-post-thumbnail","hentry","category-into-the-wide","tag-arc-en-ciel","tag-centre","tag-chateau","tag-chateau-de-la-roche-dales","tag-coucher-de-soleil","tag-france","tag-fujifilm-x-t5","tag-indre-et-loire","tag-marray","tag-pose-longue","tag-samyang-8-mm-f2-8-umc-fisheye-ii"],"acf":[],"geo":{"latitude":47.6205254,"longitude":0.6971598,"description":"Marray, Centre-Val de Loire, 37370, FR"},"jetpack_publicize_connections":[],"jetpack_featured_media_url":"https:\/\/www.wallendorff.com\/belogue\/wp-content\/uploads\/2023\/06\/20230605-03.jpg","jetpack_shortlink":"https:\/\/wp.me\/p3b35P-wq8","jetpack_sharing_enabled":true,"jetpack-related-posts":[{"id":124641,"url":"https:\/\/www.wallendorff.com\/belogue\/2023\/06\/07\/barbre-a-papa\/","url_meta":{"origin":124628,"position":0},"title":"B&rsquo;arbre \u00e0 papa.","author":"dpc","date":"7 juin 2023","format":false,"excerpt":"Ce jeu de mot est nul. Marray, 1er avril 2023.","rel":"","context":"Dans &quot;DPC&quot;","block_context":{"text":"DPC","link":"https:\/\/www.wallendorff.com\/belogue\/category\/dpc-en\/"},"img":{"alt_text":"","src":"https:\/\/i0.wp.com\/www.wallendorff.com\/belogue\/wp-content\/uploads\/2023\/06\/20230607.jpg?resize=350%2C200&ssl=1","width":350,"height":200,"srcset":"https:\/\/i0.wp.com\/www.wallendorff.com\/belogue\/wp-content\/uploads\/2023\/06\/20230607.jpg?resize=350%2C200&ssl=1 1x, https:\/\/i0.wp.com\/www.wallendorff.com\/belogue\/wp-content\/uploads\/2023\/06\/20230607.jpg?resize=525%2C300&ssl=1 1.5x, https:\/\/i0.wp.com\/www.wallendorff.com\/belogue\/wp-content\/uploads\/2023\/06\/20230607.jpg?resize=700%2C400&ssl=1 2x"},"classes":[]},{"id":124500,"url":"https:\/\/www.wallendorff.com\/belogue\/2023\/04\/30\/avril-2023\/","url_meta":{"origin":124628,"position":1},"title":"Avril 2023.","author":"dpc","date":"30 avril 2023","format":false,"excerpt":"Un chat pr\u00e9nomm\u00e9 Paupiette, un coucher de soleil, un \u00e2ne pr\u00e9nomm\u00e9 Ramette, un ap\u00e9ro, une lampe, des ombres, un immeuble, une clope, un m\u00e9tro, un mur, un chat pr\u00e9nomm\u00e9 \u00c7a-va-l\u2019Chalet, un quai de gare, un escalier de gare, un quai de gare, un resto, un chat pr\u00e9nomm\u00e9 Paupiette, un bar,\u2026","rel":"","context":"Dans &quot;Blog-note&quot;","block_context":{"text":"Blog-note","link":"https:\/\/www.wallendorff.com\/belogue\/category\/blog-note\/"},"img":{"alt_text":"","src":"https:\/\/i0.wp.com\/www.wallendorff.com\/belogue\/wp-content\/uploads\/2023\/05\/20230522-49.jpg?resize=350%2C200&ssl=1","width":350,"height":200,"srcset":"https:\/\/i0.wp.com\/www.wallendorff.com\/belogue\/wp-content\/uploads\/2023\/05\/20230522-49.jpg?resize=350%2C200&ssl=1 1x, https:\/\/i0.wp.com\/www.wallendorff.com\/belogue\/wp-content\/uploads\/2023\/05\/20230522-49.jpg?resize=525%2C300&ssl=1 1.5x, https:\/\/i0.wp.com\/www.wallendorff.com\/belogue\/wp-content\/uploads\/2023\/05\/20230522-49.jpg?resize=700%2C400&ssl=1 2x, https:\/\/i0.wp.com\/www.wallendorff.com\/belogue\/wp-content\/uploads\/2023\/05\/20230522-49.jpg?resize=1050%2C600&ssl=1 3x"},"classes":[]},{"id":47097,"url":"https:\/\/www.wallendorff.com\/belogue\/2020\/10\/31\/octobre-2020\/","url_meta":{"origin":124628,"position":2},"title":"Octobre 2020.","author":"dpc","date":"31 octobre 2020","format":false,"excerpt":"Un chat pr\u00e9nomm\u00e9 Boustroph\u00e9don, un cr\u00e9puscule, une autoroute, une fen\u00eatre, un chat pr\u00e9nomm\u00e9 Gretzky, un ciel, une autoroute, un anniversaire, un m\u00e9tro, un ap\u00e9ro, un chat pr\u00e9nomm\u00e9 Casse-toi-de-mon-jardin, du silence, un m\u00e9tro, un chat intitul\u00e9 Boustroph\u00e9don, un porteur de matelas, un bar ferm\u00e9, un caf\u00e9 ferm\u00e9, un couple assorti, un\u2026","rel":"","context":"Dans &quot;Blog-note&quot;","block_context":{"text":"Blog-note","link":"https:\/\/www.wallendorff.com\/belogue\/category\/blog-note\/"},"img":{"alt_text":"","src":"https:\/\/i0.wp.com\/www.wallendorff.com\/belogue\/wp-content\/uploads\/2020\/11\/20201116-20.jpg?resize=350%2C200&ssl=1","width":350,"height":200,"srcset":"https:\/\/i0.wp.com\/www.wallendorff.com\/belogue\/wp-content\/uploads\/2020\/11\/20201116-20.jpg?resize=350%2C200&ssl=1 1x, https:\/\/i0.wp.com\/www.wallendorff.com\/belogue\/wp-content\/uploads\/2020\/11\/20201116-20.jpg?resize=525%2C300&ssl=1 1.5x, https:\/\/i0.wp.com\/www.wallendorff.com\/belogue\/wp-content\/uploads\/2020\/11\/20201116-20.jpg?resize=700%2C400&ssl=1 2x, https:\/\/i0.wp.com\/www.wallendorff.com\/belogue\/wp-content\/uploads\/2020\/11\/20201116-20.jpg?resize=1050%2C600&ssl=1 3x"},"classes":[]},{"id":27124,"url":"https:\/\/www.wallendorff.com\/belogue\/2015\/04\/24\/en-haut-i\/","url_meta":{"origin":124628,"position":3},"title":"En haut. [I]","author":"dpc","date":"24 avril 2015","format":false,"excerpt":"Top of the Rock, New York, 11 mars. Chateau Lobby #4 (in C for Two Virgins) Father John Misty","rel":"","context":"Dans &quot;DPC&quot;","block_context":{"text":"DPC","link":"https:\/\/www.wallendorff.com\/belogue\/category\/dpc\/"},"img":{"alt_text":"","src":"https:\/\/i0.wp.com\/www.wallendorff.com\/belogue\/wp-content\/uploads\/2015\/04\/20150424.jpg?resize=350%2C200&ssl=1","width":350,"height":200,"srcset":"https:\/\/i0.wp.com\/www.wallendorff.com\/belogue\/wp-content\/uploads\/2015\/04\/20150424.jpg?resize=350%2C200&ssl=1 1x, https:\/\/i0.wp.com\/www.wallendorff.com\/belogue\/wp-content\/uploads\/2015\/04\/20150424.jpg?resize=525%2C300&ssl=1 1.5x"},"classes":[]},{"id":15803,"url":"https:\/\/www.wallendorff.com\/belogue\/2012\/02\/09\/sources-polaires\/","url_meta":{"origin":124628,"position":4},"title":"Sources polaires.","author":"dpc","date":"9 f\u00e9vrier 2012","format":false,"excerpt":"Vianden, 27 d\u00e9cembre 2011. Le jour o\u00f9 je me suis enfin d\u00e9cid\u00e9 \u00e0 aller visiter mes terres ancestrales, j'y ai trouv\u00e9 un ch\u00e2teau. Il \u00e9tait pas \u00e0 moi. C'est con. Radiohead \u2013 Staircase [youtube]http:\/\/www.youtube.com\/watch?v=XuDcsKDGGHM[\/youtube]","rel":"","context":"Dans &quot;DPC&quot;","block_context":{"text":"DPC","link":"https:\/\/www.wallendorff.com\/belogue\/category\/dpc\/"},"img":{"alt_text":"","src":"https:\/\/i0.wp.com\/www.wallendorff.com\/belogue\/wp-content\/uploads\/2015\/04\/201202091.jpg?resize=350%2C200&ssl=1","width":350,"height":200,"srcset":"https:\/\/i0.wp.com\/www.wallendorff.com\/belogue\/wp-content\/uploads\/2015\/04\/201202091.jpg?resize=350%2C200&ssl=1 1x, https:\/\/i0.wp.com\/www.wallendorff.com\/belogue\/wp-content\/uploads\/2015\/04\/201202091.jpg?resize=525%2C300&ssl=1 1.5x, https:\/\/i0.wp.com\/www.wallendorff.com\/belogue\/wp-content\/uploads\/2015\/04\/201202091.jpg?resize=700%2C400&ssl=1 2x"},"classes":[]},{"id":5260,"url":"https:\/\/www.wallendorff.com\/belogue\/2009\/12\/09\/cagnard-en-chai-nest\/","url_meta":{"origin":124628,"position":5},"title":"Cagnard en chai n&rsquo;est.","author":"dpc","date":"9 d\u00e9cembre 2009","format":false,"excerpt":"Ch\u00e2teau de F\u00e8re, F\u00e8re-en-Tardenois, 26 septembre. \u00a0Those Darlins \u2013 Who's That Knockin' at My Window? Y a des jours comme \u00e7a o\u00f9 paf sans rien demander tu tombes sur de vieux couloirs en forme de brownie g\u00e9ant. C'est quand m\u00eame fou, la vie.","rel":"","context":"Dans &quot;DPC&quot;","block_context":{"text":"DPC","link":"https:\/\/www.wallendorff.com\/belogue\/category\/dpc\/"},"img":{"alt_text":"","src":"https:\/\/i0.wp.com\/www.wallendorff.com\/belogue\/wp-content\/uploads\/2015\/04\/200912091.jpg?resize=350%2C200&ssl=1","width":350,"height":200},"classes":[]}],"_links":{"self":[{"href":"https:\/\/www.wallendorff.com\/belogue\/wp-json\/wp\/v2\/posts\/124628","targetHints":{"allow":["GET"]}}],"collection":[{"href":"https:\/\/www.wallendorff.com\/belogue\/wp-json\/wp\/v2\/posts"}],"about":[{"href":"https:\/\/www.wallendorff.com\/belogue\/wp-json\/wp\/v2\/types\/post"}],"author":[{"embeddable":true,"href":"https:\/\/www.wallendorff.com\/belogue\/wp-json\/wp\/v2\/users\/1"}],"replies":[{"embeddable":true,"href":"https:\/\/www.wallendorff.com\/belogue\/wp-json\/wp\/v2\/comments?post=124628"}],"version-history":[{"count":7,"href":"https:\/\/www.wallendorff.com\/belogue\/wp-json\/wp\/v2\/posts\/124628\/revisions"}],"predecessor-version":[{"id":124639,"href":"https:\/\/www.wallendorff.com\/belogue\/wp-json\/wp\/v2\/posts\/124628\/revisions\/124639"}],"wp:featuredmedia":[{"embeddable":true,"href":"https:\/\/www.wallendorff.com\/belogue\/wp-json\/wp\/v2\/media\/124636"}],"wp:attachment":[{"href":"https:\/\/www.wallendorff.com\/belogue\/wp-json\/wp\/v2\/media?parent=124628"}],"wp:term":[{"taxonomy":"category","embeddable":true,"href":"https:\/\/www.wallendorff.com\/belogue\/wp-json\/wp\/v2\/categories?post=124628"},{"taxonomy":"post_tag","embeddable":true,"href":"https:\/\/www.wallendorff.com\/belogue\/wp-json\/wp\/v2\/tags?post=124628"}],"curies":[{"name":"wp","href":"https:\/\/api.w.org\/{rel}","templated":true}]}}