{"id":124618,"date":"2023-06-02T14:46:54","date_gmt":"2023-06-02T12:46:54","guid":{"rendered":"https:\/\/www.wallendorff.com\/belogue\/?p=124618"},"modified":"2026-04-22T16:55:20","modified_gmt":"2026-04-22T14:55:20","slug":"seuil-sur-mars","status":"publish","type":"post","link":"https:\/\/www.wallendorff.com\/belogue\/2023\/06\/02\/seuil-sur-mars\/","title":{"rendered":"Seuil sur Mars."},"content":{"rendered":"\t\t<div data-elementor-type=\"wp-post\" data-elementor-id=\"124618\" class=\"elementor elementor-124618\" data-elementor-post-type=\"post\">\n\t\t\t\t\t\t<section class=\"elementor-section elementor-top-section elementor-element elementor-element-7bbd62f elementor-section-boxed elementor-section-height-default elementor-section-height-default\" data-id=\"7bbd62f\" data-element_type=\"section\" data-e-type=\"section\">\n\t\t\t\t\t\t<div class=\"elementor-container elementor-column-gap-default\">\n\t\t\t\t\t<div class=\"elementor-column elementor-col-100 elementor-top-column elementor-element elementor-element-7a479fb\" data-id=\"7a479fb\" data-element_type=\"column\" data-e-type=\"column\">\n\t\t\t<div class=\"elementor-widget-wrap elementor-element-populated\">\n\t\t\t\t\t\t<div class=\"elementor-element elementor-element-ed6c9bf elementor-widget elementor-widget-text-editor\" data-id=\"ed6c9bf\" data-element_type=\"widget\" data-e-type=\"widget\" data-widget_type=\"text-editor.default\">\n\t\t\t\t<div class=\"elementor-widget-container\">\n\t\t\t\t\t\t\t\t\t<div id=\"photo\">\n\n<img decoding=\"async\" src=\"https:\/\/www.wallendorff.com\/belogue\/wp-content\/uploads\/2023\/06\/20230602.jpg\" \/>\n\u00c9peign\u00e9-sur-D\u00eame, 18 mars 2023.\n\n<\/div>\t\t\t\t\t\t\t\t<\/div>\n\t\t\t\t<\/div>\n\t\t\t\t\t<\/div>\n\t\t<\/div>\n\t\t\t\t\t<\/div>\n\t\t<\/section>\n\t\t\t\t<section class=\"elementor-section elementor-top-section elementor-element elementor-element-d352968 elementor-section-boxed elementor-section-height-default elementor-section-height-default\" data-id=\"d352968\" data-element_type=\"section\" data-e-type=\"section\">\n\t\t\t\t\t\t<div class=\"elementor-container elementor-column-gap-default\">\n\t\t\t\t\t<div class=\"elementor-column elementor-col-100 elementor-top-column elementor-element elementor-element-0b4774a\" data-id=\"0b4774a\" data-element_type=\"column\" data-e-type=\"column\">\n\t\t\t<div class=\"elementor-widget-wrap\">\n\t\t\t\t\t\t\t<\/div>\n\t\t<\/div>\n\t\t\t\t\t<\/div>\n\t\t<\/section>\n\t\t\t\t<\/div>\n\t\t","protected":false},"excerpt":{"rendered":"<p>\u00c9peign\u00e9-sur-D\u00eame, 18 mars 2023.<\/p>\n","protected":false},"author":1,"featured_media":124620,"comment_status":"open","ping_status":"open","sticky":false,"template":"","format":"standard","meta":{"_acf_changed":false,"ngg_post_thumbnail":0,"jetpack_post_was_ever_published":false,"_jetpack_newsletter_access":"","_jetpack_dont_email_post_to_subs":false,"_jetpack_newsletter_tier_id":0,"_jetpack_memberships_contains_paywalled_content":false,"_jetpack_memberships_contains_paid_content":false,"footnotes":"","jetpack_publicize_message":"","jetpack_publicize_feature_enabled":true,"jetpack_social_post_already_shared":true,"jetpack_social_options":{"image_generator_settings":{"template":"highway","default_image_id":0,"font":"","enabled":false},"version":2}},"categories":[7654],"tags":[18360,18177,10304,10144,18071,16573,10120,10306,10485,10147,10407],"class_list":["post-124618","post","type-post","status-publish","format-standard","has-post-thumbnail","hentry","category-dpc-en","tag-7artisans-10-mm-f-2-8-fisheye","tag-canon-eos-r6","tag-centre","tag-ciel","tag-epeigne-sur-deme","tag-etoiles","tag-france","tag-indre-et-loire","tag-maison","tag-nuit","tag-silhouette"],"acf":[],"geo":{"latitude":47.6690102,"longitude":0.6123537,"description":null},"jetpack_publicize_connections":[],"jetpack_featured_media_url":"https:\/\/www.wallendorff.com\/belogue\/wp-content\/uploads\/2023\/06\/20230602.jpg","jetpack_shortlink":"https:\/\/wp.me\/p3b35P-wpY","jetpack_sharing_enabled":true,"jetpack-related-posts":[{"id":53380,"url":"https:\/\/www.wallendorff.com\/belogue\/2022\/10\/21\/etoiles-filees-14\/","url_meta":{"origin":124618,"position":0},"title":"\u00c9toiles fil\u00e9es #14.","author":"dpc","date":"21 octobre 2022","format":false,"excerpt":"\u00c9peign\u00e9-sur-D\u00eame, 14 ao\u00fbt 2022.","rel":"","context":"Dans &quot;DPC&quot;","block_context":{"text":"DPC","link":"https:\/\/www.wallendorff.com\/belogue\/category\/dpc\/"},"img":{"alt_text":"","src":"https:\/\/i0.wp.com\/www.wallendorff.com\/belogue\/wp-content\/uploads\/2022\/10\/20221021.jpg?resize=350%2C200&ssl=1","width":350,"height":200,"srcset":"https:\/\/i0.wp.com\/www.wallendorff.com\/belogue\/wp-content\/uploads\/2022\/10\/20221021.jpg?resize=350%2C200&ssl=1 1x, https:\/\/i0.wp.com\/www.wallendorff.com\/belogue\/wp-content\/uploads\/2022\/10\/20221021.jpg?resize=525%2C300&ssl=1 1.5x, https:\/\/i0.wp.com\/www.wallendorff.com\/belogue\/wp-content\/uploads\/2022\/10\/20221021.jpg?resize=700%2C400&ssl=1 2x"},"classes":[]},{"id":54150,"url":"https:\/\/www.wallendorff.com\/belogue\/2023\/01\/18\/nuit-noire\/","url_meta":{"origin":124618,"position":1},"title":"Nuit noire.","author":"dpc","date":"18 janvier 2023","format":false,"excerpt":"\u00c9peign\u00e9-sur-D\u00eame, 25 novembre 2022. Il est 1 h du matin, j'ai 3 h de route dans les pattes, et la m\u00e9t\u00e9o nous annonce qu'il ne nous reste que 40 minutes avant que le ciel ne reste bouch\u00e9 tout le week-end.Discussion, prise de courage \u00e0 deux mains, et nous voil\u00e0 dans\u2026","rel":"","context":"Dans &quot;DPC&quot;","block_context":{"text":"DPC","link":"https:\/\/www.wallendorff.com\/belogue\/category\/dpc-en\/"},"img":{"alt_text":"","src":"https:\/\/i0.wp.com\/www.wallendorff.com\/belogue\/wp-content\/uploads\/2023\/01\/20230118.jpg?resize=350%2C200&ssl=1","width":350,"height":200,"srcset":"https:\/\/i0.wp.com\/www.wallendorff.com\/belogue\/wp-content\/uploads\/2023\/01\/20230118.jpg?resize=350%2C200&ssl=1 1x, https:\/\/i0.wp.com\/www.wallendorff.com\/belogue\/wp-content\/uploads\/2023\/01\/20230118.jpg?resize=525%2C300&ssl=1 1.5x, https:\/\/i0.wp.com\/www.wallendorff.com\/belogue\/wp-content\/uploads\/2023\/01\/20230118.jpg?resize=700%2C400&ssl=1 2x, https:\/\/i0.wp.com\/www.wallendorff.com\/belogue\/wp-content\/uploads\/2023\/01\/20230118.jpg?resize=1050%2C600&ssl=1 3x"},"classes":[]},{"id":124601,"url":"https:\/\/www.wallendorff.com\/belogue\/2023\/05\/30\/le-petit-chat-peut-ronds-rouges\/","url_meta":{"origin":124618,"position":2},"title":"Le petit chat peut ronds rouges.","author":"dpc","date":"30 mai 2023","format":false,"excerpt":"\u00c9peign\u00e9-sur-D\u00eame, 17 mars 2023. Deuxi\u00e8me \u00e9pisode de notre s\u00e9rie \u00ab\u00a0tentative de photo de maison sous une nuit \u00e9toil\u00e9e g\u00e2ch\u00e9e par le voisin et sa manie d'allumer sa terrasse en pleine prise de vue\u00a0\u00bb, cette fois-ci \u00e9galement entrav\u00e9e par un ciel nuageux. Puisque tout le monde \u00e9tait contre moi, j'ai agr\u00e9ment\u00e9\u2026","rel":"","context":"Dans &quot;DPC&quot;","block_context":{"text":"DPC","link":"https:\/\/www.wallendorff.com\/belogue\/category\/dpc-en\/"},"img":{"alt_text":"","src":"https:\/\/i0.wp.com\/www.wallendorff.com\/belogue\/wp-content\/uploads\/2023\/05\/20230530.jpg?resize=350%2C200&ssl=1","width":350,"height":200,"srcset":"https:\/\/i0.wp.com\/www.wallendorff.com\/belogue\/wp-content\/uploads\/2023\/05\/20230530.jpg?resize=350%2C200&ssl=1 1x, https:\/\/i0.wp.com\/www.wallendorff.com\/belogue\/wp-content\/uploads\/2023\/05\/20230530.jpg?resize=525%2C300&ssl=1 1.5x, https:\/\/i0.wp.com\/www.wallendorff.com\/belogue\/wp-content\/uploads\/2023\/05\/20230530.jpg?resize=700%2C400&ssl=1 2x, https:\/\/i0.wp.com\/www.wallendorff.com\/belogue\/wp-content\/uploads\/2023\/05\/20230530.jpg?resize=1050%2C600&ssl=1 3x"},"classes":[]},{"id":128817,"url":"https:\/\/www.wallendorff.com\/belogue\/2024\/06\/30\/cetait-2022\/","url_meta":{"origin":124618,"position":3},"title":"C&rsquo;\u00e9tait 2022.","author":"dpc","date":"30 juin 2024","format":false,"excerpt":"2022, retours. Jaujac, Paris, 5 f\u00e9vrier 2022. Roissy-en-France, 13 f\u00e9vrier 2022. Berlin, 19 f\u00e9vrier 2022. Berlin, 20 f\u00e9vrier 2022. Paris, 19 mars 2022. Rome, 3 avril 2022. Hambourg, 23 avril 2022. Paris, 10 mai 2022. Foals @ le Z\u00e9nith, Paris, 16 mai 2022. Paris, 4 juillet 2022. Kiss @ Pal\u00e9o\u2026","rel":"","context":"Dans &quot;DPC&quot;","block_context":{"text":"DPC","link":"https:\/\/www.wallendorff.com\/belogue\/category\/dpc\/"},"img":{"alt_text":"","src":"https:\/\/i0.wp.com\/www.wallendorff.com\/belogue\/wp-content\/uploads\/2024\/06\/20240630-10.jpg?resize=350%2C200&ssl=1","width":350,"height":200,"srcset":"https:\/\/i0.wp.com\/www.wallendorff.com\/belogue\/wp-content\/uploads\/2024\/06\/20240630-10.jpg?resize=350%2C200&ssl=1 1x, https:\/\/i0.wp.com\/www.wallendorff.com\/belogue\/wp-content\/uploads\/2024\/06\/20240630-10.jpg?resize=525%2C300&ssl=1 1.5x, https:\/\/i0.wp.com\/www.wallendorff.com\/belogue\/wp-content\/uploads\/2024\/06\/20240630-10.jpg?resize=700%2C400&ssl=1 2x, https:\/\/i0.wp.com\/www.wallendorff.com\/belogue\/wp-content\/uploads\/2024\/06\/20240630-10.jpg?resize=1050%2C600&ssl=1 3x"},"classes":[]},{"id":132771,"url":"https:\/\/www.wallendorff.com\/belogue\/2025\/07\/14\/14-juillet\/","url_meta":{"origin":124618,"position":4},"title":"L&rsquo;\u00c9bri\u00e9t\u00e9 guidant le peuple.","author":"dpc","date":"14 juillet 2025","format":false,"excerpt":"\u00c9peign\u00e9-sur-D\u00eame, 14 juillet 2025.L'\u00c9bri\u00e9t\u00e9 guidant le peuple.Pixels sur capteur num\u00e9rique, 2025.","rel":"","context":"Dans &quot;DPC&quot;","block_context":{"text":"DPC","link":"https:\/\/www.wallendorff.com\/belogue\/category\/dpc\/"},"img":{"alt_text":"","src":"https:\/\/i0.wp.com\/www.wallendorff.com\/belogue\/wp-content\/uploads\/2025\/07\/20250714-01.jpg?resize=350%2C200&ssl=1","width":350,"height":200,"srcset":"https:\/\/i0.wp.com\/www.wallendorff.com\/belogue\/wp-content\/uploads\/2025\/07\/20250714-01.jpg?resize=350%2C200&ssl=1 1x, https:\/\/i0.wp.com\/www.wallendorff.com\/belogue\/wp-content\/uploads\/2025\/07\/20250714-01.jpg?resize=525%2C300&ssl=1 1.5x, https:\/\/i0.wp.com\/www.wallendorff.com\/belogue\/wp-content\/uploads\/2025\/07\/20250714-01.jpg?resize=700%2C400&ssl=1 2x"},"classes":[]},{"id":131187,"url":"https:\/\/www.wallendorff.com\/belogue\/2024\/11\/27\/lenfer-dut-des-corps\/","url_meta":{"origin":124618,"position":5},"title":"L&rsquo;enfer dut des corps.","author":"dpc","date":"27 novembre 2024","format":false,"excerpt":"\u00c9peign\u00e9-sur-D\u00eame, 10 ao\u00fbt 2024.","rel":"","context":"Dans &quot;DPC&quot;","block_context":{"text":"DPC","link":"https:\/\/www.wallendorff.com\/belogue\/category\/dpc\/"},"img":{"alt_text":"","src":"https:\/\/i0.wp.com\/www.wallendorff.com\/belogue\/wp-content\/uploads\/2024\/11\/20241127.jpg?resize=350%2C200&ssl=1","width":350,"height":200,"srcset":"https:\/\/i0.wp.com\/www.wallendorff.com\/belogue\/wp-content\/uploads\/2024\/11\/20241127.jpg?resize=350%2C200&ssl=1 1x, https:\/\/i0.wp.com\/www.wallendorff.com\/belogue\/wp-content\/uploads\/2024\/11\/20241127.jpg?resize=525%2C300&ssl=1 1.5x, https:\/\/i0.wp.com\/www.wallendorff.com\/belogue\/wp-content\/uploads\/2024\/11\/20241127.jpg?resize=700%2C400&ssl=1 2x, https:\/\/i0.wp.com\/www.wallendorff.com\/belogue\/wp-content\/uploads\/2024\/11\/20241127.jpg?resize=1050%2C600&ssl=1 3x"},"classes":[]}],"_links":{"self":[{"href":"https:\/\/www.wallendorff.com\/belogue\/wp-json\/wp\/v2\/posts\/124618","targetHints":{"allow":["GET"]}}],"collection":[{"href":"https:\/\/www.wallendorff.com\/belogue\/wp-json\/wp\/v2\/posts"}],"about":[{"href":"https:\/\/www.wallendorff.com\/belogue\/wp-json\/wp\/v2\/types\/post"}],"author":[{"embeddable":true,"href":"https:\/\/www.wallendorff.com\/belogue\/wp-json\/wp\/v2\/users\/1"}],"replies":[{"embeddable":true,"href":"https:\/\/www.wallendorff.com\/belogue\/wp-json\/wp\/v2\/comments?post=124618"}],"version-history":[{"count":8,"href":"https:\/\/www.wallendorff.com\/belogue\/wp-json\/wp\/v2\/posts\/124618\/revisions"}],"predecessor-version":[{"id":124627,"href":"https:\/\/www.wallendorff.com\/belogue\/wp-json\/wp\/v2\/posts\/124618\/revisions\/124627"}],"wp:featuredmedia":[{"embeddable":true,"href":"https:\/\/www.wallendorff.com\/belogue\/wp-json\/wp\/v2\/media\/124620"}],"wp:attachment":[{"href":"https:\/\/www.wallendorff.com\/belogue\/wp-json\/wp\/v2\/media?parent=124618"}],"wp:term":[{"taxonomy":"category","embeddable":true,"href":"https:\/\/www.wallendorff.com\/belogue\/wp-json\/wp\/v2\/categories?post=124618"},{"taxonomy":"post_tag","embeddable":true,"href":"https:\/\/www.wallendorff.com\/belogue\/wp-json\/wp\/v2\/tags?post=124618"}],"curies":[{"name":"wp","href":"https:\/\/api.w.org\/{rel}","templated":true}]}}