{"id":124588,"date":"2023-05-26T16:52:24","date_gmt":"2023-05-26T14:52:24","guid":{"rendered":"https:\/\/www.wallendorff.com\/belogue\/?p=124588"},"modified":"2023-05-26T16:59:57","modified_gmt":"2023-05-26T14:59:57","slug":"hier-qui-houle-namasse-pas-housse","status":"publish","type":"post","link":"https:\/\/www.wallendorff.com\/belogue\/2023\/05\/26\/hier-qui-houle-namasse-pas-housse\/","title":{"rendered":"Hier qui houle n&rsquo;amasse pas housse."},"content":{"rendered":"\t\t<div data-elementor-type=\"wp-post\" data-elementor-id=\"124588\" class=\"elementor elementor-124588\" data-elementor-post-type=\"post\">\n\t\t\t\t\t\t<section class=\"elementor-section elementor-top-section elementor-element elementor-element-7bbd62f elementor-section-boxed elementor-section-height-default elementor-section-height-default\" data-id=\"7bbd62f\" data-element_type=\"section\" data-e-type=\"section\">\n\t\t\t\t\t\t<div class=\"elementor-container elementor-column-gap-default\">\n\t\t\t\t\t<div class=\"elementor-column elementor-col-100 elementor-top-column elementor-element elementor-element-7a479fb\" data-id=\"7a479fb\" data-element_type=\"column\" data-e-type=\"column\">\n\t\t\t<div class=\"elementor-widget-wrap elementor-element-populated\">\n\t\t\t\t\t\t<div class=\"elementor-element elementor-element-145561a elementor-widget elementor-widget-text-editor\" data-id=\"145561a\" data-element_type=\"widget\" data-e-type=\"widget\" data-widget_type=\"text-editor.default\">\n\t\t\t\t<div class=\"elementor-widget-container\">\n\t\t\t\t\t\t\t\t\t<div id=\"photo\">\n\n<img decoding=\"async\" src=\"https:\/\/www.wallendorff.com\/belogue\/wp-content\/uploads\/2023\/05\/20230526.jpg\" \/>\nBeg an Diben, Plougasnou, 5 mars 2023.\n\n<\/div>\t\t\t\t\t\t\t\t<\/div>\n\t\t\t\t<\/div>\n\t\t\t\t\t<\/div>\n\t\t<\/div>\n\t\t\t\t\t<\/div>\n\t\t<\/section>\n\t\t\t\t<\/div>\n\t\t","protected":false},"excerpt":{"rendered":"<p>Beg an Diben, Plougasnou, 5 mars 2023.<\/p>\n","protected":false},"author":1,"featured_media":124594,"comment_status":"open","ping_status":"open","sticky":false,"template":"","format":"standard","meta":{"_acf_changed":false,"ngg_post_thumbnail":0,"jetpack_post_was_ever_published":false,"_jetpack_newsletter_access":"","_jetpack_dont_email_post_to_subs":false,"_jetpack_newsletter_tier_id":0,"_jetpack_memberships_contains_paywalled_content":false,"_jetpack_memberships_contains_paid_content":false,"footnotes":"","jetpack_publicize_message":"","jetpack_publicize_feature_enabled":true,"jetpack_social_post_already_shared":true,"jetpack_social_options":{"image_generator_settings":{"template":"highway","default_image_id":0,"font":"","enabled":false},"version":2}},"categories":[7654],"tags":[18467,10791,4157,10120,18290,14272,10483,18086,10592,4166,18499,10407],"class_list":["post-124588","post","type-post","status-publish","format-standard","has-post-thumbnail","hentry","category-dpc-en","tag-beg-an-diben","tag-bretagne","tag-finistere","tag-france","tag-fujifilm-x-t5","tag-fujinon-xf-18-55-mm-f2-8-4-r-lm-ois","tag-mer","tag-plougasnou","tag-pose-longue","tag-rocher","tag-rocher-du-sphinx","tag-silhouette"],"acf":[],"geo":{"latitude":48.7109108,"longitude":-3.8334775,"description":"Plougasnou, Bretagne, 29630, FR"},"jetpack_publicize_connections":[],"jetpack_featured_media_url":"https:\/\/www.wallendorff.com\/belogue\/wp-content\/uploads\/2023\/05\/20230526.jpg","jetpack_shortlink":"https:\/\/wp.me\/p3b35P-wpu","jetpack_sharing_enabled":true,"jetpack-related-posts":[{"id":124579,"url":"https:\/\/www.wallendorff.com\/belogue\/2023\/05\/24\/falaise-blaise-2\/","url_meta":{"origin":124588,"position":0},"title":"Falaise [Blaise].","author":"dpc","date":"24 mai 2023","format":false,"excerpt":"Pointe Saint-Samson, Plougasnou, 4 mars 2023.","rel":"","context":"Dans &quot;DPC&quot;","block_context":{"text":"DPC","link":"https:\/\/www.wallendorff.com\/belogue\/category\/dpc-en\/"},"img":{"alt_text":"","src":"https:\/\/i0.wp.com\/www.wallendorff.com\/belogue\/wp-content\/uploads\/2023\/05\/20230524.jpg?resize=350%2C200&ssl=1","width":350,"height":200,"srcset":"https:\/\/i0.wp.com\/www.wallendorff.com\/belogue\/wp-content\/uploads\/2023\/05\/20230524.jpg?resize=350%2C200&ssl=1 1x, https:\/\/i0.wp.com\/www.wallendorff.com\/belogue\/wp-content\/uploads\/2023\/05\/20230524.jpg?resize=525%2C300&ssl=1 1.5x, https:\/\/i0.wp.com\/www.wallendorff.com\/belogue\/wp-content\/uploads\/2023\/05\/20230524.jpg?resize=700%2C400&ssl=1 2x, https:\/\/i0.wp.com\/www.wallendorff.com\/belogue\/wp-content\/uploads\/2023\/05\/20230524.jpg?resize=1050%2C600&ssl=1 3x"},"classes":[]},{"id":124188,"url":"https:\/\/www.wallendorff.com\/belogue\/2023\/03\/31\/mars-2023\/","url_meta":{"origin":124588,"position":1},"title":"Mars 2023.","author":"dpc","date":"31 mars 2023","format":false,"excerpt":"Un train, un fauteuil, des culs de chats, une plage, un portail, une plage, un c\u0153ur, un champ, un rocher, un bisou, un rocher, un arbre, un viaduc, un rideau, un chat, une falaise, un rocher, un sentier, un bonnet, une falaise, un oc\u00e9an, un miroir, des branches, un RER,\u2026","rel":"","context":"Dans &quot;Blog-note&quot;","block_context":{"text":"Blog-note","link":"https:\/\/www.wallendorff.com\/belogue\/category\/blog-note\/"},"img":{"alt_text":"","src":"https:\/\/i0.wp.com\/www.wallendorff.com\/belogue\/wp-content\/uploads\/2023\/04\/20230413-19.jpg?resize=350%2C200&ssl=1","width":350,"height":200,"srcset":"https:\/\/i0.wp.com\/www.wallendorff.com\/belogue\/wp-content\/uploads\/2023\/04\/20230413-19.jpg?resize=350%2C200&ssl=1 1x, https:\/\/i0.wp.com\/www.wallendorff.com\/belogue\/wp-content\/uploads\/2023\/04\/20230413-19.jpg?resize=525%2C300&ssl=1 1.5x, https:\/\/i0.wp.com\/www.wallendorff.com\/belogue\/wp-content\/uploads\/2023\/04\/20230413-19.jpg?resize=700%2C400&ssl=1 2x, https:\/\/i0.wp.com\/www.wallendorff.com\/belogue\/wp-content\/uploads\/2023\/04\/20230413-19.jpg?resize=1050%2C600&ssl=1 3x"},"classes":[]},{"id":19569,"url":"https:\/\/www.wallendorff.com\/belogue\/2012\/11\/15\/du-gros-the-de-chais-soigne\/","url_meta":{"origin":124588,"position":2},"title":"Du gros th\u00e9 de chais soigne.","author":"dpc","date":"15 novembre 2012","format":false,"excerpt":"Mala Bu\u017ea, Dubrovnik, 3 ao\u00fbt. J'ai pris cette photo assis sur un rocher qui sentait le pipi avec une Karlova\u010dko \u00e0 la main pendant que derri\u00e8re moi un groupe de rock et roll allemand faisait des reprises des stones pour tout plein de touristes dont deux Ricaines tristes, et \u00e7a\u2026","rel":"","context":"Dans &quot;DPC&quot;","block_context":{"text":"DPC","link":"https:\/\/www.wallendorff.com\/belogue\/category\/dpc\/"},"img":{"alt_text":"","src":"https:\/\/i0.wp.com\/www.wallendorff.com\/belogue\/wp-content\/uploads\/2015\/04\/201211151.jpg?resize=350%2C200&ssl=1","width":350,"height":200,"srcset":"https:\/\/i0.wp.com\/www.wallendorff.com\/belogue\/wp-content\/uploads\/2015\/04\/201211151.jpg?resize=350%2C200&ssl=1 1x, https:\/\/i0.wp.com\/www.wallendorff.com\/belogue\/wp-content\/uploads\/2015\/04\/201211151.jpg?resize=525%2C300&ssl=1 1.5x, https:\/\/i0.wp.com\/www.wallendorff.com\/belogue\/wp-content\/uploads\/2015\/04\/201211151.jpg?resize=700%2C400&ssl=1 2x"},"classes":[]},{"id":41737,"url":"https:\/\/www.wallendorff.com\/belogue\/2019\/05\/03\/la-petite-boutique-des-aurores-1\/","url_meta":{"origin":124588,"position":3},"title":"La petite boutique des aurores #1.","author":"dpc","date":"3 mai 2019","format":false,"excerpt":"Flakstad, 2 mars 2019. Empyrean Crows","rel":"","context":"Dans &quot;DPC&quot;","block_context":{"text":"DPC","link":"https:\/\/www.wallendorff.com\/belogue\/category\/dpc\/"},"img":{"alt_text":"Flakstad, 2 mars 2019.","src":"https:\/\/i0.wp.com\/www.wallendorff.com\/belogue\/wp-content\/uploads\/2019\/05\/20190503.jpg?resize=350%2C200&ssl=1","width":350,"height":200,"srcset":"https:\/\/i0.wp.com\/www.wallendorff.com\/belogue\/wp-content\/uploads\/2019\/05\/20190503.jpg?resize=350%2C200&ssl=1 1x, https:\/\/i0.wp.com\/www.wallendorff.com\/belogue\/wp-content\/uploads\/2019\/05\/20190503.jpg?resize=525%2C300&ssl=1 1.5x, https:\/\/i0.wp.com\/www.wallendorff.com\/belogue\/wp-content\/uploads\/2019\/05\/20190503.jpg?resize=700%2C400&ssl=1 2x, https:\/\/i0.wp.com\/www.wallendorff.com\/belogue\/wp-content\/uploads\/2019\/05\/20190503.jpg?resize=1050%2C600&ssl=1 3x"},"classes":[]},{"id":18316,"url":"https:\/\/www.wallendorff.com\/belogue\/2012\/07\/23\/sires-a-notre-berge-raquent\/","url_meta":{"origin":124588,"position":4},"title":"Sires, \u00e0 notre berge, raquent.","author":"dpc","date":"23 juillet 2012","format":false,"excerpt":"Port de Tougues, 27 mai. Plushgun \u2013 Waste Away","rel":"","context":"Dans &quot;DPC&quot;","block_context":{"text":"DPC","link":"https:\/\/www.wallendorff.com\/belogue\/category\/dpc\/"},"img":{"alt_text":"","src":"https:\/\/i0.wp.com\/www.wallendorff.com\/belogue\/wp-content\/uploads\/2015\/04\/201207231.jpg?resize=350%2C200&ssl=1","width":350,"height":200,"srcset":"https:\/\/i0.wp.com\/www.wallendorff.com\/belogue\/wp-content\/uploads\/2015\/04\/201207231.jpg?resize=350%2C200&ssl=1 1x, https:\/\/i0.wp.com\/www.wallendorff.com\/belogue\/wp-content\/uploads\/2015\/04\/201207231.jpg?resize=525%2C300&ssl=1 1.5x, https:\/\/i0.wp.com\/www.wallendorff.com\/belogue\/wp-content\/uploads\/2015\/04\/201207231.jpg?resize=700%2C400&ssl=1 2x"},"classes":[]},{"id":18379,"url":"https:\/\/www.wallendorff.com\/belogue\/2012\/07\/25\/volcano\/","url_meta":{"origin":124588,"position":5},"title":"Volcano.","author":"dpc","date":"25 juillet 2012","format":false,"excerpt":"Port de Tougues, 27 mai. Thieving Irons \u2013 Sleepwalking into the OceanSleepwalking Into The Ocean by Thieving Irons","rel":"","context":"Dans &quot;DPC&quot;","block_context":{"text":"DPC","link":"https:\/\/www.wallendorff.com\/belogue\/category\/dpc\/"},"img":{"alt_text":"","src":"https:\/\/i0.wp.com\/www.wallendorff.com\/belogue\/wp-content\/uploads\/2015\/04\/201207251.jpg?resize=350%2C200&ssl=1","width":350,"height":200,"srcset":"https:\/\/i0.wp.com\/www.wallendorff.com\/belogue\/wp-content\/uploads\/2015\/04\/201207251.jpg?resize=350%2C200&ssl=1 1x, https:\/\/i0.wp.com\/www.wallendorff.com\/belogue\/wp-content\/uploads\/2015\/04\/201207251.jpg?resize=525%2C300&ssl=1 1.5x, https:\/\/i0.wp.com\/www.wallendorff.com\/belogue\/wp-content\/uploads\/2015\/04\/201207251.jpg?resize=700%2C400&ssl=1 2x"},"classes":[]}],"_links":{"self":[{"href":"https:\/\/www.wallendorff.com\/belogue\/wp-json\/wp\/v2\/posts\/124588","targetHints":{"allow":["GET"]}}],"collection":[{"href":"https:\/\/www.wallendorff.com\/belogue\/wp-json\/wp\/v2\/posts"}],"about":[{"href":"https:\/\/www.wallendorff.com\/belogue\/wp-json\/wp\/v2\/types\/post"}],"author":[{"embeddable":true,"href":"https:\/\/www.wallendorff.com\/belogue\/wp-json\/wp\/v2\/users\/1"}],"replies":[{"embeddable":true,"href":"https:\/\/www.wallendorff.com\/belogue\/wp-json\/wp\/v2\/comments?post=124588"}],"version-history":[{"count":10,"href":"https:\/\/www.wallendorff.com\/belogue\/wp-json\/wp\/v2\/posts\/124588\/revisions"}],"predecessor-version":[{"id":124599,"href":"https:\/\/www.wallendorff.com\/belogue\/wp-json\/wp\/v2\/posts\/124588\/revisions\/124599"}],"wp:featuredmedia":[{"embeddable":true,"href":"https:\/\/www.wallendorff.com\/belogue\/wp-json\/wp\/v2\/media\/124594"}],"wp:attachment":[{"href":"https:\/\/www.wallendorff.com\/belogue\/wp-json\/wp\/v2\/media?parent=124588"}],"wp:term":[{"taxonomy":"category","embeddable":true,"href":"https:\/\/www.wallendorff.com\/belogue\/wp-json\/wp\/v2\/categories?post=124588"},{"taxonomy":"post_tag","embeddable":true,"href":"https:\/\/www.wallendorff.com\/belogue\/wp-json\/wp\/v2\/tags?post=124588"}],"curies":[{"name":"wp","href":"https:\/\/api.w.org\/{rel}","templated":true}]}}