{"id":12420,"date":"2011-03-12T17:37:01","date_gmt":"2011-03-12T16:37:01","guid":{"rendered":"http:\/\/www.po-l.com\/belogue\/?p=12420"},"modified":"2018-05-23T08:15:54","modified_gmt":"2018-05-23T06:15:54","slug":"im-from-barcelona-gribz-le-cafe-de-la-danse-paris","status":"publish","type":"post","link":"https:\/\/www.wallendorff.com\/belogue\/2011\/03\/12\/im-from-barcelona-gribz-le-cafe-de-la-danse-paris\/","title":{"rendered":"I&rsquo;m from Barcelona + Gribz @ le Caf\u00e9 de la Danse, Paris."},"content":{"rendered":"\n<div id=\"photo\">\n<p><img decoding=\"async\" src=\"https:\/\/www.wallendorff.com\/belogue\/photo\/2011\/03\/20110312.jpg\" \/><\/p>\n<\/p><\/div>\n<div id=\"setlist\">\n<p><em>Intro<\/em> | <em>Get in Line<\/em> | <em>Charlie Parker<\/em> | <em>Always Spring<\/em> | <em>Headphones<\/em> | <em>This Boy<\/em> | <em>Mingus<\/em> | <em>Dr. Landy<\/em> | <em>Oversleeping<\/em> | <em>Come on<\/em> | <em>Jenny<\/em> | <em>We&rsquo;re from Barcelona<\/em> | <em>Barcelona Loves You<\/em> \/ <em>We Are Your Friends<\/em> (Simian) || <em>Treehouse<\/em> | <em>The Painter<\/em> | <em>Forever Today<\/em><\/p>\n<\/p><\/div>\n<p style=\"text-align:right\">Ces gens sont toujours aussi fous.<\/p>\n<div id=\"bandeson\">\n<p><img decoding=\"async\" src=\"https:\/\/www.wallendorff.com\/belogue\/photo\/pochettes\/i\/im_from_barcelona-let_me_introduce_my_friends.jpg\" align=\"left\" \/>&nbsp;<a href=\"http:\/\/www.imfrombarcelona.com\/\">I&rsquo;m from Barcelona<\/a> &ndash; <em>Barcelona Loves You<\/em><\/p>\n<\/p><\/div>\n<h1>Gribz<\/h1>ngg_shortcode_0_placeholder<h2>I&rsquo;m from Barcelona<\/h2>ngg_shortcode_1_placeholder","protected":false},"excerpt":{"rendered":"<p>Intro | Get in Line | Charlie Parker | Always Spring | Headphones | This Boy | Mingus | Dr. Landy | Oversleeping | Come on | Jenny | We&rsquo;re from Barcelona | Barcelona Loves You \/ We Are Your Friends (Simian) || Treehouse | The Painter | Forever Today Ces gens sont toujours aussi&hellip;<\/p>\n","protected":false},"author":1,"featured_media":26161,"comment_status":"open","ping_status":"open","sticky":false,"template":"","format":"standard","meta":{"_acf_changed":false,"ngg_post_thumbnail":0,"jetpack_post_was_ever_published":false,"_jetpack_newsletter_access":"","_jetpack_dont_email_post_to_subs":false,"_jetpack_newsletter_tier_id":0,"_jetpack_memberships_contains_paywalled_content":false,"_jetpack_memberships_contains_paid_content":false,"footnotes":"","jetpack_publicize_message":"","jetpack_publicize_feature_enabled":true,"jetpack_social_post_already_shared":false,"jetpack_social_options":{"image_generator_settings":{"template":"highway","default_image_id":0,"font":"","enabled":false},"version":2}},"categories":[7],"tags":[10840,10183,10084,2167,2571,196,181,2615,10120,10868,10431,10121,10598,10098,10199],"class_list":["post-12420","post","type-post","status-publish","format-standard","has-post-thumbnail","hentry","category-alive","tag-10840","tag-10183","tag-alive","tag-barcelona-loves-you","tag-ef-16-35-mm-f28l-ii-usm","tag-ef-28-70-mm-f28l-usm","tag-ef-70-200-mm-f28l-usm","tag-eos-5d-mark-ii","tag-france","tag-gribz","tag-im-from-barcelona","tag-ile-de-france","tag-le-cafe-de-la-danse","tag-paris","tag-pieds"],"acf":[],"geo":{"latitude":48.8540955,"longitude":2.3728526,"description":"3-13 Passage Louis Philippe, 75011 Paris, France"},"jetpack_publicize_connections":[],"jetpack_featured_media_url":"https:\/\/www.wallendorff.com\/belogue\/wp-content\/uploads\/2015\/04\/201103121.jpg","jetpack_shortlink":"https:\/\/wp.me\/p3b35P-3ek","jetpack_sharing_enabled":true,"jetpack-related-posts":[{"id":13028,"url":"https:\/\/www.wallendorff.com\/belogue\/2011\/07\/19\/im-from-barcelona-festimeuse-givet-17-juillet\/","url_meta":{"origin":12420,"position":0},"title":"I&rsquo;m from Barcelona @ Festi&rsquo;Meuse, Givet, 17 juillet.","author":"dpc","date":"19 juillet 2011","format":false,"excerpt":"Barcelona (Freddie Mercury \/ Montserrat Caball\u00e9) | Get in Line | Charlie Parker | Always Spring | Headphones | This Boy | Mingus | Dr. Landy | Oversleeping | Jenny | We\u2019re from Barcelona | Come on | Barcelona Loves You \/ Never Be Alone (Simian) || Treehouse | The\u2026","rel":"","context":"Dans &quot;Alive&quot;","block_context":{"text":"Alive","link":"https:\/\/www.wallendorff.com\/belogue\/category\/alive\/"},"img":{"alt_text":"","src":"https:\/\/i0.wp.com\/www.wallendorff.com\/belogue\/wp-content\/uploads\/2015\/04\/201107191.jpg?resize=350%2C200&ssl=1","width":350,"height":200,"srcset":"https:\/\/i0.wp.com\/www.wallendorff.com\/belogue\/wp-content\/uploads\/2015\/04\/201107191.jpg?resize=350%2C200&ssl=1 1x, https:\/\/i0.wp.com\/www.wallendorff.com\/belogue\/wp-content\/uploads\/2015\/04\/201107191.jpg?resize=525%2C300&ssl=1 1.5x, https:\/\/i0.wp.com\/www.wallendorff.com\/belogue\/wp-content\/uploads\/2015\/04\/201107191.jpg?resize=700%2C400&ssl=1 2x"},"classes":[]},{"id":3640,"url":"https:\/\/www.wallendorff.com\/belogue\/2008\/12\/02\/you-call-it-a-sealed-oyster-and-all-i-see-is-a-stone\/","url_meta":{"origin":12420,"position":1},"title":"You call it a sealed oyster and all I see is a stone.","author":"dpc","date":"2 d\u00e9cembre 2008","format":false,"excerpt":"Tollbugata, Oslo, 16 novembre. My Vitriol \u2013 Losing Touch (live Islington Academy 2005)","rel":"","context":"Dans &quot;DPC&quot;","block_context":{"text":"DPC","link":"https:\/\/www.wallendorff.com\/belogue\/category\/dpc\/"},"img":{"alt_text":"","src":"https:\/\/i0.wp.com\/www.wallendorff.com\/belogue\/wp-content\/uploads\/2015\/04\/200812021.jpg?resize=350%2C200&ssl=1","width":350,"height":200},"classes":[]},{"id":12996,"url":"https:\/\/www.wallendorff.com\/belogue\/2011\/07\/11\/im-from-barcelona-soko-cite-de-la-musique-paris\/","url_meta":{"origin":12420,"position":2},"title":"I&rsquo;m from Barcelona + Soko @ Cit\u00e9 de la Musique, Paris.","author":"dpc","date":"11 juillet 2011","format":false,"excerpt":"Intro: Barcelona (Freddie Mercury \/ Montserrat Caball\u00e9) | Get in Line | Charlie Parker | Always Spring | Headphones | This Boy | Mingus | Dr. Landy | Oversleeping \/ ? | Come on | Jenny | We're from Barcelona | Treehouse | The Painter | Barcelona Loves You \/\u2026","rel":"","context":"Dans &quot;Alive&quot;","block_context":{"text":"Alive","link":"https:\/\/www.wallendorff.com\/belogue\/category\/alive\/"},"img":{"alt_text":"","src":"https:\/\/i0.wp.com\/www.wallendorff.com\/belogue\/wp-content\/uploads\/2015\/04\/201107111.jpg?resize=350%2C200&ssl=1","width":350,"height":200,"srcset":"https:\/\/i0.wp.com\/www.wallendorff.com\/belogue\/wp-content\/uploads\/2015\/04\/201107111.jpg?resize=350%2C200&ssl=1 1x, https:\/\/i0.wp.com\/www.wallendorff.com\/belogue\/wp-content\/uploads\/2015\/04\/201107111.jpg?resize=525%2C300&ssl=1 1.5x, https:\/\/i0.wp.com\/www.wallendorff.com\/belogue\/wp-content\/uploads\/2015\/04\/201107111.jpg?resize=700%2C400&ssl=1 2x"},"classes":[]},{"id":3646,"url":"https:\/\/www.wallendorff.com\/belogue\/2008\/12\/03\/dpc-became-a-fan-of-jonasz-brothers\/","url_meta":{"origin":12420,"position":3},"title":"DPC became a fan of Jonasz Brothers.","author":"dpc","date":"3 d\u00e9cembre 2008","format":false,"excerpt":"[On occupe sa pause-caf\u00e9 du mercredi comme on peut, hein.]","rel":"","context":"Dans &quot;DPC&quot;","block_context":{"text":"DPC","link":"https:\/\/www.wallendorff.com\/belogue\/category\/dpc\/"},"img":{"alt_text":"","src":"https:\/\/i0.wp.com\/www.wallendorff.com\/belogue\/wp-content\/uploads\/2015\/04\/20081203-011.jpg?resize=350%2C200&ssl=1","width":350,"height":200},"classes":[]},{"id":127632,"url":"https:\/\/www.wallendorff.com\/belogue\/2024\/03\/27\/pixies-lolympia-paris-26-mars-2024\/","url_meta":{"origin":12420,"position":4},"title":"Pixies @ l&rsquo;Olympia, Paris, 26 mars 2024.","author":"dpc","date":"27 mars 2024","format":false,"excerpt":"Pixies @ l\u2019Olympia, Paris, 26\/03\/2024 Pixies @ l\u2019Olympia, Paris, 26\/03\/2024 Pixies @ l\u2019Olympia, Paris, 26\/03\/2024 Pixies @ l\u2019Olympia, Paris, 26\/03\/2024 Pixies @ l\u2019Olympia, Paris, 26\/03\/2024 Pixies @ l\u2019Olympia, Paris, 26\/03\/2024 Pixies @ l\u2019Olympia, Paris, 26\/03\/2024 Pixies @ l\u2019Olympia, Paris, 26\/03\/2024 Pixies @ l\u2019Olympia, Paris, 26\/03\/2024 Pixies @ l\u2019Olympia, Paris, 26\/03\/2024\u2026","rel":"","context":"Dans &quot;Alive&quot;","block_context":{"text":"Alive","link":"https:\/\/www.wallendorff.com\/belogue\/category\/alive\/"},"img":{"alt_text":"","src":"https:\/\/i0.wp.com\/www.wallendorff.com\/belogue\/wp-content\/uploads\/2024\/03\/20240327-22.jpg?resize=350%2C200&ssl=1","width":350,"height":200,"srcset":"https:\/\/i0.wp.com\/www.wallendorff.com\/belogue\/wp-content\/uploads\/2024\/03\/20240327-22.jpg?resize=350%2C200&ssl=1 1x, https:\/\/i0.wp.com\/www.wallendorff.com\/belogue\/wp-content\/uploads\/2024\/03\/20240327-22.jpg?resize=525%2C300&ssl=1 1.5x, https:\/\/i0.wp.com\/www.wallendorff.com\/belogue\/wp-content\/uploads\/2024\/03\/20240327-22.jpg?resize=700%2C400&ssl=1 2x, https:\/\/i0.wp.com\/www.wallendorff.com\/belogue\/wp-content\/uploads\/2024\/03\/20240327-22.jpg?resize=1050%2C600&ssl=1 3x"},"classes":[]},{"id":3643,"url":"https:\/\/www.wallendorff.com\/belogue\/2008\/12\/03\/sy-naima-si-nemoi\/","url_meta":{"origin":12420,"position":5},"title":"S&rsquo;y n&rsquo;aima si n&rsquo;\u00e9moi.","author":"dpc","date":"3 d\u00e9cembre 2008","format":false,"excerpt":"R\u00e5dhusgata, Oslo, 16 novembre. Kaki King \u2013 Close to Me (The Cure cover) Y a quand m\u00eame des fois o\u00f9 tu portes le fotoapparat \u00e0 ton \u0153il sans savoir pourquoi, que tu d\u00e9clenches sans pouvoir l'expliquer, que tu gardes le r\u00e9sultat sans aucune raison particuli\u00e8re et que tu finis par\u2026","rel":"","context":"Dans &quot;DPC&quot;","block_context":{"text":"DPC","link":"https:\/\/www.wallendorff.com\/belogue\/category\/dpc\/"},"img":{"alt_text":"","src":"https:\/\/i0.wp.com\/www.wallendorff.com\/belogue\/wp-content\/uploads\/2015\/04\/200812031.jpg?resize=350%2C200&ssl=1","width":350,"height":200},"classes":[]}],"_links":{"self":[{"href":"https:\/\/www.wallendorff.com\/belogue\/wp-json\/wp\/v2\/posts\/12420","targetHints":{"allow":["GET"]}}],"collection":[{"href":"https:\/\/www.wallendorff.com\/belogue\/wp-json\/wp\/v2\/posts"}],"about":[{"href":"https:\/\/www.wallendorff.com\/belogue\/wp-json\/wp\/v2\/types\/post"}],"author":[{"embeddable":true,"href":"https:\/\/www.wallendorff.com\/belogue\/wp-json\/wp\/v2\/users\/1"}],"replies":[{"embeddable":true,"href":"https:\/\/www.wallendorff.com\/belogue\/wp-json\/wp\/v2\/comments?post=12420"}],"version-history":[{"count":4,"href":"https:\/\/www.wallendorff.com\/belogue\/wp-json\/wp\/v2\/posts\/12420\/revisions"}],"predecessor-version":[{"id":21047,"href":"https:\/\/www.wallendorff.com\/belogue\/wp-json\/wp\/v2\/posts\/12420\/revisions\/21047"}],"wp:featuredmedia":[{"embeddable":true,"href":"https:\/\/www.wallendorff.com\/belogue\/wp-json\/wp\/v2\/media\/26161"}],"wp:attachment":[{"href":"https:\/\/www.wallendorff.com\/belogue\/wp-json\/wp\/v2\/media?parent=12420"}],"wp:term":[{"taxonomy":"category","embeddable":true,"href":"https:\/\/www.wallendorff.com\/belogue\/wp-json\/wp\/v2\/categories?post=12420"},{"taxonomy":"post_tag","embeddable":true,"href":"https:\/\/www.wallendorff.com\/belogue\/wp-json\/wp\/v2\/tags?post=12420"}],"curies":[{"name":"wp","href":"https:\/\/api.w.org\/{rel}","templated":true}]}}