{"id":124145,"date":"2023-04-03T11:05:24","date_gmt":"2023-04-03T09:05:24","guid":{"rendered":"https:\/\/www.wallendorff.com\/belogue\/?p=124145"},"modified":"2023-04-05T16:17:14","modified_gmt":"2023-04-05T14:17:14","slug":"into-the-wide-274","status":"publish","type":"post","link":"https:\/\/www.wallendorff.com\/belogue\/2023\/04\/03\/into-the-wide-274\/","title":{"rendered":"Into the wide #274"},"content":{"rendered":"\t\t<div data-elementor-type=\"wp-post\" data-elementor-id=\"124145\" class=\"elementor elementor-124145\" data-elementor-post-type=\"post\">\n\t\t\t\t\t\t<section class=\"elementor-section elementor-top-section elementor-element elementor-element-7bbd62f elementor-section-boxed elementor-section-height-default elementor-section-height-default\" data-id=\"7bbd62f\" data-element_type=\"section\" data-e-type=\"section\">\n\t\t\t\t\t\t<div class=\"elementor-container elementor-column-gap-default\">\n\t\t\t\t\t<div class=\"elementor-column elementor-col-100 elementor-top-column elementor-element elementor-element-7a479fb\" data-id=\"7a479fb\" data-element_type=\"column\" data-e-type=\"column\">\n\t\t\t<div class=\"elementor-widget-wrap elementor-element-populated\">\n\t\t\t\t\t\t<div class=\"elementor-element elementor-element-145561a elementor-widget elementor-widget-text-editor\" data-id=\"145561a\" data-element_type=\"widget\" data-e-type=\"widget\" data-widget_type=\"text-editor.default\">\n\t\t\t\t<div class=\"elementor-widget-container\">\n\t\t\t\t\t\t\t\t\t\u00c9pisode 4 de l&rsquo;\u00e9volution de mes focales maximales et des diff\u00e9rents moyens de les mettre en \u0153uvre, apr\u00e8s les tentatives du <a href=\"https:\/\/www.wallendorff.com\/belogue\/2008\/01\/23\/gaule-d-or-arc-go\/\">8 janvier 2008<\/a>, du <a href=\"https:\/\/www.wallendorff.com\/belogue\/2011\/02\/22\/un-parthe-houpa-lhaut-cintre\/\">17 janvier 2011<\/a> et du <a href=\"https:\/\/www.wallendorff.com\/belogue\/2021\/06\/07\/new-sous-x\/\">6 avril 2021<\/a>.\n<p style=\"text-align: right;\">Pfiou que tout \u00e7a ne nous rajeunit point.<\/p>\n\n<div id=\"photo2\">\n\n<img decoding=\"async\" src=\"https:\/\/www.wallendorff.com\/belogue\/wp-content\/uploads\/2023\/04\/20230403-02.jpg\" \/>\n\n<\/div>\t\t\t\t\t\t\t\t<\/div>\n\t\t\t\t<\/div>\n\t\t\t\t\t<\/div>\n\t\t<\/div>\n\t\t\t\t\t<\/div>\n\t\t<\/section>\n\t\t\t\t<\/div>\n\t\t","protected":false},"excerpt":{"rendered":"<p>\u00c9pisode 4 de l&rsquo;\u00e9volution de mes focales maximales et des diff\u00e9rents moyens de les mettre en \u0153uvre, apr\u00e8s les tentatives du 8 janvier 2008, du 17 janvier 2011 et du 6 avril 2021. Pfiou que tout \u00e7a ne nous rajeunit point.<\/p>\n","protected":false},"author":1,"featured_media":124149,"comment_status":"open","ping_status":"open","sticky":false,"template":"","format":"standard","meta":{"_acf_changed":false,"ngg_post_thumbnail":0,"jetpack_post_was_ever_published":false,"_jetpack_newsletter_access":"","_jetpack_dont_email_post_to_subs":false,"_jetpack_newsletter_tier_id":0,"_jetpack_memberships_contains_paywalled_content":false,"_jetpack_memberships_contains_paid_content":false,"footnotes":"","jetpack_publicize_message":"","jetpack_publicize_feature_enabled":true,"jetpack_social_post_already_shared":true,"jetpack_social_options":{"image_generator_settings":{"template":"highway","default_image_id":0,"font":"","enabled":false},"version":2}},"categories":[7356],"tags":[10237,708,8016,1103,10326,10120,18290,10121,11323,10098,5416,10592,14274],"class_list":["post-124145","post","type-post","status-publish","format-standard","has-post-thumbnail","hentry","category-into-the-wide","tag-10237","tag-arc-de-triomphe","tag-arc-de-triomphe-de-letoile","tag-avenue-des-champs-elysees","tag-crepuscule","tag-france","tag-fujifilm-x-t5","tag-ile-de-france","tag-panoramique","tag-paris","tag-place-charles-de-gaulle","tag-pose-longue","tag-samyang-8-mm-f2-8-umc-fisheye-ii"],"acf":[],"geo":{"latitude":48.8733749,"longitude":2.2962499,"description":"Paris 08, \u00cele-de-France, 75008, FR"},"jetpack_publicize_connections":[],"jetpack_featured_media_url":"https:\/\/www.wallendorff.com\/belogue\/wp-content\/uploads\/2023\/04\/20230403.jpg","jetpack_shortlink":"https:\/\/wp.me\/p3b35P-wil","jetpack_sharing_enabled":true,"jetpack-related-posts":[{"id":1145,"url":"https:\/\/www.wallendorff.com\/belogue\/2008\/01\/23\/gaule-d-or-arc-go\/","url_meta":{"origin":124145,"position":0},"title":"Gaule d&rsquo;or Arc goth.","author":"dpc","date":"23 janvier 2008","format":false,"excerpt":"Arc de Triomphe de l'\u00c9toile, Paris, 8 janvier. C'est pas une repompe \u00e9hont\u00e9e1, c'est un hommage. Tiens au fait, si vous avez envie de perdre une journ\u00e9e dans une bonne grosse glande, voil\u00e0 de quoi. \u00a0Pearl Jam \u2013 Aye Davanita _____ 1 Explications techniques, barbantes et soporifiques sur les raisons\u2026","rel":"","context":"Dans &quot;DPC&quot;","block_context":{"text":"DPC","link":"https:\/\/www.wallendorff.com\/belogue\/category\/dpc\/"},"img":{"alt_text":"","src":"https:\/\/i0.wp.com\/www.wallendorff.com\/belogue\/wp-content\/uploads\/2015\/04\/200801231.jpg?resize=350%2C200&ssl=1","width":350,"height":200,"srcset":"https:\/\/i0.wp.com\/www.wallendorff.com\/belogue\/wp-content\/uploads\/2015\/04\/200801231.jpg?resize=350%2C200&ssl=1 1x, https:\/\/i0.wp.com\/www.wallendorff.com\/belogue\/wp-content\/uploads\/2015\/04\/200801231.jpg?resize=525%2C300&ssl=1 1.5x, https:\/\/i0.wp.com\/www.wallendorff.com\/belogue\/wp-content\/uploads\/2015\/04\/200801231.jpg?resize=700%2C400&ssl=1 2x"},"classes":[]},{"id":123976,"url":"https:\/\/www.wallendorff.com\/belogue\/2023\/03\/08\/arc-et-type\/","url_meta":{"origin":124145,"position":1},"title":"Arc et type.","author":"dpc","date":"8 mars 2023","format":false,"excerpt":"Place Charles-de-Gaulle, Paris, 15 janvier 2023.","rel":"","context":"Dans &quot;DPC&quot;","block_context":{"text":"DPC","link":"https:\/\/www.wallendorff.com\/belogue\/category\/dpc-en\/"},"img":{"alt_text":"","src":"https:\/\/i0.wp.com\/www.wallendorff.com\/belogue\/wp-content\/uploads\/2023\/03\/20230308.jpg?resize=350%2C200&ssl=1","width":350,"height":200,"srcset":"https:\/\/i0.wp.com\/www.wallendorff.com\/belogue\/wp-content\/uploads\/2023\/03\/20230308.jpg?resize=350%2C200&ssl=1 1x, https:\/\/i0.wp.com\/www.wallendorff.com\/belogue\/wp-content\/uploads\/2023\/03\/20230308.jpg?resize=525%2C300&ssl=1 1.5x, https:\/\/i0.wp.com\/www.wallendorff.com\/belogue\/wp-content\/uploads\/2023\/03\/20230308.jpg?resize=700%2C400&ssl=1 2x, https:\/\/i0.wp.com\/www.wallendorff.com\/belogue\/wp-content\/uploads\/2023\/03\/20230308.jpg?resize=1050%2C600&ssl=1 3x"},"classes":[]},{"id":33967,"url":"https:\/\/www.wallendorff.com\/belogue\/2017\/05\/10\/pour-les-cercles-des-cercles\/","url_meta":{"origin":124145,"position":2},"title":"Pour les cercles des cercles.","author":"dpc","date":"10 mai 2017","format":false,"excerpt":"Arc de Triomphe de l'\u00c9toile, Paris, 12 mars. [On avait dit et redit et reredit et rereredit et rerereredit et rererereredit et rerererereredit et rererererereredit et rerererererereredit et rererererererereredit et rerererererererereredit que je devais arr\u00eater avec les escaliers vides.] Lights Out Royal Blood","rel":"","context":"Dans &quot;DPC&quot;","block_context":{"text":"DPC","link":"https:\/\/www.wallendorff.com\/belogue\/category\/dpc\/"},"img":{"alt_text":"","src":"https:\/\/i0.wp.com\/www.wallendorff.com\/belogue\/wp-content\/uploads\/2017\/05\/20170510.jpg?resize=350%2C200&ssl=1","width":350,"height":200,"srcset":"https:\/\/i0.wp.com\/www.wallendorff.com\/belogue\/wp-content\/uploads\/2017\/05\/20170510.jpg?resize=350%2C200&ssl=1 1x, https:\/\/i0.wp.com\/www.wallendorff.com\/belogue\/wp-content\/uploads\/2017\/05\/20170510.jpg?resize=525%2C300&ssl=1 1.5x, https:\/\/i0.wp.com\/www.wallendorff.com\/belogue\/wp-content\/uploads\/2017\/05\/20170510.jpg?resize=700%2C400&ssl=1 2x"},"classes":[]},{"id":131726,"url":"https:\/\/www.wallendorff.com\/belogue\/2025\/01\/31\/janvier-2025\/","url_meta":{"origin":124145,"position":3},"title":"Janvier 2025.","author":"dpc","date":"31 janvier 2025","format":false,"excerpt":"Un r\u00e9veillon, un lendemain de r\u00e9veillon, une montagne, un chat pr\u00e9nomm\u00e9 Bob, une fen\u00eatre, un panneau, un croissant de lune, un r\u00e9veillon, un panneau, un chat pr\u00e9nomm\u00e9 Paupiette, un champ, un arbre, un champ, une flaque, un diable rouge, un banc, un No\u00ebl du livre, un mus\u00e9e, un \u00e9corch\u00e9, un\u2026","rel":"","context":"Dans &quot;Blog-note&quot;","block_context":{"text":"Blog-note","link":"https:\/\/www.wallendorff.com\/belogue\/category\/blog-note\/"},"img":{"alt_text":"","src":"https:\/\/i0.wp.com\/www.wallendorff.com\/belogue\/wp-content\/uploads\/2025\/02\/20250212-44.jpg?resize=350%2C200&ssl=1","width":350,"height":200,"srcset":"https:\/\/i0.wp.com\/www.wallendorff.com\/belogue\/wp-content\/uploads\/2025\/02\/20250212-44.jpg?resize=350%2C200&ssl=1 1x, https:\/\/i0.wp.com\/www.wallendorff.com\/belogue\/wp-content\/uploads\/2025\/02\/20250212-44.jpg?resize=525%2C300&ssl=1 1.5x, https:\/\/i0.wp.com\/www.wallendorff.com\/belogue\/wp-content\/uploads\/2025\/02\/20250212-44.jpg?resize=700%2C400&ssl=1 2x, https:\/\/i0.wp.com\/www.wallendorff.com\/belogue\/wp-content\/uploads\/2025\/02\/20250212-44.jpg?resize=1050%2C600&ssl=1 3x"},"classes":[]},{"id":12331,"url":"https:\/\/www.wallendorff.com\/belogue\/2011\/02\/22\/un-parthe-houpa-lhaut-cintre\/","url_meta":{"origin":124145,"position":4},"title":"Un Parthe houpa l&rsquo;haut cintre.","author":"dpc","date":"22 f\u00e9vrier 2011","format":false,"excerpt":"Arc de Triomphe de l'\u00c9toile, Paris, 17 janvier. C'est magnifique. Je n'avais jamais post\u00e9 une telle photo. [Absolument jamais.] \u00a0The Dandy Warhols \u2013 Hells Bells (AC\/DC cover)","rel":"","context":"Dans &quot;DPC&quot;","block_context":{"text":"DPC","link":"https:\/\/www.wallendorff.com\/belogue\/category\/dpc\/"},"img":{"alt_text":"","src":"https:\/\/i0.wp.com\/www.wallendorff.com\/belogue\/wp-content\/uploads\/2015\/04\/201102221.jpg?resize=350%2C200&ssl=1","width":350,"height":200,"srcset":"https:\/\/i0.wp.com\/www.wallendorff.com\/belogue\/wp-content\/uploads\/2015\/04\/201102221.jpg?resize=350%2C200&ssl=1 1x, https:\/\/i0.wp.com\/www.wallendorff.com\/belogue\/wp-content\/uploads\/2015\/04\/201102221.jpg?resize=525%2C300&ssl=1 1.5x, https:\/\/i0.wp.com\/www.wallendorff.com\/belogue\/wp-content\/uploads\/2015\/04\/201102221.jpg?resize=700%2C400&ssl=1 2x"},"classes":[]},{"id":1147,"url":"https:\/\/www.wallendorff.com\/belogue\/2008\/01\/25\/aux-arcs-on-rit\/","url_meta":{"origin":124145,"position":5},"title":"Aux arcs on rit.","author":"dpc","date":"25 janvier 2008","format":false,"excerpt":"Arc de Triomphe de l'\u00c9toile, Paris, 8 janvier. Arcade Fire nous refait le coup de la vid\u00e9o interactive. \u00a0Eddie Vedder \u2013 Long Nights","rel":"","context":"Dans &quot;DPC&quot;","block_context":{"text":"DPC","link":"https:\/\/www.wallendorff.com\/belogue\/category\/dpc\/"},"img":{"alt_text":"","src":"https:\/\/i0.wp.com\/www.wallendorff.com\/belogue\/wp-content\/uploads\/2015\/04\/200801251.jpg?resize=350%2C200&ssl=1","width":350,"height":200},"classes":[]}],"_links":{"self":[{"href":"https:\/\/www.wallendorff.com\/belogue\/wp-json\/wp\/v2\/posts\/124145","targetHints":{"allow":["GET"]}}],"collection":[{"href":"https:\/\/www.wallendorff.com\/belogue\/wp-json\/wp\/v2\/posts"}],"about":[{"href":"https:\/\/www.wallendorff.com\/belogue\/wp-json\/wp\/v2\/types\/post"}],"author":[{"embeddable":true,"href":"https:\/\/www.wallendorff.com\/belogue\/wp-json\/wp\/v2\/users\/1"}],"replies":[{"embeddable":true,"href":"https:\/\/www.wallendorff.com\/belogue\/wp-json\/wp\/v2\/comments?post=124145"}],"version-history":[{"count":6,"href":"https:\/\/www.wallendorff.com\/belogue\/wp-json\/wp\/v2\/posts\/124145\/revisions"}],"predecessor-version":[{"id":124155,"href":"https:\/\/www.wallendorff.com\/belogue\/wp-json\/wp\/v2\/posts\/124145\/revisions\/124155"}],"wp:featuredmedia":[{"embeddable":true,"href":"https:\/\/www.wallendorff.com\/belogue\/wp-json\/wp\/v2\/media\/124149"}],"wp:attachment":[{"href":"https:\/\/www.wallendorff.com\/belogue\/wp-json\/wp\/v2\/media?parent=124145"}],"wp:term":[{"taxonomy":"category","embeddable":true,"href":"https:\/\/www.wallendorff.com\/belogue\/wp-json\/wp\/v2\/categories?post=124145"},{"taxonomy":"post_tag","embeddable":true,"href":"https:\/\/www.wallendorff.com\/belogue\/wp-json\/wp\/v2\/tags?post=124145"}],"curies":[{"name":"wp","href":"https:\/\/api.w.org\/{rel}","templated":true}]}}