{"id":12410,"date":"2011-03-10T12:48:39","date_gmt":"2011-03-10T11:48:39","guid":{"rendered":"http:\/\/www.po-l.com\/belogue\/?p=12410"},"modified":"2012-02-06T12:00:02","modified_gmt":"2012-02-06T10:00:02","slug":"roue-bancs-a-des-ifs","status":"publish","type":"post","link":"https:\/\/www.wallendorff.com\/belogue\/2011\/03\/10\/roue-bancs-a-des-ifs\/","title":{"rendered":"Roue, bancs \u00e0 des ifs."},"content":{"rendered":"\n<div id=\"photo\">\n<p><img decoding=\"async\" src=\"https:\/\/www.wallendorff.com\/belogue\/photo\/2011\/03\/20110310.jpg\" \/><br \/>\n   Esplanade, Metz, 13 f&eacute;vrier.<\/p>\n<\/p><\/div>\n<div id=\"bandeson\">\n<p><img decoding=\"async\" src=\"https:\/\/www.wallendorff.com\/belogue\/photo\/pochettes\/w\/wynn_steve_and_the_miracle_3-northern_aggression.jpg\" align=\"left\" \/>&nbsp;<a href=\"http:\/\/www.stevewynn.net\/\">Steve Wynn and the Miracle 3<\/a> &ndash; <em>Resolution<\/em><\/p>\n<\/p><\/div>\n","protected":false},"excerpt":{"rendered":"<p>Esplanade, Metz, 13 f&eacute;vrier. &nbsp;Steve Wynn and the Miracle 3 &ndash; Resolution<\/p>\n","protected":false},"author":1,"featured_media":26157,"comment_status":"open","ping_status":"open","sticky":false,"template":"","format":"standard","meta":{"_acf_changed":false,"ngg_post_thumbnail":0,"jetpack_post_was_ever_published":false,"_jetpack_newsletter_access":"","_jetpack_dont_email_post_to_subs":false,"_jetpack_newsletter_tier_id":0,"_jetpack_memberships_contains_paywalled_content":false,"_jetpack_memberships_contains_paid_content":false,"footnotes":"","jetpack_publicize_message":"","jetpack_publicize_feature_enabled":true,"jetpack_social_post_already_shared":false,"jetpack_social_options":{"image_generator_settings":{"template":"highway","default_image_id":0,"font":"","enabled":false},"version":2}},"categories":[3],"tags":[10226,2571,2615,3938,10120,3590,10175,10173,10174,10147,10504,4752,4751],"class_list":["post-12410","post","type-post","status-publish","format-standard","has-post-thumbnail","hentry","category-dpc","tag-banc","tag-ef-16-35-mm-f28l-ii-usm","tag-eos-5d-mark-ii","tag-esplanade","tag-france","tag-grande-roue","tag-lorraine","tag-metz","tag-moselle","tag-nuit","tag-parc","tag-resolution","tag-steve-wynn"],"acf":[],"geo":{"latitude":49.1166191,"longitude":6.1701751,"description":"Promenade d&apos;Armenti\u00e8res, 57000 Metz, France"},"jetpack_publicize_connections":[],"jetpack_featured_media_url":"https:\/\/www.wallendorff.com\/belogue\/wp-content\/uploads\/2015\/04\/201103101.jpg","jetpack_shortlink":"https:\/\/wp.me\/p3b35P-3ea","jetpack_sharing_enabled":true,"jetpack-related-posts":[{"id":7792,"url":"https:\/\/www.wallendorff.com\/belogue\/2010\/07\/02\/tranxene-de-le-matin\/","url_meta":{"origin":12410,"position":0},"title":"Tranx\u00e8ne de le matin.","author":"dpc","date":"2 juillet 2010","format":false,"excerpt":"Esplanade, Metz, 23 mai. Y a des anniversaires qu'il vaut mieux aller passer ailleurs. \u00a0 Und jetzt, nach Arras. \u00a0Crystal Fighters \u2013 In the Summer","rel":"","context":"Dans &quot;DPC&quot;","block_context":{"text":"DPC","link":"https:\/\/www.wallendorff.com\/belogue\/category\/dpc\/"},"img":{"alt_text":"","src":"https:\/\/i0.wp.com\/www.wallendorff.com\/belogue\/wp-content\/uploads\/2015\/04\/201007021.jpg?resize=350%2C200&ssl=1","width":350,"height":200},"classes":[]},{"id":131991,"url":"https:\/\/www.wallendorff.com\/belogue\/2025\/03\/26\/metz-de-noel\/","url_meta":{"origin":12410,"position":1},"title":"Metz de No\u00ebl.","author":"dpc","date":"26 mars 2025","format":false,"excerpt":"","rel":"","context":"Dans &quot;DPC&quot;","block_context":{"text":"DPC","link":"https:\/\/www.wallendorff.com\/belogue\/category\/dpc\/"},"img":{"alt_text":"","src":"https:\/\/i0.wp.com\/www.wallendorff.com\/belogue\/wp-content\/uploads\/2025\/03\/20250326-04.jpg?resize=350%2C200&ssl=1","width":350,"height":200,"srcset":"https:\/\/i0.wp.com\/www.wallendorff.com\/belogue\/wp-content\/uploads\/2025\/03\/20250326-04.jpg?resize=350%2C200&ssl=1 1x, https:\/\/i0.wp.com\/www.wallendorff.com\/belogue\/wp-content\/uploads\/2025\/03\/20250326-04.jpg?resize=525%2C300&ssl=1 1.5x, https:\/\/i0.wp.com\/www.wallendorff.com\/belogue\/wp-content\/uploads\/2025\/03\/20250326-04.jpg?resize=700%2C400&ssl=1 2x"},"classes":[]},{"id":7822,"url":"https:\/\/www.wallendorff.com\/belogue\/2010\/07\/08\/7822\/","url_meta":{"origin":12410,"position":2},"title":"&#8230;","author":"dpc","date":"8 juillet 2010","format":false,"excerpt":"Arsenal, Metz, 23 mai. [\u00c7a y est je suis sec du titre. Ma vie est foutue.] \u00a0Meursault \u2013 The Furnace (alternate version)","rel":"","context":"Dans &quot;DPC&quot;","block_context":{"text":"DPC","link":"https:\/\/www.wallendorff.com\/belogue\/category\/dpc\/"},"img":{"alt_text":"","src":"https:\/\/i0.wp.com\/www.wallendorff.com\/belogue\/wp-content\/uploads\/2015\/04\/201007081.jpg?resize=350%2C200&ssl=1","width":350,"height":200},"classes":[]},{"id":37318,"url":"https:\/\/www.wallendorff.com\/belogue\/2018\/02\/26\/into-the-wide-136\/","url_meta":{"origin":12410,"position":3},"title":"Into the wide #136.","author":"dpc","date":"26 f\u00e9vrier 2018","format":false,"excerpt":"Place d'Armes, Metz, 27 d\u00e9cembre 2017. Rough MixRon Gallo","rel":"","context":"Dans &quot;Into the wide&quot;","block_context":{"text":"Into the wide","link":"https:\/\/www.wallendorff.com\/belogue\/category\/into-the-wide\/"},"img":{"alt_text":"Place d'Armes, Metz, 27 d\u00e9cembre 2017.","src":"https:\/\/i0.wp.com\/www.wallendorff.com\/belogue\/wp-content\/uploads\/2018\/02\/20180226.jpg?resize=350%2C200&ssl=1","width":350,"height":200,"srcset":"https:\/\/i0.wp.com\/www.wallendorff.com\/belogue\/wp-content\/uploads\/2018\/02\/20180226.jpg?resize=350%2C200&ssl=1 1x, https:\/\/i0.wp.com\/www.wallendorff.com\/belogue\/wp-content\/uploads\/2018\/02\/20180226.jpg?resize=525%2C300&ssl=1 1.5x, https:\/\/i0.wp.com\/www.wallendorff.com\/belogue\/wp-content\/uploads\/2018\/02\/20180226.jpg?resize=700%2C400&ssl=1 2x, https:\/\/i0.wp.com\/www.wallendorff.com\/belogue\/wp-content\/uploads\/2018\/02\/20180226.jpg?resize=1050%2C600&ssl=1 3x"},"classes":[]},{"id":4172,"url":"https:\/\/www.wallendorff.com\/belogue\/2009\/04\/24\/mil777\/","url_meta":{"origin":12410,"position":4},"title":"1777.","author":"dpc","date":"24 avril 2009","format":false,"excerpt":"Jardins du Palais de Justice, Metz, 20 mars. Zou, parti. En guise de bande-son et en attendant la prochaine note, qui pourrait mettre le temps \u00e0 venir, je vous laisse profiter du trop top d\u00e9jy set qu'Ama-L m'a gentiment invit\u00e9 \u00e0 faire. Il est l\u00e0, et j'esp\u00e8re qu'il vous plaira.\u2026","rel":"","context":"Dans &quot;DPC&quot;","block_context":{"text":"DPC","link":"https:\/\/www.wallendorff.com\/belogue\/category\/dpc\/"},"img":{"alt_text":"","src":"https:\/\/i0.wp.com\/www.wallendorff.com\/belogue\/wp-content\/uploads\/2015\/04\/200904241.jpg?resize=350%2C200&ssl=1","width":350,"height":200},"classes":[]},{"id":116,"url":"https:\/\/www.wallendorff.com\/belogue\/2006\/04\/05\/poneyshot-2\/","url_meta":{"origin":12410,"position":5},"title":"Poneyshot #2.","author":"dpc","date":"5 avril 2006","format":false,"excerpt":"Attention. Cette note contient, elle aussi, une v\u00e9ritable photo de poney.","rel":"","context":"Dans &quot;DPC&quot;","block_context":{"text":"DPC","link":"https:\/\/www.wallendorff.com\/belogue\/category\/dpc\/"},"img":{"alt_text":"","src":"https:\/\/i0.wp.com\/www.wallendorff.com\/belogue\/wp-content\/uploads\/2015\/04\/200604051.jpg?resize=350%2C200&ssl=1","width":350,"height":200},"classes":[]}],"_links":{"self":[{"href":"https:\/\/www.wallendorff.com\/belogue\/wp-json\/wp\/v2\/posts\/12410","targetHints":{"allow":["GET"]}}],"collection":[{"href":"https:\/\/www.wallendorff.com\/belogue\/wp-json\/wp\/v2\/posts"}],"about":[{"href":"https:\/\/www.wallendorff.com\/belogue\/wp-json\/wp\/v2\/types\/post"}],"author":[{"embeddable":true,"href":"https:\/\/www.wallendorff.com\/belogue\/wp-json\/wp\/v2\/users\/1"}],"replies":[{"embeddable":true,"href":"https:\/\/www.wallendorff.com\/belogue\/wp-json\/wp\/v2\/comments?post=12410"}],"version-history":[{"count":1,"href":"https:\/\/www.wallendorff.com\/belogue\/wp-json\/wp\/v2\/posts\/12410\/revisions"}],"predecessor-version":[{"id":15750,"href":"https:\/\/www.wallendorff.com\/belogue\/wp-json\/wp\/v2\/posts\/12410\/revisions\/15750"}],"wp:featuredmedia":[{"embeddable":true,"href":"https:\/\/www.wallendorff.com\/belogue\/wp-json\/wp\/v2\/media\/26157"}],"wp:attachment":[{"href":"https:\/\/www.wallendorff.com\/belogue\/wp-json\/wp\/v2\/media?parent=12410"}],"wp:term":[{"taxonomy":"category","embeddable":true,"href":"https:\/\/www.wallendorff.com\/belogue\/wp-json\/wp\/v2\/categories?post=12410"},{"taxonomy":"post_tag","embeddable":true,"href":"https:\/\/www.wallendorff.com\/belogue\/wp-json\/wp\/v2\/tags?post=12410"}],"curies":[{"name":"wp","href":"https:\/\/api.w.org\/{rel}","templated":true}]}}