{"id":124,"date":"2006-04-13T19:21:43","date_gmt":"2006-04-13T19:21:43","guid":{"rendered":"http:\/\/www.po-l.com\/wordpress\/?p=124"},"modified":"2012-03-04T14:51:19","modified_gmt":"2012-03-04T12:51:19","slug":"sois-tranquille-et-plonge","status":"publish","type":"post","link":"https:\/\/www.wallendorff.com\/belogue\/2006\/04\/13\/sois-tranquille-et-plonge\/","title":{"rendered":"Sois tranquille et plonge&sup1;."},"content":{"rendered":"\n<div id=\"photo\">\n<p><img decoding=\"async\" src=\"http:\/\/www.po-L.com\/belogue\/photo\/2006\/04\/20060413.jpg\" \/><br \/>\n          &Icirc;le de la Cit&eacute;, Paris, 9 avril.<\/p>\n<\/p><\/div>\n<p style=\"text-align:right\">Aujourd&rsquo;hui, rien.<\/p>\n<p style=\"text-align:right\">&Agrave; part trois minutes et quinze secondes de d&eacute;tente bienvenues avant une autre soir&eacute;e de poney. <\/p>\n<div id=\"bandeson\">\n<p><img decoding=\"async\" src=\"https:\/\/www.wallendorff.com\/belogue\/photo\/pochettes\/h\/help_a_day_in_the_life.jpg\" align=\"left\" \/>&nbsp;<a href=\"http:\/\/www.radiohead.com\/\">Radiohead<\/a> &ndash; <em>I Want None of This<\/em><\/p>\n<\/p><\/div>\n<p>_____<\/p>\n<div id=\"bas_note\">\n<p><sup>1<\/sup> Pour la version anglaise, voir la note du <a href=\"https:\/\/www.wallendorff.com\/belogue\/2004\/09\/28\/be-quiet-and-dive\/\">28 septembre 2004<\/a>. <\/p>\n<\/p><\/div>\n","protected":false},"excerpt":{"rendered":"<p>&Icirc;le de la Cit&eacute;, Paris, 9 avril. Aujourd&rsquo;hui, rien. &Agrave; part trois minutes et quinze secondes de d&eacute;tente bienvenues avant une autre soir&eacute;e de poney. &nbsp;Radiohead &ndash; I Want None of This _____ 1 Pour la version anglaise, voir la note du 28 septembre 2004.<\/p>\n","protected":false},"author":1,"featured_media":24058,"comment_status":"open","ping_status":"open","sticky":false,"template":"","format":"standard","meta":{"_acf_changed":false,"ngg_post_thumbnail":0,"jetpack_post_was_ever_published":false,"_jetpack_newsletter_access":"","_jetpack_dont_email_post_to_subs":false,"_jetpack_newsletter_tier_id":0,"_jetpack_memberships_contains_paywalled_content":false,"_jetpack_memberships_contains_paid_content":false,"footnotes":"","jetpack_publicize_message":"","jetpack_publicize_feature_enabled":true,"jetpack_social_post_already_shared":false,"jetpack_social_options":{"image_generator_settings":{"template":"highway","default_image_id":0,"font":"","enabled":false},"version":2}},"categories":[3],"tags":[10277,10384,132,10120,1549,10279,10121,143,10098,128,173],"class_list":["post-124","post","type-post","status-publish","format-standard","has-post-thumbnail","hentry","category-dpc","tag-10277","tag-bateau","tag-eos-20d","tag-france","tag-i-want-none-of-this","tag-ile-de-la-cite","tag-ile-de-france","tag-noir-et-blanc","tag-paris","tag-radiohead","tag-sigma-28-70-mm-f28-dg-ex"],"acf":[],"geo":{"latitude":48.851696,"longitude":2.3515463,"description":"Pont de l'Archev\u00each\u00e9, 75004 Paris, France"},"jetpack_publicize_connections":[],"jetpack_featured_media_url":"https:\/\/www.wallendorff.com\/belogue\/wp-content\/uploads\/2015\/04\/200604131.jpg","jetpack_shortlink":"https:\/\/wp.me\/p3b35P-20","jetpack_sharing_enabled":true,"jetpack-related-posts":[{"id":131210,"url":"https:\/\/www.wallendorff.com\/belogue\/2024\/12\/02\/un-drap-mou-enorme-et-gesir\/","url_meta":{"origin":124,"position":0},"title":"Un drap mou \u00e9norme et g\u00e9sir.","author":"dpc","date":"2 d\u00e9cembre 2024","format":false,"excerpt":"Pont Notre-Dame, Paris, 3 septembre 2024.","rel":"","context":"Dans &quot;DPC&quot;","block_context":{"text":"DPC","link":"https:\/\/www.wallendorff.com\/belogue\/category\/dpc\/"},"img":{"alt_text":"","src":"https:\/\/i0.wp.com\/www.wallendorff.com\/belogue\/wp-content\/uploads\/2024\/12\/20241202.jpg?resize=350%2C200&ssl=1","width":350,"height":200,"srcset":"https:\/\/i0.wp.com\/www.wallendorff.com\/belogue\/wp-content\/uploads\/2024\/12\/20241202.jpg?resize=350%2C200&ssl=1 1x, https:\/\/i0.wp.com\/www.wallendorff.com\/belogue\/wp-content\/uploads\/2024\/12\/20241202.jpg?resize=525%2C300&ssl=1 1.5x, https:\/\/i0.wp.com\/www.wallendorff.com\/belogue\/wp-content\/uploads\/2024\/12\/20241202.jpg?resize=700%2C400&ssl=1 2x, https:\/\/i0.wp.com\/www.wallendorff.com\/belogue\/wp-content\/uploads\/2024\/12\/20241202.jpg?resize=1050%2C600&ssl=1 3x"},"classes":[]},{"id":5527,"url":"https:\/\/www.wallendorff.com\/belogue\/2009\/12\/23\/le-fout-la-poulpe\/","url_meta":{"origin":124,"position":1},"title":"Le fout l\u00e0 poulpe.","author":"dpc","date":"23 d\u00e9cembre 2009","format":false,"excerpt":"Square du Vert-Galant, Paris, 25 octobre. \u00a0Radiohead \u2013 Electioneering When I go forwards you go backwards and somewhere we will meet ah ah ah.","rel":"","context":"Dans &quot;DPC&quot;","block_context":{"text":"DPC","link":"https:\/\/www.wallendorff.com\/belogue\/category\/dpc\/"},"img":{"alt_text":"","src":"https:\/\/i0.wp.com\/www.wallendorff.com\/belogue\/wp-content\/uploads\/2015\/04\/200912231.jpg?resize=350%2C200&ssl=1","width":350,"height":200},"classes":[]},{"id":126635,"url":"https:\/\/www.wallendorff.com\/belogue\/2023\/11\/16\/into-the-wide-284\/","url_meta":{"origin":124,"position":2},"title":"Into the wide #284.","author":"dpc","date":"16 novembre 2023","format":false,"excerpt":"Cit\u00e9 de l'\u00c9conomie, Paris, 16 septembre 2023.","rel":"","context":"Dans &quot;Into the wide&quot;","block_context":{"text":"Into the wide","link":"https:\/\/www.wallendorff.com\/belogue\/category\/into-the-wide\/"},"img":{"alt_text":"","src":"https:\/\/i0.wp.com\/www.wallendorff.com\/belogue\/wp-content\/uploads\/2023\/11\/20231116-01.jpg?resize=350%2C200&ssl=1","width":350,"height":200,"srcset":"https:\/\/i0.wp.com\/www.wallendorff.com\/belogue\/wp-content\/uploads\/2023\/11\/20231116-01.jpg?resize=350%2C200&ssl=1 1x, https:\/\/i0.wp.com\/www.wallendorff.com\/belogue\/wp-content\/uploads\/2023\/11\/20231116-01.jpg?resize=525%2C300&ssl=1 1.5x, https:\/\/i0.wp.com\/www.wallendorff.com\/belogue\/wp-content\/uploads\/2023\/11\/20231116-01.jpg?resize=700%2C400&ssl=1 2x, https:\/\/i0.wp.com\/www.wallendorff.com\/belogue\/wp-content\/uploads\/2023\/11\/20231116-01.jpg?resize=1050%2C600&ssl=1 3x"},"classes":[]},{"id":124491,"url":"https:\/\/www.wallendorff.com\/belogue\/2023\/05\/15\/arc-en-selle\/","url_meta":{"origin":124,"position":3},"title":"Arc en selle.","author":"dpc","date":"15 mai 2023","format":false,"excerpt":"Place du Pont-Neuf, Paris, 28 f\u00e9vrier 2023.","rel":"","context":"Dans &quot;DPC&quot;","block_context":{"text":"DPC","link":"https:\/\/www.wallendorff.com\/belogue\/category\/dpc-en\/"},"img":{"alt_text":"","src":"https:\/\/i0.wp.com\/www.wallendorff.com\/belogue\/wp-content\/uploads\/2023\/05\/20230515.jpg?resize=350%2C200&ssl=1","width":350,"height":200,"srcset":"https:\/\/i0.wp.com\/www.wallendorff.com\/belogue\/wp-content\/uploads\/2023\/05\/20230515.jpg?resize=350%2C200&ssl=1 1x, https:\/\/i0.wp.com\/www.wallendorff.com\/belogue\/wp-content\/uploads\/2023\/05\/20230515.jpg?resize=525%2C300&ssl=1 1.5x, https:\/\/i0.wp.com\/www.wallendorff.com\/belogue\/wp-content\/uploads\/2023\/05\/20230515.jpg?resize=700%2C400&ssl=1 2x, https:\/\/i0.wp.com\/www.wallendorff.com\/belogue\/wp-content\/uploads\/2023\/05\/20230515.jpg?resize=1050%2C600&ssl=1 3x"},"classes":[]},{"id":135994,"url":"https:\/\/www.wallendorff.com\/belogue\/2026\/04\/27\/pierres-belle-mare\/","url_meta":{"origin":124,"position":4},"title":"Pierres, belle mare.","author":"dpc","date":"27 avril 2026","format":false,"excerpt":"Port de Montebello, Paris, 6 f\u00e9vrier 2026.","rel":"","context":"Dans &quot;DPC&quot;","block_context":{"text":"DPC","link":"https:\/\/www.wallendorff.com\/belogue\/category\/dpc\/"},"img":{"alt_text":"","src":"https:\/\/i0.wp.com\/www.wallendorff.com\/belogue\/wp-content\/uploads\/2026\/04\/20260427.jpg?resize=350%2C200&ssl=1","width":350,"height":200,"srcset":"https:\/\/i0.wp.com\/www.wallendorff.com\/belogue\/wp-content\/uploads\/2026\/04\/20260427.jpg?resize=350%2C200&ssl=1 1x, https:\/\/i0.wp.com\/www.wallendorff.com\/belogue\/wp-content\/uploads\/2026\/04\/20260427.jpg?resize=525%2C300&ssl=1 1.5x, https:\/\/i0.wp.com\/www.wallendorff.com\/belogue\/wp-content\/uploads\/2026\/04\/20260427.jpg?resize=700%2C400&ssl=1 2x"},"classes":[]},{"id":126625,"url":"https:\/\/www.wallendorff.com\/belogue\/2023\/11\/14\/into-the-wide-283\/","url_meta":{"origin":124,"position":5},"title":"Into the wide #283.","author":"dpc","date":"14 novembre 2023","format":false,"excerpt":"Cit\u00e9 de l'\u00c9conomie, Paris, 16 septembre 2023.","rel":"","context":"Dans &quot;Into the wide&quot;","block_context":{"text":"Into the wide","link":"https:\/\/www.wallendorff.com\/belogue\/category\/into-the-wide\/"},"img":{"alt_text":"","src":"https:\/\/i0.wp.com\/www.wallendorff.com\/belogue\/wp-content\/uploads\/2023\/11\/20231114.jpg?resize=350%2C200&ssl=1","width":350,"height":200,"srcset":"https:\/\/i0.wp.com\/www.wallendorff.com\/belogue\/wp-content\/uploads\/2023\/11\/20231114.jpg?resize=350%2C200&ssl=1 1x, https:\/\/i0.wp.com\/www.wallendorff.com\/belogue\/wp-content\/uploads\/2023\/11\/20231114.jpg?resize=525%2C300&ssl=1 1.5x, https:\/\/i0.wp.com\/www.wallendorff.com\/belogue\/wp-content\/uploads\/2023\/11\/20231114.jpg?resize=700%2C400&ssl=1 2x, https:\/\/i0.wp.com\/www.wallendorff.com\/belogue\/wp-content\/uploads\/2023\/11\/20231114.jpg?resize=1050%2C600&ssl=1 3x"},"classes":[]}],"_links":{"self":[{"href":"https:\/\/www.wallendorff.com\/belogue\/wp-json\/wp\/v2\/posts\/124","targetHints":{"allow":["GET"]}}],"collection":[{"href":"https:\/\/www.wallendorff.com\/belogue\/wp-json\/wp\/v2\/posts"}],"about":[{"href":"https:\/\/www.wallendorff.com\/belogue\/wp-json\/wp\/v2\/types\/post"}],"author":[{"embeddable":true,"href":"https:\/\/www.wallendorff.com\/belogue\/wp-json\/wp\/v2\/users\/1"}],"replies":[{"embeddable":true,"href":"https:\/\/www.wallendorff.com\/belogue\/wp-json\/wp\/v2\/comments?post=124"}],"version-history":[{"count":2,"href":"https:\/\/www.wallendorff.com\/belogue\/wp-json\/wp\/v2\/posts\/124\/revisions"}],"predecessor-version":[{"id":16207,"href":"https:\/\/www.wallendorff.com\/belogue\/wp-json\/wp\/v2\/posts\/124\/revisions\/16207"}],"wp:featuredmedia":[{"embeddable":true,"href":"https:\/\/www.wallendorff.com\/belogue\/wp-json\/wp\/v2\/media\/24058"}],"wp:attachment":[{"href":"https:\/\/www.wallendorff.com\/belogue\/wp-json\/wp\/v2\/media?parent=124"}],"wp:term":[{"taxonomy":"category","embeddable":true,"href":"https:\/\/www.wallendorff.com\/belogue\/wp-json\/wp\/v2\/categories?post=124"},{"taxonomy":"post_tag","embeddable":true,"href":"https:\/\/www.wallendorff.com\/belogue\/wp-json\/wp\/v2\/tags?post=124"}],"curies":[{"name":"wp","href":"https:\/\/api.w.org\/{rel}","templated":true}]}}