{"id":123995,"date":"2023-03-16T17:47:38","date_gmt":"2023-03-16T15:47:38","guid":{"rendered":"https:\/\/www.wallendorff.com\/belogue\/?p=123995"},"modified":"2023-03-16T17:52:46","modified_gmt":"2023-03-16T15:52:46","slug":"flaque-de-lettres","status":"publish","type":"post","link":"https:\/\/www.wallendorff.com\/belogue\/2023\/03\/16\/flaque-de-lettres\/","title":{"rendered":"Flaque de lettres."},"content":{"rendered":"\t\t<div data-elementor-type=\"wp-post\" data-elementor-id=\"123995\" class=\"elementor elementor-123995\" data-elementor-post-type=\"post\">\n\t\t\t\t\t\t<section class=\"elementor-section elementor-top-section elementor-element elementor-element-7bbd62f elementor-section-boxed elementor-section-height-default elementor-section-height-default\" data-id=\"7bbd62f\" data-element_type=\"section\" data-e-type=\"section\">\n\t\t\t\t\t\t<div class=\"elementor-container elementor-column-gap-default\">\n\t\t\t\t\t<div class=\"elementor-column elementor-col-100 elementor-top-column elementor-element elementor-element-7a479fb\" data-id=\"7a479fb\" data-element_type=\"column\" data-e-type=\"column\">\n\t\t\t<div class=\"elementor-widget-wrap elementor-element-populated\">\n\t\t\t\t\t\t<div class=\"elementor-element elementor-element-ed6c9bf elementor-widget elementor-widget-text-editor\" data-id=\"ed6c9bf\" data-element_type=\"widget\" data-e-type=\"widget\" data-widget_type=\"text-editor.default\">\n\t\t\t\t<div class=\"elementor-widget-container\">\n\t\t\t\t\t\t\t\t\t<div id=\"photo\">\n\n<img decoding=\"async\" src=\"https:\/\/www.wallendorff.com\/belogue\/wp-content\/uploads\/2023\/03\/20230316.jpg\" \/>\nVoie Georges-Pompidou, Paris, 20 janvier 2023.\n\n<\/div>\t\t\t\t\t\t\t\t<\/div>\n\t\t\t\t<\/div>\n\t\t\t\t\t<\/div>\n\t\t<\/div>\n\t\t\t\t\t<\/div>\n\t\t<\/section>\n\t\t\t\t<section class=\"elementor-section elementor-top-section elementor-element elementor-element-d352968 elementor-section-boxed elementor-section-height-default elementor-section-height-default\" data-id=\"d352968\" data-element_type=\"section\" data-e-type=\"section\">\n\t\t\t\t\t\t<div class=\"elementor-container elementor-column-gap-default\">\n\t\t\t\t\t<div class=\"elementor-column elementor-col-100 elementor-top-column elementor-element elementor-element-0b4774a\" data-id=\"0b4774a\" data-element_type=\"column\" data-e-type=\"column\">\n\t\t\t<div class=\"elementor-widget-wrap\">\n\t\t\t\t\t\t\t<\/div>\n\t\t<\/div>\n\t\t\t\t\t<\/div>\n\t\t<\/section>\n\t\t\t\t<\/div>\n\t\t","protected":false},"excerpt":{"rendered":"<p>Voie Georges-Pompidou, Paris, 20 janvier 2023.<\/p>\n","protected":false},"author":1,"featured_media":124002,"comment_status":"open","ping_status":"open","sticky":false,"template":"","format":"standard","meta":{"_acf_changed":false,"ngg_post_thumbnail":0,"jetpack_post_was_ever_published":false,"_jetpack_newsletter_access":"","_jetpack_dont_email_post_to_subs":false,"_jetpack_newsletter_tier_id":0,"_jetpack_memberships_contains_paywalled_content":false,"_jetpack_memberships_contains_paid_content":false,"footnotes":"","jetpack_publicize_message":"","jetpack_publicize_feature_enabled":true,"jetpack_social_post_already_shared":true,"jetpack_social_options":{"image_generator_settings":{"template":"highway","default_image_id":0,"font":"","enabled":false},"version":2}},"categories":[7654],"tags":[10182,10250,10326,2469,10120,18290,14268,10121,4288,10098,10262,11894],"class_list":["post-123995","post","type-post","status-publish","format-standard","has-post-thumbnail","hentry","category-dpc-en","tag-10182","tag-10250","tag-crepuscule","tag-flaque","tag-france","tag-fujifilm-x-t5","tag-fujinon-xf-18-mm-f2-0","tag-ile-de-france","tag-institut-de-france","tag-paris","tag-reflet","tag-voie-georges-pompidou"],"acf":[],"geo":{"latitude":48.8588943,"longitude":2.3389988,"description":"Paris 01, \u00cele-de-France, 75001, FR"},"jetpack_publicize_connections":[],"jetpack_featured_media_url":"https:\/\/www.wallendorff.com\/belogue\/wp-content\/uploads\/2023\/03\/20230316.jpg","jetpack_shortlink":"https:\/\/wp.me\/p3b35P-wfV","jetpack_sharing_enabled":true,"jetpack-related-posts":[{"id":124009,"url":"https:\/\/www.wallendorff.com\/belogue\/2023\/03\/19\/miroir-mon-dome-miroir\/","url_meta":{"origin":123995,"position":0},"title":"Miroir, mon d\u00f4me-miroir.","author":"dpc","date":"19 mars 2023","format":false,"excerpt":"Voie Georges-Pompidou, Paris, 20 janvier 2023.","rel":"","context":"Dans &quot;DPC&quot;","block_context":{"text":"DPC","link":"https:\/\/www.wallendorff.com\/belogue\/category\/dpc-en\/"},"img":{"alt_text":"","src":"https:\/\/i0.wp.com\/www.wallendorff.com\/belogue\/wp-content\/uploads\/2023\/03\/20230319.jpg?resize=350%2C200&ssl=1","width":350,"height":200,"srcset":"https:\/\/i0.wp.com\/www.wallendorff.com\/belogue\/wp-content\/uploads\/2023\/03\/20230319.jpg?resize=350%2C200&ssl=1 1x, https:\/\/i0.wp.com\/www.wallendorff.com\/belogue\/wp-content\/uploads\/2023\/03\/20230319.jpg?resize=525%2C300&ssl=1 1.5x, https:\/\/i0.wp.com\/www.wallendorff.com\/belogue\/wp-content\/uploads\/2023\/03\/20230319.jpg?resize=700%2C400&ssl=1 2x, https:\/\/i0.wp.com\/www.wallendorff.com\/belogue\/wp-content\/uploads\/2023\/03\/20230319.jpg?resize=1050%2C600&ssl=1 3x"},"classes":[]},{"id":47976,"url":"https:\/\/www.wallendorff.com\/belogue\/2021\/03\/08\/into-the-wide-216\/","url_meta":{"origin":123995,"position":1},"title":"Into the wide #216.","author":"dpc","date":"8 mars 2021","format":false,"excerpt":"Voie Georges-Pompidou, Paris, 4 d\u00e9cembre 2020. Breeze The Men","rel":"","context":"Dans &quot;Into the wide&quot;","block_context":{"text":"Into the wide","link":"https:\/\/www.wallendorff.com\/belogue\/category\/into-the-wide\/"},"img":{"alt_text":"","src":"https:\/\/i0.wp.com\/www.wallendorff.com\/belogue\/wp-content\/uploads\/2021\/03\/20210308.jpg?resize=350%2C200&ssl=1","width":350,"height":200,"srcset":"https:\/\/i0.wp.com\/www.wallendorff.com\/belogue\/wp-content\/uploads\/2021\/03\/20210308.jpg?resize=350%2C200&ssl=1 1x, https:\/\/i0.wp.com\/www.wallendorff.com\/belogue\/wp-content\/uploads\/2021\/03\/20210308.jpg?resize=525%2C300&ssl=1 1.5x, https:\/\/i0.wp.com\/www.wallendorff.com\/belogue\/wp-content\/uploads\/2021\/03\/20210308.jpg?resize=700%2C400&ssl=1 2x, https:\/\/i0.wp.com\/www.wallendorff.com\/belogue\/wp-content\/uploads\/2021\/03\/20210308.jpg?resize=1050%2C600&ssl=1 3x"},"classes":[]},{"id":48498,"url":"https:\/\/www.wallendorff.com\/belogue\/2021\/06\/03\/into-the-wide-223\/","url_meta":{"origin":123995,"position":2},"title":"Into the wide #223.","author":"dpc","date":"3 juin 2021","format":false,"excerpt":"Voie Georges-Pompidou, Paris, 27 mars 2021. Hours and Hours Bully\u00a0","rel":"","context":"Dans &quot;Into the wide&quot;","block_context":{"text":"Into the wide","link":"https:\/\/www.wallendorff.com\/belogue\/category\/into-the-wide\/"},"img":{"alt_text":"","src":"https:\/\/i0.wp.com\/www.wallendorff.com\/belogue\/wp-content\/uploads\/2021\/06\/20210603.jpg?resize=350%2C200&ssl=1","width":350,"height":200,"srcset":"https:\/\/i0.wp.com\/www.wallendorff.com\/belogue\/wp-content\/uploads\/2021\/06\/20210603.jpg?resize=350%2C200&ssl=1 1x, https:\/\/i0.wp.com\/www.wallendorff.com\/belogue\/wp-content\/uploads\/2021\/06\/20210603.jpg?resize=525%2C300&ssl=1 1.5x, https:\/\/i0.wp.com\/www.wallendorff.com\/belogue\/wp-content\/uploads\/2021\/06\/20210603.jpg?resize=700%2C400&ssl=1 2x, https:\/\/i0.wp.com\/www.wallendorff.com\/belogue\/wp-content\/uploads\/2021\/06\/20210603.jpg?resize=1050%2C600&ssl=1 3x"},"classes":[]},{"id":45573,"url":"https:\/\/www.wallendorff.com\/belogue\/2020\/05\/03\/et-la-en-vide-nuit-quai\/","url_meta":{"origin":123995,"position":3},"title":"Et l\u00e0, en vide nuit : quai.","author":"dpc","date":"3 mai 2020","format":false,"excerpt":"Voie Georges-Pompidou, Paris, 14 f\u00e9vrier 2020. Lonely Hollow Days Feeder","rel":"","context":"Dans &quot;DPC&quot;","block_context":{"text":"DPC","link":"https:\/\/www.wallendorff.com\/belogue\/category\/dpc\/"},"img":{"alt_text":"","src":"https:\/\/i0.wp.com\/www.wallendorff.com\/belogue\/wp-content\/uploads\/2020\/05\/20200503.jpg?resize=350%2C200&ssl=1","width":350,"height":200,"srcset":"https:\/\/i0.wp.com\/www.wallendorff.com\/belogue\/wp-content\/uploads\/2020\/05\/20200503.jpg?resize=350%2C200&ssl=1 1x, https:\/\/i0.wp.com\/www.wallendorff.com\/belogue\/wp-content\/uploads\/2020\/05\/20200503.jpg?resize=525%2C300&ssl=1 1.5x, https:\/\/i0.wp.com\/www.wallendorff.com\/belogue\/wp-content\/uploads\/2020\/05\/20200503.jpg?resize=700%2C400&ssl=1 2x, https:\/\/i0.wp.com\/www.wallendorff.com\/belogue\/wp-content\/uploads\/2020\/05\/20200503.jpg?resize=1050%2C600&ssl=1 3x"},"classes":[]},{"id":34091,"url":"https:\/\/www.wallendorff.com\/belogue\/2017\/05\/24\/into-the-wide-96\/","url_meta":{"origin":123995,"position":4},"title":"Into the wide #96.","author":"dpc","date":"24 mai 2017","format":false,"excerpt":"Voie George-Pompidou, Paris, 5 avril. Hey Banana BNQT","rel":"","context":"Dans &quot;Into the wide&quot;","block_context":{"text":"Into the wide","link":"https:\/\/www.wallendorff.com\/belogue\/category\/into-the-wide\/"},"img":{"alt_text":"","src":"https:\/\/i0.wp.com\/www.wallendorff.com\/belogue\/wp-content\/uploads\/2017\/05\/20170524.jpg?resize=350%2C200&ssl=1","width":350,"height":200,"srcset":"https:\/\/i0.wp.com\/www.wallendorff.com\/belogue\/wp-content\/uploads\/2017\/05\/20170524.jpg?resize=350%2C200&ssl=1 1x, https:\/\/i0.wp.com\/www.wallendorff.com\/belogue\/wp-content\/uploads\/2017\/05\/20170524.jpg?resize=525%2C300&ssl=1 1.5x, https:\/\/i0.wp.com\/www.wallendorff.com\/belogue\/wp-content\/uploads\/2017\/05\/20170524.jpg?resize=700%2C400&ssl=1 2x, https:\/\/i0.wp.com\/www.wallendorff.com\/belogue\/wp-content\/uploads\/2017\/05\/20170524.jpg?resize=1050%2C600&ssl=1 3x"},"classes":[]},{"id":45908,"url":"https:\/\/www.wallendorff.com\/belogue\/2020\/06\/23\/into-the-wide-200\/","url_meta":{"origin":123995,"position":5},"title":"Into the wide #200.","author":"dpc","date":"23 juin 2020","format":false,"excerpt":"Voie Georges-Pompidou, Paris, 10 mars 2020. Et puisque qu'il s'agit du 200e \u2013\u00a0c'est la premi\u00e8re fois que j'emm\u00e8ne une s\u00e9rie si loin, d'ailleurs, And Counting mise \u00e0 part\u00a0\u2013, je vous ai pr\u00e9par\u00e9 ci-dessous un petit floril\u00e8ge de mes 20 pr\u00e9f\u00e9r\u00e9s. La s\u00e9rie compl\u00e8te, quant \u00e0 elle, est disponible par l\u00e0.\u2026","rel":"","context":"Dans &quot;Into the wide&quot;","block_context":{"text":"Into the wide","link":"https:\/\/www.wallendorff.com\/belogue\/category\/into-the-wide\/"},"img":{"alt_text":"","src":"https:\/\/i0.wp.com\/www.wallendorff.com\/belogue\/wp-content\/uploads\/2020\/06\/20200623.jpg?resize=350%2C200&ssl=1","width":350,"height":200,"srcset":"https:\/\/i0.wp.com\/www.wallendorff.com\/belogue\/wp-content\/uploads\/2020\/06\/20200623.jpg?resize=350%2C200&ssl=1 1x, https:\/\/i0.wp.com\/www.wallendorff.com\/belogue\/wp-content\/uploads\/2020\/06\/20200623.jpg?resize=525%2C300&ssl=1 1.5x, https:\/\/i0.wp.com\/www.wallendorff.com\/belogue\/wp-content\/uploads\/2020\/06\/20200623.jpg?resize=700%2C400&ssl=1 2x, https:\/\/i0.wp.com\/www.wallendorff.com\/belogue\/wp-content\/uploads\/2020\/06\/20200623.jpg?resize=1050%2C600&ssl=1 3x"},"classes":[]}],"_links":{"self":[{"href":"https:\/\/www.wallendorff.com\/belogue\/wp-json\/wp\/v2\/posts\/123995","targetHints":{"allow":["GET"]}}],"collection":[{"href":"https:\/\/www.wallendorff.com\/belogue\/wp-json\/wp\/v2\/posts"}],"about":[{"href":"https:\/\/www.wallendorff.com\/belogue\/wp-json\/wp\/v2\/types\/post"}],"author":[{"embeddable":true,"href":"https:\/\/www.wallendorff.com\/belogue\/wp-json\/wp\/v2\/users\/1"}],"replies":[{"embeddable":true,"href":"https:\/\/www.wallendorff.com\/belogue\/wp-json\/wp\/v2\/comments?post=123995"}],"version-history":[{"count":12,"href":"https:\/\/www.wallendorff.com\/belogue\/wp-json\/wp\/v2\/posts\/123995\/revisions"}],"predecessor-version":[{"id":124008,"href":"https:\/\/www.wallendorff.com\/belogue\/wp-json\/wp\/v2\/posts\/123995\/revisions\/124008"}],"wp:featuredmedia":[{"embeddable":true,"href":"https:\/\/www.wallendorff.com\/belogue\/wp-json\/wp\/v2\/media\/124002"}],"wp:attachment":[{"href":"https:\/\/www.wallendorff.com\/belogue\/wp-json\/wp\/v2\/media?parent=123995"}],"wp:term":[{"taxonomy":"category","embeddable":true,"href":"https:\/\/www.wallendorff.com\/belogue\/wp-json\/wp\/v2\/categories?post=123995"},{"taxonomy":"post_tag","embeddable":true,"href":"https:\/\/www.wallendorff.com\/belogue\/wp-json\/wp\/v2\/tags?post=123995"}],"curies":[{"name":"wp","href":"https:\/\/api.w.org\/{rel}","templated":true}]}}