{"id":123976,"date":"2023-03-08T16:44:48","date_gmt":"2023-03-08T14:44:48","guid":{"rendered":"https:\/\/www.wallendorff.com\/belogue\/?p=123976"},"modified":"2023-03-08T17:25:21","modified_gmt":"2023-03-08T15:25:21","slug":"arc-et-type","status":"publish","type":"post","link":"https:\/\/www.wallendorff.com\/belogue\/2023\/03\/08\/arc-et-type\/","title":{"rendered":"Arc et type."},"content":{"rendered":"\t\t<div data-elementor-type=\"wp-post\" data-elementor-id=\"123976\" class=\"elementor elementor-123976\" data-elementor-post-type=\"post\">\n\t\t\t\t\t\t<section class=\"elementor-section elementor-top-section elementor-element elementor-element-7bbd62f elementor-section-boxed elementor-section-height-default elementor-section-height-default\" data-id=\"7bbd62f\" data-element_type=\"section\" data-e-type=\"section\">\n\t\t\t\t\t\t<div class=\"elementor-container elementor-column-gap-default\">\n\t\t\t\t\t<div class=\"elementor-column elementor-col-100 elementor-top-column elementor-element elementor-element-7a479fb\" data-id=\"7a479fb\" data-element_type=\"column\" data-e-type=\"column\">\n\t\t\t<div class=\"elementor-widget-wrap elementor-element-populated\">\n\t\t\t\t\t\t<div class=\"elementor-element elementor-element-ed6c9bf elementor-widget elementor-widget-text-editor\" data-id=\"ed6c9bf\" data-element_type=\"widget\" data-e-type=\"widget\" data-widget_type=\"text-editor.default\">\n\t\t\t\t<div class=\"elementor-widget-container\">\n\t\t\t\t\t\t\t\t\t<div id=\"photo\">\n\n<img decoding=\"async\" src=\"https:\/\/www.wallendorff.com\/belogue\/wp-content\/uploads\/2023\/03\/20230308.jpg\" \/>\nPlace Charles-de-Gaulle, Paris, 15 janvier 2023.\n\n<\/div>\t\t\t\t\t\t\t\t<\/div>\n\t\t\t\t<\/div>\n\t\t\t\t\t<\/div>\n\t\t<\/div>\n\t\t\t\t\t<\/div>\n\t\t<\/section>\n\t\t\t\t<section class=\"elementor-section elementor-top-section elementor-element elementor-element-d352968 elementor-section-boxed elementor-section-height-default elementor-section-height-default\" data-id=\"d352968\" data-element_type=\"section\" data-e-type=\"section\">\n\t\t\t\t\t\t<div class=\"elementor-container elementor-column-gap-default\">\n\t\t\t\t\t<div class=\"elementor-column elementor-col-100 elementor-top-column elementor-element elementor-element-0b4774a\" data-id=\"0b4774a\" data-element_type=\"column\" data-e-type=\"column\">\n\t\t\t<div class=\"elementor-widget-wrap\">\n\t\t\t\t\t\t\t<\/div>\n\t\t<\/div>\n\t\t\t\t\t<\/div>\n\t\t<\/section>\n\t\t\t\t<\/div>\n\t\t","protected":false},"excerpt":{"rendered":"<p>Place Charles-de-Gaulle, Paris, 15 janvier 2023.<\/p>\n","protected":false},"author":1,"featured_media":123978,"comment_status":"open","ping_status":"open","sticky":false,"template":"","format":"standard","meta":{"_acf_changed":false,"ngg_post_thumbnail":0,"jetpack_post_was_ever_published":false,"_jetpack_newsletter_access":"","_jetpack_dont_email_post_to_subs":false,"_jetpack_newsletter_tier_id":0,"_jetpack_memberships_contains_paywalled_content":false,"_jetpack_memberships_contains_paid_content":false,"footnotes":"","jetpack_publicize_message":"","jetpack_publicize_feature_enabled":true,"jetpack_social_post_already_shared":true,"jetpack_social_options":{"image_generator_settings":{"template":"highway","default_image_id":0,"font":"","enabled":false},"version":2}},"categories":[7654],"tags":[10237,708,8016,11022,10311,10120,18290,10121,10098,5416,10262,14274],"class_list":["post-123976","post","type-post","status-publish","format-standard","has-post-thumbnail","hentry","category-dpc-en","tag-10237","tag-arc-de-triomphe","tag-arc-de-triomphe-de-letoile","tag-coucher-de-soleil","tag-dos","tag-france","tag-fujifilm-x-t5","tag-ile-de-france","tag-paris","tag-place-charles-de-gaulle","tag-reflet","tag-samyang-8-mm-f2-8-umc-fisheye-ii"],"acf":[],"geo":{"latitude":48.8733749,"longitude":2.2962499,"description":"Paris 08, \u00cele-de-France, 75008, FR"},"jetpack_publicize_connections":[],"jetpack_featured_media_url":"https:\/\/www.wallendorff.com\/belogue\/wp-content\/uploads\/2023\/03\/20230308.jpg","jetpack_shortlink":"https:\/\/wp.me\/p3b35P-wfC","jetpack_sharing_enabled":true,"jetpack-related-posts":[{"id":45699,"url":"https:\/\/www.wallendorff.com\/belogue\/2020\/05\/09\/into-the-wide-195\/","url_meta":{"origin":123976,"position":0},"title":"Into the wide #195.","author":"dpc","date":"9 mai 2020","format":false,"excerpt":"Place Charles-de-Gaulle, Paris, 17 f\u00e9vrier 2020. Help Me Stranger The Raconteurs","rel":"","context":"Dans &quot;Into the wide&quot;","block_context":{"text":"Into the wide","link":"https:\/\/www.wallendorff.com\/belogue\/category\/into-the-wide\/"},"img":{"alt_text":"","src":"https:\/\/i0.wp.com\/www.wallendorff.com\/belogue\/wp-content\/uploads\/2020\/05\/20200509.jpg?resize=350%2C200&ssl=1","width":350,"height":200,"srcset":"https:\/\/i0.wp.com\/www.wallendorff.com\/belogue\/wp-content\/uploads\/2020\/05\/20200509.jpg?resize=350%2C200&ssl=1 1x, https:\/\/i0.wp.com\/www.wallendorff.com\/belogue\/wp-content\/uploads\/2020\/05\/20200509.jpg?resize=525%2C300&ssl=1 1.5x, https:\/\/i0.wp.com\/www.wallendorff.com\/belogue\/wp-content\/uploads\/2020\/05\/20200509.jpg?resize=700%2C400&ssl=1 2x, https:\/\/i0.wp.com\/www.wallendorff.com\/belogue\/wp-content\/uploads\/2020\/05\/20200509.jpg?resize=1050%2C600&ssl=1 3x"},"classes":[]},{"id":21690,"url":"https:\/\/www.wallendorff.com\/belogue\/2013\/09\/30\/darc-side\/","url_meta":{"origin":123976,"position":1},"title":"D&rsquo;arc side.","author":"dpc","date":"30 septembre 2013","format":false,"excerpt":"Place Charles-de-Gaulle, Paris, 14 ao\u00fbt. For AnyoneStar Anna","rel":"","context":"Dans &quot;DPC&quot;","block_context":{"text":"DPC","link":"https:\/\/www.wallendorff.com\/belogue\/category\/dpc\/"},"img":{"alt_text":"","src":"https:\/\/i0.wp.com\/www.wallendorff.com\/belogue\/wp-content\/uploads\/2015\/04\/201309301.jpg?resize=350%2C200&ssl=1","width":350,"height":200,"srcset":"https:\/\/i0.wp.com\/www.wallendorff.com\/belogue\/wp-content\/uploads\/2015\/04\/201309301.jpg?resize=350%2C200&ssl=1 1x, https:\/\/i0.wp.com\/www.wallendorff.com\/belogue\/wp-content\/uploads\/2015\/04\/201309301.jpg?resize=525%2C300&ssl=1 1.5x, https:\/\/i0.wp.com\/www.wallendorff.com\/belogue\/wp-content\/uploads\/2015\/04\/201309301.jpg?resize=700%2C400&ssl=1 2x"},"classes":[]},{"id":46646,"url":"https:\/\/www.wallendorff.com\/belogue\/2020\/09\/02\/larche-moi-la-grappe\/","url_meta":{"origin":123976,"position":2},"title":"L&rsquo;Arche (moi la grappe).","author":"dpc","date":"2 septembre 2020","format":false,"excerpt":"Place Charles-de-Gaulle, Paris, 12 juin 2020. Salt & the Sea The Lumineers","rel":"","context":"Dans &quot;DPC&quot;","block_context":{"text":"DPC","link":"https:\/\/www.wallendorff.com\/belogue\/category\/dpc\/"},"img":{"alt_text":"","src":"https:\/\/i0.wp.com\/www.wallendorff.com\/belogue\/wp-content\/uploads\/2020\/09\/20200902.jpg?resize=350%2C200&ssl=1","width":350,"height":200,"srcset":"https:\/\/i0.wp.com\/www.wallendorff.com\/belogue\/wp-content\/uploads\/2020\/09\/20200902.jpg?resize=350%2C200&ssl=1 1x, https:\/\/i0.wp.com\/www.wallendorff.com\/belogue\/wp-content\/uploads\/2020\/09\/20200902.jpg?resize=525%2C300&ssl=1 1.5x, https:\/\/i0.wp.com\/www.wallendorff.com\/belogue\/wp-content\/uploads\/2020\/09\/20200902.jpg?resize=700%2C400&ssl=1 2x, https:\/\/i0.wp.com\/www.wallendorff.com\/belogue\/wp-content\/uploads\/2020\/09\/20200902.jpg?resize=1050%2C600&ssl=1 3x"},"classes":[]},{"id":14761,"url":"https:\/\/www.wallendorff.com\/belogue\/2011\/12\/14\/etoile-filee\/","url_meta":{"origin":123976,"position":3},"title":"\u00c9toile fil\u00e9e.","author":"dpc","date":"14 d\u00e9cembre 2011","format":false,"excerpt":"Place Charles-de-Gaulle, Paris, 12 octobre. UNKLE \u2013 Nursery Rhyme \/ Breather (feat. Badly Drawn Boy) [youtube]http:\/\/www.youtube.com\/watch?v=1TccqNSzskI[\/youtube]","rel":"","context":"Dans &quot;DPC&quot;","block_context":{"text":"DPC","link":"https:\/\/www.wallendorff.com\/belogue\/category\/dpc\/"},"img":{"alt_text":"","src":"https:\/\/i0.wp.com\/www.wallendorff.com\/belogue\/wp-content\/uploads\/2015\/04\/201112141.jpg?resize=350%2C200&ssl=1","width":350,"height":200,"srcset":"https:\/\/i0.wp.com\/www.wallendorff.com\/belogue\/wp-content\/uploads\/2015\/04\/201112141.jpg?resize=350%2C200&ssl=1 1x, https:\/\/i0.wp.com\/www.wallendorff.com\/belogue\/wp-content\/uploads\/2015\/04\/201112141.jpg?resize=525%2C300&ssl=1 1.5x, https:\/\/i0.wp.com\/www.wallendorff.com\/belogue\/wp-content\/uploads\/2015\/04\/201112141.jpg?resize=700%2C400&ssl=1 2x"},"classes":[]},{"id":48249,"url":"https:\/\/www.wallendorff.com\/belogue\/2021\/04\/16\/flarque-de-triomphque\/","url_meta":{"origin":123976,"position":4},"title":"Flarque de triomphque","author":"dpc","date":"16 avril 2021","format":false,"excerpt":"Place Charles-de-Gaulle, Paris, 7 janvier 2021. Nobody Wants a Lonely Heart (Arthur Russell cover) Muzz\u00a0","rel":"","context":"Dans &quot;DPC&quot;","block_context":{"text":"DPC","link":"https:\/\/www.wallendorff.com\/belogue\/category\/dpc\/"},"img":{"alt_text":"","src":"https:\/\/i0.wp.com\/www.wallendorff.com\/belogue\/wp-content\/uploads\/2021\/04\/20210416.jpg?resize=350%2C200&ssl=1","width":350,"height":200,"srcset":"https:\/\/i0.wp.com\/www.wallendorff.com\/belogue\/wp-content\/uploads\/2021\/04\/20210416.jpg?resize=350%2C200&ssl=1 1x, https:\/\/i0.wp.com\/www.wallendorff.com\/belogue\/wp-content\/uploads\/2021\/04\/20210416.jpg?resize=525%2C300&ssl=1 1.5x, https:\/\/i0.wp.com\/www.wallendorff.com\/belogue\/wp-content\/uploads\/2021\/04\/20210416.jpg?resize=700%2C400&ssl=1 2x"},"classes":[]},{"id":123987,"url":"https:\/\/www.wallendorff.com\/belogue\/2023\/03\/13\/darc-waters\/","url_meta":{"origin":123976,"position":5},"title":"D&rsquo;arc waters.","author":"dpc","date":"13 mars 2023","format":false,"excerpt":"Place Charles-de-Gaulle, Paris, 15 janvier 2023.","rel":"","context":"Dans &quot;DPC&quot;","block_context":{"text":"DPC","link":"https:\/\/www.wallendorff.com\/belogue\/category\/dpc-en\/"},"img":{"alt_text":"","src":"https:\/\/i0.wp.com\/www.wallendorff.com\/belogue\/wp-content\/uploads\/2023\/03\/20230313.jpg?resize=350%2C200&ssl=1","width":350,"height":200,"srcset":"https:\/\/i0.wp.com\/www.wallendorff.com\/belogue\/wp-content\/uploads\/2023\/03\/20230313.jpg?resize=350%2C200&ssl=1 1x, https:\/\/i0.wp.com\/www.wallendorff.com\/belogue\/wp-content\/uploads\/2023\/03\/20230313.jpg?resize=525%2C300&ssl=1 1.5x, https:\/\/i0.wp.com\/www.wallendorff.com\/belogue\/wp-content\/uploads\/2023\/03\/20230313.jpg?resize=700%2C400&ssl=1 2x, https:\/\/i0.wp.com\/www.wallendorff.com\/belogue\/wp-content\/uploads\/2023\/03\/20230313.jpg?resize=1050%2C600&ssl=1 3x"},"classes":[]}],"_links":{"self":[{"href":"https:\/\/www.wallendorff.com\/belogue\/wp-json\/wp\/v2\/posts\/123976","targetHints":{"allow":["GET"]}}],"collection":[{"href":"https:\/\/www.wallendorff.com\/belogue\/wp-json\/wp\/v2\/posts"}],"about":[{"href":"https:\/\/www.wallendorff.com\/belogue\/wp-json\/wp\/v2\/types\/post"}],"author":[{"embeddable":true,"href":"https:\/\/www.wallendorff.com\/belogue\/wp-json\/wp\/v2\/users\/1"}],"replies":[{"embeddable":true,"href":"https:\/\/www.wallendorff.com\/belogue\/wp-json\/wp\/v2\/comments?post=123976"}],"version-history":[{"count":8,"href":"https:\/\/www.wallendorff.com\/belogue\/wp-json\/wp\/v2\/posts\/123976\/revisions"}],"predecessor-version":[{"id":123985,"href":"https:\/\/www.wallendorff.com\/belogue\/wp-json\/wp\/v2\/posts\/123976\/revisions\/123985"}],"wp:featuredmedia":[{"embeddable":true,"href":"https:\/\/www.wallendorff.com\/belogue\/wp-json\/wp\/v2\/media\/123978"}],"wp:attachment":[{"href":"https:\/\/www.wallendorff.com\/belogue\/wp-json\/wp\/v2\/media?parent=123976"}],"wp:term":[{"taxonomy":"category","embeddable":true,"href":"https:\/\/www.wallendorff.com\/belogue\/wp-json\/wp\/v2\/categories?post=123976"},{"taxonomy":"post_tag","embeddable":true,"href":"https:\/\/www.wallendorff.com\/belogue\/wp-json\/wp\/v2\/tags?post=123976"}],"curies":[{"name":"wp","href":"https:\/\/api.w.org\/{rel}","templated":true}]}}