{"id":123968,"date":"2023-03-06T18:26:30","date_gmt":"2023-03-06T16:26:30","guid":{"rendered":"https:\/\/www.wallendorff.com\/belogue\/?p=123968"},"modified":"2023-03-06T18:30:18","modified_gmt":"2023-03-06T16:30:18","slug":"cest-fou-comme-letang-passe","status":"publish","type":"post","link":"https:\/\/www.wallendorff.com\/belogue\/2023\/03\/06\/cest-fou-comme-letang-passe\/","title":{"rendered":"C&rsquo;est fou comme l&rsquo;\u00e9tang passe."},"content":{"rendered":"\t\t<div data-elementor-type=\"wp-post\" data-elementor-id=\"123968\" class=\"elementor elementor-123968\" data-elementor-post-type=\"post\">\n\t\t\t\t\t\t<section class=\"elementor-section elementor-top-section elementor-element elementor-element-7bbd62f elementor-section-boxed elementor-section-height-default elementor-section-height-default\" data-id=\"7bbd62f\" data-element_type=\"section\" data-e-type=\"section\">\n\t\t\t\t\t\t<div class=\"elementor-container elementor-column-gap-default\">\n\t\t\t\t\t<div class=\"elementor-column elementor-col-100 elementor-top-column elementor-element elementor-element-7a479fb\" data-id=\"7a479fb\" data-element_type=\"column\" data-e-type=\"column\">\n\t\t\t<div class=\"elementor-widget-wrap elementor-element-populated\">\n\t\t\t\t\t\t<div class=\"elementor-element elementor-element-ed6c9bf elementor-widget elementor-widget-text-editor\" data-id=\"ed6c9bf\" data-element_type=\"widget\" data-e-type=\"widget\" data-widget_type=\"text-editor.default\">\n\t\t\t\t<div class=\"elementor-widget-container\">\n\t\t\t\t\t\t\t\t\t<div id=\"photo\">\n\n<img decoding=\"async\" src=\"https:\/\/www.wallendorff.com\/belogue\/wp-content\/uploads\/2023\/03\/20230306.jpg\" \/>\nRue des Murs, Metz, 28 d\u00e9cembre 2022.\n\n<\/div>\t\t\t\t\t\t\t\t<\/div>\n\t\t\t\t<\/div>\n\t\t\t\t\t<\/div>\n\t\t<\/div>\n\t\t\t\t\t<\/div>\n\t\t<\/section>\n\t\t\t\t<section class=\"elementor-section elementor-top-section elementor-element elementor-element-d352968 elementor-section-boxed elementor-section-height-default elementor-section-height-default\" data-id=\"d352968\" data-element_type=\"section\" data-e-type=\"section\">\n\t\t\t\t\t\t<div class=\"elementor-container elementor-column-gap-default\">\n\t\t\t\t\t<div class=\"elementor-column elementor-col-100 elementor-top-column elementor-element elementor-element-0b4774a\" data-id=\"0b4774a\" data-element_type=\"column\" data-e-type=\"column\">\n\t\t\t<div class=\"elementor-widget-wrap\">\n\t\t\t\t\t\t\t<\/div>\n\t\t<\/div>\n\t\t\t\t\t<\/div>\n\t\t<\/section>\n\t\t\t\t<\/div>\n\t\t","protected":false},"excerpt":{"rendered":"<p>Rue des Murs, Metz, 28 d\u00e9cembre 2022.<\/p>\n","protected":false},"author":1,"featured_media":123971,"comment_status":"open","ping_status":"open","sticky":false,"template":"","format":"standard","meta":{"_acf_changed":false,"ngg_post_thumbnail":0,"jetpack_post_was_ever_published":false,"_jetpack_newsletter_access":"","_jetpack_dont_email_post_to_subs":false,"_jetpack_newsletter_tier_id":0,"_jetpack_memberships_contains_paywalled_content":false,"_jetpack_memberships_contains_paid_content":false,"footnotes":"","jetpack_publicize_message":"","jetpack_publicize_feature_enabled":true,"jetpack_social_post_already_shared":true,"jetpack_social_options":{"image_generator_settings":{"template":"highway","default_image_id":0,"font":"","enabled":false},"version":2}},"categories":[7654],"tags":[11022,10217,10120,18290,14272,11676,10667,11678,10175,10485,10592,10218],"class_list":["post-123968","post","type-post","status-publish","format-standard","has-post-thumbnail","hentry","category-dpc-en","tag-coucher-de-soleil","tag-foret","tag-france","tag-fujifilm-x-t5","tag-fujinon-xf-18-55-mm-f2-8-4-r-lm-ois","tag-gerardmer","tag-lac","tag-lac-de-gerardmer","tag-lorraine","tag-maison","tag-pose-longue","tag-vosges"],"acf":[],"geo":{"latitude":48.0696831,"longitude":6.8667555,"description":"G\u00e9rardmer, Grand Est, 88400, FR"},"jetpack_publicize_connections":[],"jetpack_featured_media_url":"https:\/\/www.wallendorff.com\/belogue\/wp-content\/uploads\/2023\/03\/20230306.jpg","jetpack_shortlink":"https:\/\/wp.me\/p3b35P-wfu","jetpack_sharing_enabled":true,"jetpack-related-posts":[{"id":21976,"url":"https:\/\/www.wallendorff.com\/belogue\/2013\/11\/08\/lac-placide\/","url_meta":{"origin":123968,"position":0},"title":"Lac placide.","author":"dpc","date":"8 novembre 2013","format":false,"excerpt":"G\u00e9rardmer, 15 septembre. I Dreamt Blues Vikesh Kapoor","rel":"","context":"Dans &quot;DPC&quot;","block_context":{"text":"DPC","link":"https:\/\/www.wallendorff.com\/belogue\/category\/dpc\/"},"img":{"alt_text":"","src":"https:\/\/i0.wp.com\/www.wallendorff.com\/belogue\/wp-content\/uploads\/2015\/04\/201311081.jpg?resize=350%2C200&ssl=1","width":350,"height":200,"srcset":"https:\/\/i0.wp.com\/www.wallendorff.com\/belogue\/wp-content\/uploads\/2015\/04\/201311081.jpg?resize=350%2C200&ssl=1 1x, https:\/\/i0.wp.com\/www.wallendorff.com\/belogue\/wp-content\/uploads\/2015\/04\/201311081.jpg?resize=525%2C300&ssl=1 1.5x, https:\/\/i0.wp.com\/www.wallendorff.com\/belogue\/wp-content\/uploads\/2015\/04\/201311081.jpg?resize=700%2C400&ssl=1 2x"},"classes":[]},{"id":21715,"url":"https:\/\/www.wallendorff.com\/belogue\/2013\/09\/30\/septembre-2013\/","url_meta":{"origin":123968,"position":1},"title":"Septembre 2013.","author":"dpc","date":"30 septembre 2013","format":false,"excerpt":"Un gros fil, des tentes, une expo, du graf, des poses longues, boire, des saucisses-momies, une gare, un graouilly, des b\u00e9rets, un mariage, un concert dans un fumoir, un concert dans une p\u00e9niche, boire, un lapin bourr\u00e9, un d\u00e9m\u00e9nagement, un concert dans un balcon, un grand retour, Cali (est super\u2026","rel":"","context":"Dans &quot;Blog-note&quot;","block_context":{"text":"Blog-note","link":"https:\/\/www.wallendorff.com\/belogue\/category\/blog-note\/"},"img":{"alt_text":"","src":"https:\/\/i0.wp.com\/www.wallendorff.com\/belogue\/wp-content\/uploads\/2015\/04\/20131003-241.jpg?resize=350%2C200&ssl=1","width":350,"height":200,"srcset":"https:\/\/i0.wp.com\/www.wallendorff.com\/belogue\/wp-content\/uploads\/2015\/04\/20131003-241.jpg?resize=350%2C200&ssl=1 1x, https:\/\/i0.wp.com\/www.wallendorff.com\/belogue\/wp-content\/uploads\/2015\/04\/20131003-241.jpg?resize=525%2C300&ssl=1 1.5x, https:\/\/i0.wp.com\/www.wallendorff.com\/belogue\/wp-content\/uploads\/2015\/04\/20131003-241.jpg?resize=700%2C400&ssl=1 2x"},"classes":[]},{"id":22858,"url":"https:\/\/www.wallendorff.com\/belogue\/2014\/06\/01\/dix-ans-au-bord-de-leau\/","url_meta":{"origin":123968,"position":2},"title":"Dix ans au bord de l&rsquo;eau.","author":"dpc","date":"1 juin 2014","format":false,"excerpt":"10 ans de contemplation et de mers calmes. 10 ans de plage et d'\u00e9t\u00e9s mouill\u00e9s. 10 ans \u00e0 regarder loin devant soi. Be quiet and dive. Orchard Lake, West Bloomfield, 24 septembre 2004. \u00a0 Quatre gla\u00e7ons dans le vent Lac Sainte-Claire, D\u00e9troit, 8 janvier 2005. \u00a0 Digue\u00a0! H\u00f8norbrygga, R\u00e5dhusplassen, Oslo,\u2026","rel":"","context":"Dans &quot;DPC&quot;","block_context":{"text":"DPC","link":"https:\/\/www.wallendorff.com\/belogue\/category\/dpc\/"},"img":{"alt_text":"","src":"https:\/\/i0.wp.com\/www.wallendorff.com\/belogue\/wp-content\/uploads\/2015\/04\/201208033.jpg?resize=350%2C200&ssl=1","width":350,"height":200,"srcset":"https:\/\/i0.wp.com\/www.wallendorff.com\/belogue\/wp-content\/uploads\/2015\/04\/201208033.jpg?resize=350%2C200&ssl=1 1x, https:\/\/i0.wp.com\/www.wallendorff.com\/belogue\/wp-content\/uploads\/2015\/04\/201208033.jpg?resize=525%2C300&ssl=1 1.5x, https:\/\/i0.wp.com\/www.wallendorff.com\/belogue\/wp-content\/uploads\/2015\/04\/201208033.jpg?resize=700%2C400&ssl=1 2x"},"classes":[]},{"id":110630,"url":"https:\/\/www.wallendorff.com\/belogue\/2023\/01\/31\/janvier-2023\/","url_meta":{"origin":123968,"position":3},"title":"Janvier 2023.","author":"dpc","date":"31 janvier 2023","format":false,"excerpt":"Un r\u00e9veillon, un lac, une autoroute, un ap\u00e9ro, un gros chausson, un sapin de No\u00ebl, des photographes, une fin de spectacle, des pipes, un m\u00e9tro, des tours Eiffel en plastique, un mus\u00e9e, une passerelle, un violoncelle, un escalier, une \u00e9glise, un tigre douillet, un no\u00ebl du livre, un graffiti, une\u2026","rel":"","context":"Dans &quot;Blog-note&quot;","block_context":{"text":"Blog-note","link":"https:\/\/www.wallendorff.com\/belogue\/category\/blog-note\/"},"img":{"alt_text":"","src":"https:\/\/i0.wp.com\/www.wallendorff.com\/belogue\/wp-content\/uploads\/2023\/02\/20230215-62.jpg?resize=350%2C200&ssl=1","width":350,"height":200,"srcset":"https:\/\/i0.wp.com\/www.wallendorff.com\/belogue\/wp-content\/uploads\/2023\/02\/20230215-62.jpg?resize=350%2C200&ssl=1 1x, https:\/\/i0.wp.com\/www.wallendorff.com\/belogue\/wp-content\/uploads\/2023\/02\/20230215-62.jpg?resize=525%2C300&ssl=1 1.5x, https:\/\/i0.wp.com\/www.wallendorff.com\/belogue\/wp-content\/uploads\/2023\/02\/20230215-62.jpg?resize=700%2C400&ssl=1 2x, https:\/\/i0.wp.com\/www.wallendorff.com\/belogue\/wp-content\/uploads\/2023\/02\/20230215-62.jpg?resize=1050%2C600&ssl=1 3x"},"classes":[]},{"id":128543,"url":"https:\/\/www.wallendorff.com\/belogue\/2024\/06\/21\/cetait-2013\/","url_meta":{"origin":123968,"position":4},"title":"C&rsquo;\u00e9tait 2013.","author":"dpc","date":"21 juin 2024","format":false,"excerpt":"2013, perspectives. Paris, 11 janvier 2013. Black Rebel Motorcycle Club, Paris, 06 f\u00e9vrier 2013 Bloc Party @ le Z\u00e9nith, Paris, 20 f\u00e9vrier 2013 Paris, 26 f\u00e9vrier 2013. Roissy-en-France, 20 mai 2013. Haim, Paris, 02 juin 2013 Muse @ Stade de France, Saint-Denis, 21 juin 2013 Amanvillers, 23 juin 2013. Blur\u2026","rel":"","context":"Dans &quot;DPC&quot;","block_context":{"text":"DPC","link":"https:\/\/www.wallendorff.com\/belogue\/category\/dpc\/"},"img":{"alt_text":"","src":"https:\/\/i0.wp.com\/www.wallendorff.com\/belogue\/wp-content\/uploads\/2024\/06\/20240621-08.jpg?resize=350%2C200&ssl=1","width":350,"height":200,"srcset":"https:\/\/i0.wp.com\/www.wallendorff.com\/belogue\/wp-content\/uploads\/2024\/06\/20240621-08.jpg?resize=350%2C200&ssl=1 1x, https:\/\/i0.wp.com\/www.wallendorff.com\/belogue\/wp-content\/uploads\/2024\/06\/20240621-08.jpg?resize=525%2C300&ssl=1 1.5x, https:\/\/i0.wp.com\/www.wallendorff.com\/belogue\/wp-content\/uploads\/2024\/06\/20240621-08.jpg?resize=700%2C400&ssl=1 2x, https:\/\/i0.wp.com\/www.wallendorff.com\/belogue\/wp-content\/uploads\/2024\/06\/20240621-08.jpg?resize=1050%2C600&ssl=1 3x"},"classes":[]},{"id":22930,"url":"https:\/\/www.wallendorff.com\/belogue\/2014\/06\/09\/dix-ans-chez-les-bisounours\/","url_meta":{"origin":123968,"position":5},"title":"Dix ans chez les bisounours.","author":"dpc","date":"9 juin 2014","format":false,"excerpt":"Dix ans de conjugu\u00e9 et dix ans d'\u00e9v\u00e9nements, dont beaucoup en blanc. Il ne faut jamais dire \u00ab\u00a0j'aimais\u00a0\u00bb. Station Charles de Gaulle \u2014 \u00c9toile, Paris, 8 juin 2005. \u00a0 L'ar\u00f4me entiche. Palais Royal, Paris, 21 juillet 2005. \u00a0 Garde leste. Gare de l'Est, Paris, 27 ao\u00fbt 2006. \u00a0 We live\u2026","rel":"","context":"Dans &quot;DPC&quot;","block_context":{"text":"DPC","link":"https:\/\/www.wallendorff.com\/belogue\/category\/dpc\/"},"img":{"alt_text":"","src":"https:\/\/i0.wp.com\/www.wallendorff.com\/belogue\/wp-content\/uploads\/2015\/04\/201206133.jpg?resize=350%2C200&ssl=1","width":350,"height":200,"srcset":"https:\/\/i0.wp.com\/www.wallendorff.com\/belogue\/wp-content\/uploads\/2015\/04\/201206133.jpg?resize=350%2C200&ssl=1 1x, https:\/\/i0.wp.com\/www.wallendorff.com\/belogue\/wp-content\/uploads\/2015\/04\/201206133.jpg?resize=525%2C300&ssl=1 1.5x, https:\/\/i0.wp.com\/www.wallendorff.com\/belogue\/wp-content\/uploads\/2015\/04\/201206133.jpg?resize=700%2C400&ssl=1 2x"},"classes":[]}],"_links":{"self":[{"href":"https:\/\/www.wallendorff.com\/belogue\/wp-json\/wp\/v2\/posts\/123968","targetHints":{"allow":["GET"]}}],"collection":[{"href":"https:\/\/www.wallendorff.com\/belogue\/wp-json\/wp\/v2\/posts"}],"about":[{"href":"https:\/\/www.wallendorff.com\/belogue\/wp-json\/wp\/v2\/types\/post"}],"author":[{"embeddable":true,"href":"https:\/\/www.wallendorff.com\/belogue\/wp-json\/wp\/v2\/users\/1"}],"replies":[{"embeddable":true,"href":"https:\/\/www.wallendorff.com\/belogue\/wp-json\/wp\/v2\/comments?post=123968"}],"version-history":[{"count":6,"href":"https:\/\/www.wallendorff.com\/belogue\/wp-json\/wp\/v2\/posts\/123968\/revisions"}],"predecessor-version":[{"id":123975,"href":"https:\/\/www.wallendorff.com\/belogue\/wp-json\/wp\/v2\/posts\/123968\/revisions\/123975"}],"wp:featuredmedia":[{"embeddable":true,"href":"https:\/\/www.wallendorff.com\/belogue\/wp-json\/wp\/v2\/media\/123971"}],"wp:attachment":[{"href":"https:\/\/www.wallendorff.com\/belogue\/wp-json\/wp\/v2\/media?parent=123968"}],"wp:term":[{"taxonomy":"category","embeddable":true,"href":"https:\/\/www.wallendorff.com\/belogue\/wp-json\/wp\/v2\/categories?post=123968"},{"taxonomy":"post_tag","embeddable":true,"href":"https:\/\/www.wallendorff.com\/belogue\/wp-json\/wp\/v2\/tags?post=123968"}],"curies":[{"name":"wp","href":"https:\/\/api.w.org\/{rel}","templated":true}]}}